{"id":3469,"date":"2016-04-20T13:21:58","date_gmt":"2016-04-20T16:21:58","guid":{"rendered":"http:\/\/www.ctainternacionales.org\/?p=3469"},"modified":"2016-04-20T13:22:17","modified_gmt":"2016-04-20T16:22:17","slug":"multitudinaria-movilizacion-de-la-cta-autonoma-en-unidad-con-movimientos-sociales","status":"publish","type":"post","link":"https:\/\/ctainternacionales.org\/?p=3469","title":{"rendered":"Multitudinaria movilizaci\u00f3n de la CTA Aut\u00f3noma en unidad con movimientos sociales"},"content":{"rendered":"<p>Este mediod\u00eda, en el marco de la Jornada Nacional de lucha de la CTA Aut\u00f3noma, los sindicatos y organizaciones que integran la Central concentraron frente al Congreso de la Naci\u00f3n para confluir con la movilizaci\u00f3n de los movimientos sociales que marcharon desde Liniers. \u201cEl ajuste mata\u201d, dec\u00eda la bandera de arrastre que encabez\u00f3 la marcha.<!--more--><\/p>\n<p><a href=\"http:\/\/www.ctainternacionales.org\/wp-content\/uploads\/2016\/04\/12998193_10209775405727405_2813188927645328714_o.jpg\" rel=\"attachment wp-att-3470\"><img loading=\"lazy\" decoding=\"async\" class=\"aligncenter size-thumbnail wp-image-3470\" src=\"http:\/\/www.ctainternacionales.org\/wp-content\/uploads\/2016\/04\/12998193_10209775405727405_2813188927645328714_o-307x205.jpg\" alt=\"12998193_10209775405727405_2813188927645328714_o\" width=\"307\" height=\"205\" \/><\/a>Pese a la intensa lluvia, juntas internas, sindicatos y organizaciones, concentraron frente al Congreso, donde lleg\u00f3 una enorme columna de cooperativas de trabajo organizadas en movimientos sociales. La multitudinaria movilizaci\u00f3n march\u00f3 al Ministerio de Modernizaci\u00f3n, frente a Plaza de Mayo para exigir que se termine con los despidos, que se frene el ajuste y los tarifazos, entre las principales reivindicaciones.<\/p>\n<p>Una vez frente al Ministerio de Modernizaci\u00f3n, los movimientos sociales continuaron su marcha hacia el Ministerio de Trabajo, mientras que la CTA Aut\u00f3noma realiz\u00f3 un acto. \u201cNo al golpe en Brasil\u201d, areng\u00f3 Mirta Mateos en solidaridad con este pa\u00eds vecino que est\u00e1 siendo atacado por la derecha.<\/p>\n<p>Ricardo Peidro, Secretario Adjunto de la CTA, salud\u00f3 este gesto de unidad entre los trabajadores: \u201cEstamos en la calle, construyendo unidad donde debe construirse: en la lucha, en la pelea\u201d, dijo a la vez que reivindic\u00f3 la movilizaci\u00f3n conjunta.<\/p>\n<p>Tambi\u00e9n salud\u00f3 la lucha contra los despidos tanto en el \u00e1mbito privado como en el Estado nacional, provinciales y municipales: \u201cEste gobierno est\u00e1 dando luz verde para que se suspenda y despida a los compa\u00f1eros que trabajan en las empresas, para los grupos econ\u00f3micos que se llenaron de guita durante la dictadura, el menemismo y con el gobierno anterior\u201d, anim\u00f3 y termin\u00f3: \u201cEn este camino, indefectiblemente, la victoria ser\u00e1 de los trabajadores\u201d.<\/p>\n<p>En nombre de los Docentes, Investigadores y Creadores Universitarios, habl\u00f3 el secretario General de CONADU Hist\u00f3rica, Luis Tiscornia, quien cont\u00f3 sobre la lucha que est\u00e1 llevando adelante el sector en el marco de una paritaria sin propuestas por parte del Ministerio de Educaci\u00f3n: \u201cPor eso estamos convocando a un paro de toda la semana que viene en las universidades nacionales\u201d.<\/p>\n<p>\u201cTenemos que salir a defender la universidad p\u00fablica porque est\u00e1 en juego el destino del pa\u00eds. Un pa\u00eds sin ciencia, tecnolog\u00eda y educaci\u00f3n para formar a sus profesionales o universidades de salarios miserables, es un pa\u00eds sin futuro\u201d, denunci\u00f3 Tiscornia.<\/p>\n<p>La Central \u00danica de Trabajadores de Brasil se hizo presente en la movilizaci\u00f3n a trav\u00e9s del encargo de la Secretar\u00eda de Relaciones Internacionales, Ariovaldo Camargo, quien en portu\u00f1ol cont\u00f3 la situaci\u00f3n de su pa\u00eds: \u201cEl ajuste que quieren imponernos en Brasil, es el mismo de ac\u00e1; con recortes de salario, reforma previsional, despidos, recortes de derechos\u201d, dijo y llam\u00f3 a luchar en confraternidad con todos los trabajadores de Latinoam\u00e9rica.<\/p>\n<p>Luego fue el turno del secretario General de ATE y la CTA provincia de Buenos Aires, Oscar \u201cEl colo\u201d De Isasi, quien valor\u00f3 la lucha que llevan adelante los estatales contra el recorte y el ajuste en el Estado: \u201ccada vez tenemos m\u00e1s niveles de unidad con Judiciales, con los trabajadores de la salud, con los docentes. La lucha en la provincia de Buenos Aires crece y se unifica como en todo el pa\u00eds\u201d.<a href=\"http:\/\/www.ctainternacionales.org\/wp-content\/uploads\/2016\/04\/13055685_10209775415167641_1741188037912581832_o.jpg\" rel=\"attachment wp-att-3471\"><img loading=\"lazy\" decoding=\"async\" class=\"aligncenter size-thumbnail wp-image-3471\" src=\"http:\/\/www.ctainternacionales.org\/wp-content\/uploads\/2016\/04\/13055685_10209775415167641_1741188037912581832_o-307x205.jpg\" alt=\"13055685_10209775415167641_1741188037912581832_o\" width=\"307\" height=\"205\" \/><\/a><\/p>\n<p>De Isasi se refiri\u00f3 adem\u00e1s a las reincorporaciones conseguidas en la lucha, y aventur\u00f3: \u201cestamos orgullosos de la pelea que estamos dando y estamos comprometidos a seguir hasta que la totalidad de los trabajadores sean reincoporados\u201d, afirm\u00f3 y sostuvo: \u201cVamos a seguir peleando para que no haya m\u00e1s despidos, por el pase a planta permanente de los precarizados pero tambi\u00e9n nos comprometemos a pelear por un Estado al servicio de las mayor\u00edas populares\u201d.<\/p>\n<p>En una jornada que signific\u00f3 el tercer paro nacional de ATE en lo que va del a\u00f1o, cerr\u00f3 el acto Hugo \u201cCachorro\u201d Godoy, quien homenaje\u00f3 a Yolanda Mercedes, Melisa Bogarin y Esteban Latorre; \u201ctres trabajadores estatales murieron producto del ajuste del presidente Macri y la gobernadora Vidal\u201d, denunci\u00f3.<\/p>\n<p>\u201cMientras ellos cuentan sus cuentas offshore en para\u00edsos fiscales, los que mantenemos en funcionamiento el Estado, estamos contando muertos. Por eso, en homenaje a Yolanda, a Melisa y a Esteban decimos: No vamos a parar de pelear hasta frenar el ajuste\u201d, dijo \u201cCachorro\u201d en su sentido discurso y llam\u00f3 a la unidad de los trabajadores en la lucha: \u201cdebemos debatir democr\u00e1ticamente entre nosotros para construir m\u00e1s poder popular para defender nuestros derechos y los derechos de todo el pueblo argentino\u201d.<\/p>\n","protected":false},"excerpt":{"rendered":"Este mediod\u00eda, en el marco de la Jornada Nacional de lucha de la CTA Aut\u00f3noma, los sindicatos y organizaciones que integran la Central \n<a class=\"moretag\" href=\"https:\/\/ctainternacionales.org\/?p=3469\"> [...]<\/a>","protected":false},"author":1,"featured_media":0,"comment_status":"closed","ping_status":"closed","sticky":false,"template":"","format":"standard","meta":{"ngg_post_thumbnail":0,"footnotes":""},"categories":[],"tags":[],"class_list":["post-3469","post","type-post","status-publish","format-standard","hentry"],"_links":{"self":[{"href":"https:\/\/ctainternacionales.org\/index.php?rest_route=\/wp\/v2\/posts\/3469","targetHints":{"allow":["GET"]}}],"collection":[{"href":"https:\/\/ctainternacionales.org\/index.php?rest_route=\/wp\/v2\/posts"}],"about":[{"href":"https:\/\/ctainternacionales.org\/index.php?rest_route=\/wp\/v2\/types\/post"}],"author":[{"embeddable":true,"href":"https:\/\/ctainternacionales.org\/index.php?rest_route=\/wp\/v2\/users\/1"}],"replies":[{"embeddable":true,"href":"https:\/\/ctainternacionales.org\/index.php?rest_route=%2Fwp%2Fv2%2Fcomments&post=3469"}],"version-history":[{"count":1,"href":"https:\/\/ctainternacionales.org\/index.php?rest_route=\/wp\/v2\/posts\/3469\/revisions"}],"predecessor-version":[{"id":3473,"href":"https:\/\/ctainternacionales.org\/index.php?rest_route=\/wp\/v2\/posts\/3469\/revisions\/3473"}],"wp:attachment":[{"href":"https:\/\/ctainternacionales.org\/index.php?rest_route=%2Fwp%2Fv2%2Fmedia&parent=3469"}],"wp:term":[{"taxonomy":"category","embeddable":true,"href":"https:\/\/ctainternacionales.org\/index.php?rest_route=%2Fwp%2Fv2%2Fcategories&post=3469"},{"taxonomy":"post_tag","embeddable":true,"href":"https:\/\/ctainternacionales.org\/index.php?rest_route=%2Fwp%2Fv2%2Ftags&post=3469"}],"curies":[{"name":"wp","href":"https:\/\/api.w.org\/{rel}","templated":true}]}}