{"id":3466,"date":"2016-04-20T13:14:56","date_gmt":"2016-04-20T16:14:56","guid":{"rendered":"http:\/\/www.ctainternacionales.org\/?p=3466"},"modified":"2016-04-20T13:27:40","modified_gmt":"2016-04-20T16:27:40","slug":"los-trabajadores-de-la-argentina-le-decimos-no-al-golpe-en-brasil","status":"publish","type":"post","link":"https:\/\/ctainternacionales.org\/?p=3466","title":{"rendered":"Los trabajadores de la Argentina le decimos no al golpe en Brasil- Fito Aguirre-"},"content":{"rendered":"<p style=\"text-align: justify;\">La C\u00e1mara de Diputados de Brasil se convirti\u00f3 en el escenario poco feliz de lo que parec\u00eda un programa de televisi\u00f3n que tuvo como fin nada m\u00e1s y nada menos que el inicio de un golpe de Estado contra una presidente democr\u00e1ticamente electa.<!--more--><\/p>\n<p style=\"text-align: justify;\"><a href=\"http:\/\/www.ctainternacionales.org\/wp-content\/uploads\/2016\/04\/K1DtkCaR.jpg\" rel=\"attachment wp-att-3467\"><img loading=\"lazy\" decoding=\"async\" class=\"aligncenter size-thumbnail wp-image-3467\" src=\"http:\/\/www.ctainternacionales.org\/wp-content\/uploads\/2016\/04\/K1DtkCaR-307x307.jpg\" alt=\"K1DtkCaR\" width=\"307\" height=\"307\" \/><\/a>Los diputados se sucedieron uno a uno, ordenados por regi\u00f3n, para exponer su voto por el s\u00ed al impeachment o su voto en contra. Pocos segundos ten\u00edan para justificar el mismo ante una sociedad para la cual se defin\u00eda el futuro de la democracia. Parec\u00eda el minuto a minuto de un programa de televisi\u00f3n en vivo, los diputados se dirig\u00edan expl\u00edcitamente a los \u00abespectadores\u00bb, ya no se hablaba del pueblo sino del mandato de las \u201credes sociales\u201d. Votaron el impeachment en nombre de sus madres, de sus hijos, sus t\u00edas. Votaron el impeachment en nombre del cumplea\u00f1os de un nieto. Votaron el impeachment en nombre de Dios.<\/p>\n<p style=\"text-align: justify;\">Esto hasta podr\u00eda sonar caricaturesco, no as\u00ed el argumento del diputado que vot\u00f3 a favor del juicio pol\u00edtico en nombre de quien fuera torturador de Dilma en \u00e9pocas de la dictadura. \u201cPor la familia, la inocencia de los ni\u00f1os en las aulas, que el PT nunca tuvo, contra el comunismo, por nuestra libertad en contra del Foro de Sao Paulo, por la memoria del Coronel Carlos Alberto Brilhante Ustra, por el pavor de Rousseff, el ej\u00e9rcito de Caxias, las Fuerzas Armadas, por Brasil encima de todo y por Dios por encima de todo, mi voto es s\u00ed\u201d. Este fue el nivel de decadencia y de desprecio por los derechos humanos y la democracia expresado por el diputado Jair Bolsonaro. Cabr\u00eda preguntarse que estar\u00e1 pasando en la sociedad para que discursos como estos puedan tener cabida.<\/p>\n<p style=\"text-align: justify;\">Los \u00e1nimos se excitaban, hubo papelitos de colores, banderas que dec\u00edan \u201cTchau querida\u201d. As\u00ed es como se decidi\u00f3 el futuro de la democracia en Brasil, burl\u00e1ndose de la voluntad popular, pasando por encima de los 54 millones de votos que pusieron a Dilma Rousseff en el gobierno, sin hacer menci\u00f3n a los motivos por los cu\u00e1les se tomaba tan dr\u00e1stica medida contra una presidente democr\u00e1ticamente electa. Quiz\u00e1s porque sab\u00edan que los pocos argumentos esgrimidos en el planteo para la destituci\u00f3n de la Presidente lejos estaban de justificar el tan buscado juicio pol\u00edtico.<\/p>\n<p style=\"text-align: justify;\">Quienes votaron en contra del impeachment por el contrario, buscaron destacar una vez m\u00e1s que \u201cImpeachment sin crimen, es golpe\u201d, haciendo referencia al pueblo, a los valores democr\u00e1ticos y a la Constituci\u00f3n. Pero no bast\u00f3 para impedir que se aprobara con 367 votos a favor, 137 en contra y 7 abstenciones, el inicio del juicio pol\u00edtico (teniendo la C\u00e1mara un total de 513 diputados, se necesitaba mayor\u00eda calificada de 2\/3, es decir 324 votos afirmativos).<\/p>\n<p style=\"text-align: justify;\">Ahora el proceso sigue en la C\u00e1mara de Senadores, que en menos de diez d\u00edas debe fijar una fecha para que se trate el pedido de juicio pol\u00edtico a la Presidente. Otras posibilidades se est\u00e1n barajando, pero lo que est\u00e1 claro es que Dilma Rousseff no dejar\u00e1 de luchar por defender su investidura.<\/p>\n<p style=\"text-align: justify;\">Los defensores de la democracia, las organizaciones de trabajadores, los movimientos sociales, el pueblo, contin\u00faa en las calles para resistir a este golpe que cristaliza de una manera burda c\u00f3mo bajo el lema de la anti-corrupci\u00f3n se busca dar de baja a un proceso pol\u00edtico que ha redundado en mejoras sociales, reducci\u00f3n de la pobreza y derechos para los sectores m\u00e1s postergados.<\/p>\n<p style=\"text-align: justify;\">Desde Argentina, como trabajadores, nos sumamos a la lucha en las calles para denunciar esta afrenta contra la democracia y para exclamar \u201cGolpe nunca m\u00e1s\u201d.<\/p>\n<p style=\"text-align: justify;\">Fito Adolfo Aguirre Secretario de Relaciones Internacionales.<\/p>\n<p style=\"text-align: justify;\">\n","protected":false},"excerpt":{"rendered":"La C\u00e1mara de Diputados de Brasil se convirti\u00f3 en el escenario poco feliz de lo que parec\u00eda un programa de televisi\u00f3n que tuvo \n<a class=\"moretag\" href=\"https:\/\/ctainternacionales.org\/?p=3466\"> [...]<\/a>","protected":false},"author":1,"featured_media":0,"comment_status":"closed","ping_status":"closed","sticky":false,"template":"","format":"standard","meta":{"ngg_post_thumbnail":0,"footnotes":""},"categories":[],"tags":[],"class_list":["post-3466","post","type-post","status-publish","format-standard","hentry"],"_links":{"self":[{"href":"https:\/\/ctainternacionales.org\/index.php?rest_route=\/wp\/v2\/posts\/3466","targetHints":{"allow":["GET"]}}],"collection":[{"href":"https:\/\/ctainternacionales.org\/index.php?rest_route=\/wp\/v2\/posts"}],"about":[{"href":"https:\/\/ctainternacionales.org\/index.php?rest_route=\/wp\/v2\/types\/post"}],"author":[{"embeddable":true,"href":"https:\/\/ctainternacionales.org\/index.php?rest_route=\/wp\/v2\/users\/1"}],"replies":[{"embeddable":true,"href":"https:\/\/ctainternacionales.org\/index.php?rest_route=%2Fwp%2Fv2%2Fcomments&post=3466"}],"version-history":[{"count":3,"href":"https:\/\/ctainternacionales.org\/index.php?rest_route=\/wp\/v2\/posts\/3466\/revisions"}],"predecessor-version":[{"id":3475,"href":"https:\/\/ctainternacionales.org\/index.php?rest_route=\/wp\/v2\/posts\/3466\/revisions\/3475"}],"wp:attachment":[{"href":"https:\/\/ctainternacionales.org\/index.php?rest_route=%2Fwp%2Fv2%2Fmedia&parent=3466"}],"wp:term":[{"taxonomy":"category","embeddable":true,"href":"https:\/\/ctainternacionales.org\/index.php?rest_route=%2Fwp%2Fv2%2Fcategories&post=3466"},{"taxonomy":"post_tag","embeddable":true,"href":"https:\/\/ctainternacionales.org\/index.php?rest_route=%2Fwp%2Fv2%2Ftags&post=3466"}],"curies":[{"name":"wp","href":"https:\/\/api.w.org\/{rel}","templated":true}]}}