{"id":3459,"date":"2016-04-18T01:38:27","date_gmt":"2016-04-18T04:38:27","guid":{"rendered":"http:\/\/www.ctainternacionales.org\/?p=3459"},"modified":"2016-04-18T01:39:30","modified_gmt":"2016-04-18T04:39:30","slug":"las-centrales-de-trabajadores-argentinas-contra-el-golpe-en-brasil","status":"publish","type":"post","link":"https:\/\/ctainternacionales.org\/?p=3459","title":{"rendered":"Las centrales de trabajadores argentinas contra el Golpe en Brasil"},"content":{"rendered":"<p style=\"text-align: justify;\"><a href=\"http:\/\/www.ctainternacionales.org\/wp-content\/uploads\/2016\/04\/IMG_2764.jpg\" rel=\"attachment wp-att-3461\"><img loading=\"lazy\" decoding=\"async\" class=\"aligncenter size-thumbnail wp-image-3461\" src=\"http:\/\/www.ctainternacionales.org\/wp-content\/uploads\/2016\/04\/IMG_2764-307x205.jpg\" alt=\"IMG_2764\" width=\"307\" height=\"205\" \/><\/a>Bajo la consigna \u201cN\u00e3o vai ter golpe. Vai ter luta\u201d, la CTA Aut\u00f3noma junto a la CTA de los Trabajadores y la CGT realizaron ayer una acci\u00f3n conjunta frente a la Embajada de Brasil en la Ciudad Aut\u00f3noma de Buenos Aires.<!--more--><\/p>\n<p style=\"text-align: justify;\">Mientras se trata en la C\u00e1mara de Diputados brasile\u00f1a el pedido de juicio pol\u00edtico contra la presidenta Dilma, los trabajadores y trabajadoras de la Argentina abrazaron la lucha por la democracia en ese pa\u00eds para manifestarse rotundamente contra el golpe de Estado en Brasil.<\/p>\n<p style=\"text-align: justify;\">Dirigentes y militantes de las tres centrales de trabajadores realizaron una acci\u00f3n frente a la Embajada de Brasil en Buenos Aires: \u201cEn acuerdo con nuestros compa\u00f1eros de la CUT de Brasil decidimos manifestarnos junto a las dem\u00e1s centrales en nombre del sindicalismo argentino repudiando el intento golpista en Brasil\u201d, dijo Adolfo \u201cFito\u201d Aguirre.<\/p>\n<p style=\"text-align: justify;\">El domingo se van a enfrentar las dos posiciones, tanto en el Congreso en Brasilia como en las calles de ese pa\u00eds: \u201cnosotros como trabajadores de la argentina estamos en contra de un golpe de \u00e9stas caracter\u00edsticas porque somos defensores de la democracia y estamos a favor de su fortalecimiento\u201d, a\u00f1adi\u00f3 Aguirre a ACTA.<\/p>\n<p style=\"text-align: justify;\">En representaci\u00f3n de la embajada, Luis Eduardo Fonseca de Carvalho Gon\u00e7alves recibi\u00f3 el escrito formal presentado por las tres centrales, y se comprometieron a darle circulaci\u00f3n.<\/p>\n<p style=\"text-align: justify;\">\u201cEntendemos que se est\u00e1 vapuleando un gobierno electo democr\u00e1ticamente y, en todo caso, el que tiene la potestad de cambiarlo es el voto popular y no un grupo de jueces y empresarios que desde hace tiempo est\u00e1n tratando de desestabilizar el gobierno de Dilma\u201d, sentenci\u00f3 Aguirre.<\/p>\n<p style=\"text-align: justify;\">Adem\u00e1s de Adolfo Aguirre; Ricardo Peidro, Mario Barrios y Alicia Coca de la conducci\u00f3n nacional de la CTA Aut\u00f3noma estuvieron presentes militantes de la Central. Se destac\u00f3 la presencia de una comitiva de ATE y de la Uni\u00f3n Solidaria de Trabajadores (UST-CTA). Tambi\u00e9n estuvo Marita Gonz\u00e1lez, de la CGT y Eduardo L\u00f3pez y Eduardo L\u00f3pez de la CTA de los Trabajadores.<\/p>\n","protected":false},"excerpt":{"rendered":"Bajo la consigna \u201cN\u00e3o vai ter golpe. Vai ter luta\u201d, la CTA Aut\u00f3noma junto a la CTA de los Trabajadores y la CGT \n<a class=\"moretag\" href=\"https:\/\/ctainternacionales.org\/?p=3459\"> [...]<\/a>","protected":false},"author":1,"featured_media":0,"comment_status":"closed","ping_status":"closed","sticky":false,"template":"","format":"standard","meta":{"ngg_post_thumbnail":0,"footnotes":""},"categories":[],"tags":[],"class_list":["post-3459","post","type-post","status-publish","format-standard","hentry"],"_links":{"self":[{"href":"https:\/\/ctainternacionales.org\/index.php?rest_route=\/wp\/v2\/posts\/3459","targetHints":{"allow":["GET"]}}],"collection":[{"href":"https:\/\/ctainternacionales.org\/index.php?rest_route=\/wp\/v2\/posts"}],"about":[{"href":"https:\/\/ctainternacionales.org\/index.php?rest_route=\/wp\/v2\/types\/post"}],"author":[{"embeddable":true,"href":"https:\/\/ctainternacionales.org\/index.php?rest_route=\/wp\/v2\/users\/1"}],"replies":[{"embeddable":true,"href":"https:\/\/ctainternacionales.org\/index.php?rest_route=%2Fwp%2Fv2%2Fcomments&post=3459"}],"version-history":[{"count":2,"href":"https:\/\/ctainternacionales.org\/index.php?rest_route=\/wp\/v2\/posts\/3459\/revisions"}],"predecessor-version":[{"id":3464,"href":"https:\/\/ctainternacionales.org\/index.php?rest_route=\/wp\/v2\/posts\/3459\/revisions\/3464"}],"wp:attachment":[{"href":"https:\/\/ctainternacionales.org\/index.php?rest_route=%2Fwp%2Fv2%2Fmedia&parent=3459"}],"wp:term":[{"taxonomy":"category","embeddable":true,"href":"https:\/\/ctainternacionales.org\/index.php?rest_route=%2Fwp%2Fv2%2Fcategories&post=3459"},{"taxonomy":"post_tag","embeddable":true,"href":"https:\/\/ctainternacionales.org\/index.php?rest_route=%2Fwp%2Fv2%2Ftags&post=3459"}],"curies":[{"name":"wp","href":"https:\/\/api.w.org\/{rel}","templated":true}]}}