{"id":3451,"date":"2016-04-14T14:00:33","date_gmt":"2016-04-14T17:00:33","guid":{"rendered":"http:\/\/www.ctainternacionales.org\/?p=3451"},"modified":"2016-04-14T14:17:39","modified_gmt":"2016-04-14T17:17:39","slug":"la-cta-autonoma-se-manifiesta-en-contra-del-golpe-en-brasil","status":"publish","type":"post","link":"https:\/\/ctainternacionales.org\/?p=3451","title":{"rendered":"La CTA-Aut\u00f3noma se manifiesta en contra del Golpe en Brasil"},"content":{"rendered":"<p>#\u201cN\u00e3o vai ter golpe. Vai ter luta<a href=\"http:\/\/www.ctainternacionales.org\/wp-content\/uploads\/2016\/04\/images.jpeg\" rel=\"attachment wp-att-3452\"><img loading=\"lazy\" decoding=\"async\" class=\"aligncenter size-full wp-image-3452\" src=\"http:\/\/www.ctainternacionales.org\/wp-content\/uploads\/2016\/04\/images.jpeg\" alt=\"images\" width=\"275\" height=\"183\" \/><\/a><\/p>\n<p style=\"text-align: justify;\">El pr\u00f3ximo viernes 15 de abril a las 14hs la CTA-Aut\u00f3noma junto a otras organizaciones sociales se manifestar\u00e1 frente a la Embajada de Brasil en Argentina (Cerrito 1350- CABA) para repudiar el intento de golpe contra la presidente Dilma Rousseff que la oposici\u00f3n a su gobierno busca impulsar para desplazarla del mismo. Asimismo, se presentar\u00e1 en la Embajada una declaraci\u00f3n contra el golpe y a favor de la democracia y del gobierno de Dilma.<br \/>\nEl d\u00eda viernes comenzar\u00e1 a tratarse en la C\u00e1mara de Diputados el pedido de juicio pol\u00edtico contra la presidente Dilma, luego de haber sido aprobado el pedido el pasado lunes por una comisi\u00f3n de ese cuerpo legisltativo conformada especialmente para tal prop\u00f3sito. El tratamiento del impeachment en la C\u00e1mara de Diputados iniciar\u00e1 con la exposici\u00f3n de cada uno de los parlamentarios y concluir\u00e1 el d\u00eda domingo, con la votaci\u00f3n en plenario. Teniendo la C\u00e1mara de Diputados una composici\u00f3n de 513 legisladores, el oficialismo necesita reunir 172 votos para frenar el impeachment y la oposici\u00f3n 342 (mayor\u00eda calificada) para continuar el proceso y que sea llevado al Senado. El hecho de que se sesione un d\u00eda domingo es una muestra m\u00e1s de las irregularidades que se han cometido hasta ahora, ya que tradicionalmente en Brasil la Asamblea legislativa lo hace s\u00f3lo de martes a jueves, y demuestra una clara intencionalidad medi\u00e1tica en contra de la presidenta democr\u00e1ticamente electa.<br \/>\nDesde la CTA-Aut\u00f3noma denunciamos en reiteradas oportunidades que el juicio pol\u00edtico al que se quiere exponer a la presidenta Dilma Rousseff no tiene bases fundadas m\u00e1s que en el rechazo del arco pol\u00edtico opositor al gobierno, fogoneado por los medios de comunicaci\u00f3n masivos y la labor de algunos sectores del poder judicial brasile\u00f1o. En l\u00ednea con esto denunciamos tambi\u00e9n la persecuci\u00f3n pol\u00edtica contra el ex presidente Lula Da silva, quien fue llevado a prestar declaraci\u00f3n a la polic\u00eda en forma coercitiva, y a quien le han sido puestas trabas para su asunci\u00f3n como Ministro Jefe de la Casa Civil.<\/p>\n<p style=\"text-align: justify;\"><a href=\"http:\/\/www.ctainternacionales.org\/wp-content\/uploads\/2016\/04\/size_810_16_9_ato-contra-o-impeachment-e-a-favor-da-presidente-dilma-em-salvador-31-03-2016.jpg\" rel=\"attachment wp-att-3453\"><img loading=\"lazy\" decoding=\"async\" class=\"aligncenter size-thumbnail wp-image-3453\" src=\"http:\/\/www.ctainternacionales.org\/wp-content\/uploads\/2016\/04\/size_810_16_9_ato-contra-o-impeachment-e-a-favor-da-presidente-dilma-em-salvador-31-03-2016-307x172.jpg\" alt=\"size_810_16_9_ato-contra-o-impeachment-e-a-favor-da-presidente-dilma-em-salvador-31-03-2016\" width=\"307\" height=\"172\" \/><\/a><br \/>\nLa persecuci\u00f3n al ex presidente Lula como el intento de impeachment hacia la primera mandataria forman parte de una misma ofensiva que busca da\u00f1ar los cimientos de la democracia as\u00ed como las conquistas de derechos laborales e inclusi\u00f3n social conquistadas en los \u00faltimos a\u00f1os, aprovechando el contexto de una crisis econ\u00f3mica para poner en discusi\u00f3n la legitimidad del gobierno y sus funcionarios que permita a los sectores conservadores de Brasil alzarse con el poder que no obtuvieron por la v\u00eda de las urnas. En este sentido, la movilizaci\u00f3n popular resulta clave para denunciar estos intentos golpistas y defender la democracia, y por ello desde la CTA-Aut\u00f3noma se han acompa\u00f1ado las convocatorias de los compa\u00f1eros de la CUT en contra del golpe. En esta l\u00ednea, Adolfo \u201cFito\u201d Aguirre, Secretario de Relaciones Internacionales de la CTA-Aut\u00f3noma, expres\u00f3 \u201cEstamos en permamente contacto con los compa\u00f1eros de Brasil, para mantenernos informados y alertas ante esta embestida. La solidaridad de toda la regi\u00f3n resulta fundamental para rechazar el golpe en Brasil y para frenar la arremetida contra la democracia. Por eso nos hacemos eco del lema \u201cNao vai ter golpe. Vai ter luta\u201d (\u201cNo va a haber golpe. Va a haber lucha\u201d), y saldremos a las calles este viernes para luchar junto a nuestros compa\u00f1eros brasileros\u201d.<\/p>\n","protected":false},"excerpt":{"rendered":"#\u201cN\u00e3o vai ter golpe. Vai ter luta El pr\u00f3ximo viernes 15 de abril a las 14hs la CTA-Aut\u00f3noma junto a otras organizaciones sociales \n<a class=\"moretag\" href=\"https:\/\/ctainternacionales.org\/?p=3451\"> [...]<\/a>","protected":false},"author":1,"featured_media":0,"comment_status":"closed","ping_status":"closed","sticky":false,"template":"","format":"standard","meta":{"ngg_post_thumbnail":0,"footnotes":""},"categories":[],"tags":[],"class_list":["post-3451","post","type-post","status-publish","format-standard","hentry"],"_links":{"self":[{"href":"https:\/\/ctainternacionales.org\/index.php?rest_route=\/wp\/v2\/posts\/3451","targetHints":{"allow":["GET"]}}],"collection":[{"href":"https:\/\/ctainternacionales.org\/index.php?rest_route=\/wp\/v2\/posts"}],"about":[{"href":"https:\/\/ctainternacionales.org\/index.php?rest_route=\/wp\/v2\/types\/post"}],"author":[{"embeddable":true,"href":"https:\/\/ctainternacionales.org\/index.php?rest_route=\/wp\/v2\/users\/1"}],"replies":[{"embeddable":true,"href":"https:\/\/ctainternacionales.org\/index.php?rest_route=%2Fwp%2Fv2%2Fcomments&post=3451"}],"version-history":[{"count":1,"href":"https:\/\/ctainternacionales.org\/index.php?rest_route=\/wp\/v2\/posts\/3451\/revisions"}],"predecessor-version":[{"id":3454,"href":"https:\/\/ctainternacionales.org\/index.php?rest_route=\/wp\/v2\/posts\/3451\/revisions\/3454"}],"wp:attachment":[{"href":"https:\/\/ctainternacionales.org\/index.php?rest_route=%2Fwp%2Fv2%2Fmedia&parent=3451"}],"wp:term":[{"taxonomy":"category","embeddable":true,"href":"https:\/\/ctainternacionales.org\/index.php?rest_route=%2Fwp%2Fv2%2Fcategories&post=3451"},{"taxonomy":"post_tag","embeddable":true,"href":"https:\/\/ctainternacionales.org\/index.php?rest_route=%2Fwp%2Fv2%2Ftags&post=3451"}],"curies":[{"name":"wp","href":"https:\/\/api.w.org\/{rel}","templated":true}]}}