{"id":3445,"date":"2016-04-12T14:05:08","date_gmt":"2016-04-12T17:05:08","guid":{"rendered":"http:\/\/www.ctainternacionales.org\/?p=3445"},"modified":"2016-04-12T14:05:43","modified_gmt":"2016-04-12T17:05:43","slug":"victor-baez-y-rafael-freire-en-la-cta-autonoma","status":"publish","type":"post","link":"https:\/\/ctainternacionales.org\/?p=3445","title":{"rendered":"Victor B\u00e1ez y Rafael Freire en la CTA Aut\u00f3noma"},"content":{"rendered":"<p><a href=\"http:\/\/www.ctainternacionales.org\/wp-content\/uploads\/2016\/04\/12957388_10209689458178770_2027630887_n.jpg\" rel=\"attachment wp-att-3447\"><img loading=\"lazy\" decoding=\"async\" class=\"aligncenter size-thumbnail wp-image-3447\" src=\"http:\/\/www.ctainternacionales.org\/wp-content\/uploads\/2016\/04\/12957388_10209689458178770_2027630887_n-307x205.jpg\" alt=\"12957388_10209689458178770_2027630887_n\" width=\"307\" height=\"205\" \/><\/a>El viernes 8 de abril recibimos en la sede de la CTA Nacional de la calle Lima 609 de la Ciudad Aut\u00f3noma de Buenos Aires, la visita de Victor B\u00e1ez, Secretario General de la CSA y Rafael Freire, Secretario de Pol\u00edtica Econ\u00f3mica y Desarrollo Sustentable de la CSA, en el marco de una reuni\u00f3n preparatoria para definir y articular estrategias para el pr\u00f3ximo Congreso de la Confederaci\u00f3n Sindical de la Am\u00e9ricas.<!--more--><\/p>\n<p>En el encuentro estuvieron presente gran parte de la delegaci\u00f3n que fue designada para participar en el Congreso, entre los que se encontraban: El secretario Adjunto de la CTA Aut\u00f3noma, Ricardo Peidro; Adolfo Aguirre, Secretario de Relaciones Internacionales de la CTA-A; Hugo \u00abCachorro\u00bb Godoy, Secretario General de ATE; Julio Fuentes, Secretario Adjunto de ATE y Presidente de la CLATE; Jorge Yabkowski Secretario de Salud Laboral de la CTA-A y Presidente de FESPROSA.<\/p>\n<p>Tambi\u00e9n se cont\u00f3 con la presencia de Horacio Meguira, Director del Departamento Jur\u00eddico de la Central; Claudia Baigorria, Secretaria Administrativa de la CTA y de Formaci\u00f3n de CONADU Hist\u00f3rica; Jorge Castro, Secretario Gremial de la CTA bonaerense y Secretario General de UETTel; Daniel Jorajur\u00eda, Secretario Gremial de la CTA-A; Silverio G\u00f3mez, Secretario General de UCRA; Natalia Castesana, del Consejo Nacional de ATE; Ximena Rattoni, Secretaria Adjunta de APJ-GAS y Sabrina Haboba, Bruno Dobrusin y Gonzalo Manzullo de la Secretar\u00eda de Relaciones internacionales de la CTA.<\/p>\n<p>El III Congreso de la CSA que se realizar\u00e1 en Brasil -en la ciudad de San Pablo- entre los d\u00edas 26 y 29 de abril, tendr\u00e1 una participaci\u00f3n de 302 delegados y de 200 observadores. En dicho Congreso se realizar\u00e1n las elecciones para elegir las autoridades para el pr\u00f3ximo periodo. La votaci\u00f3n ser\u00e1 directa y secreta.<\/p>\n<p>Entre los algunos invitados que se esperan en el Congreso, se encuentran: Jose \u201cPepe\u201d Mujica, ex Presidente de Uruguay y una posible visita de Lula da Silva, ex presidente de Brasil, como as\u00ed tambi\u00e9n, se espera la presencia de Guy Ryder, Director General de la OIT, adem\u00e1s de la asistencia de representantes de las centrales obreras Europeas.<\/p>\n<p>Durante el encuentro, tambi\u00e9n se realiz\u00f3 un an\u00e1lisis de la situaci\u00f3n pol\u00edtica en la regi\u00f3n y sobre cu\u00e1les son los nuevos desaf\u00edos que debe protagonizar el movimiento sindical en el continente.<\/p>\n<p>La Confederaci\u00f3n Sindical de Trabajadores y Trabajadoras de las Am\u00e9ricas (CSA) es la expresi\u00f3n sindical regional m\u00e1s importante del continente americano. Fundada el 27 de marzo de 2008 en la Ciudad de Panam\u00e1, afilia a 56 organizaciones nacionales de 23 pa\u00edses, que representan a m\u00e1s de 52 millones de trabajadores\/as. La CSA es la organizaci\u00f3n regional de la Confederaci\u00f3n Sindical Internacional (CSI).<\/p>\n<p>* Equipo de Comunicaci\u00f3n de la Secretar\u00eda de Relaciones Internacionales de la CTA<\/p>\n","protected":false},"excerpt":{"rendered":"El viernes 8 de abril recibimos en la sede de la CTA Nacional de la calle Lima 609 de la Ciudad Aut\u00f3noma de \n<a class=\"moretag\" href=\"https:\/\/ctainternacionales.org\/?p=3445\"> [...]<\/a>","protected":false},"author":1,"featured_media":0,"comment_status":"closed","ping_status":"closed","sticky":false,"template":"","format":"standard","meta":{"ngg_post_thumbnail":0,"footnotes":""},"categories":[],"tags":[],"class_list":["post-3445","post","type-post","status-publish","format-standard","hentry"],"_links":{"self":[{"href":"https:\/\/ctainternacionales.org\/index.php?rest_route=\/wp\/v2\/posts\/3445","targetHints":{"allow":["GET"]}}],"collection":[{"href":"https:\/\/ctainternacionales.org\/index.php?rest_route=\/wp\/v2\/posts"}],"about":[{"href":"https:\/\/ctainternacionales.org\/index.php?rest_route=\/wp\/v2\/types\/post"}],"author":[{"embeddable":true,"href":"https:\/\/ctainternacionales.org\/index.php?rest_route=\/wp\/v2\/users\/1"}],"replies":[{"embeddable":true,"href":"https:\/\/ctainternacionales.org\/index.php?rest_route=%2Fwp%2Fv2%2Fcomments&post=3445"}],"version-history":[{"count":1,"href":"https:\/\/ctainternacionales.org\/index.php?rest_route=\/wp\/v2\/posts\/3445\/revisions"}],"predecessor-version":[{"id":3448,"href":"https:\/\/ctainternacionales.org\/index.php?rest_route=\/wp\/v2\/posts\/3445\/revisions\/3448"}],"wp:attachment":[{"href":"https:\/\/ctainternacionales.org\/index.php?rest_route=%2Fwp%2Fv2%2Fmedia&parent=3445"}],"wp:term":[{"taxonomy":"category","embeddable":true,"href":"https:\/\/ctainternacionales.org\/index.php?rest_route=%2Fwp%2Fv2%2Fcategories&post=3445"},{"taxonomy":"post_tag","embeddable":true,"href":"https:\/\/ctainternacionales.org\/index.php?rest_route=%2Fwp%2Fv2%2Ftags&post=3445"}],"curies":[{"name":"wp","href":"https:\/\/api.w.org\/{rel}","templated":true}]}}