{"id":3435,"date":"2016-04-08T01:12:17","date_gmt":"2016-04-08T04:12:17","guid":{"rendered":"http:\/\/www.ctainternacionales.org\/?p=3435"},"modified":"2016-04-08T02:05:19","modified_gmt":"2016-04-08T05:05:19","slug":"la-cta-a-participo-del-2o-taller-preparatorio-de-la-csa-sobre-migraciones","status":"publish","type":"post","link":"https:\/\/ctainternacionales.org\/?p=3435","title":{"rendered":"La CTA-A particip\u00f3 del 2\u00ba Taller preparatorio de la CSA sobre migraciones"},"content":{"rendered":"<p style=\"text-align: justify;\">Durante los d\u00edas 4 y 5 de abril tuvo lugar en Montevideo el 2\u00ba Taller preparatorio de cara a la venidera Conferencia Internacional del Trabajo de la OIT en junio donde el Grupo de Trabajo sobre Migraciones de la CSA deline\u00f3 la estrategia conjunta y comparti\u00f3 perspectivas de acci\u00f3n.<!--more--><\/p>\n<p style=\"text-align: justify;\"><a href=\"http:\/\/www.ctainternacionales.org\/wp-content\/uploads\/2016\/04\/foto_encuentro_montevideo.jpg\" rel=\"attachment wp-att-3436\"><img loading=\"lazy\" decoding=\"async\" class=\"aligncenter size-thumbnail wp-image-3436\" src=\"http:\/\/www.ctainternacionales.org\/wp-content\/uploads\/2016\/04\/foto_encuentro_montevideo-307x205.jpg\" alt=\"foto_encuentro_montevideo\" width=\"307\" height=\"205\" \/><\/a>Junto a centrales del Cono Sur, la regi\u00f3n andina y el Caribe, la CTA Aut\u00f3noma particip\u00f3 con una nutrida delegaci\u00f3n del trabajo conjunto en plenaria. Luis Campos, coordinador del Observatorio del Derecho Social, Sabrina Haboba y Gonzalo Manzullo asesores de la Secretar\u00eda de Relaciones Internacionales representaron a la central que en forma coordinada hacen el seguimiento de la cuesti\u00f3n migraciones.<\/p>\n<p style=\"text-align: justify;\">El encuentro comenz\u00f3 con un an\u00e1lisis del Estudio General elaborado por la OIT que ser\u00e1 tratado en la pr\u00f3xima Conferencia Internacional del Trabajo en Ginebra entre el 30 de mayo y el 11 de junio. La presentaci\u00f3n del estudio estuvo a cargo de Luis Campos y fue seguido por los aportes y el debate de los participantes respecto de las fortalezas y debilidades del mismo.<\/p>\n<p style=\"text-align: justify;\">Como parte de los objetivos primordiales del encuentro se elabor\u00f3 un documento de posicionamiento por parte de la Confederaci\u00f3n Sindical de las Am\u00e9ricas estipulando las necesidades y exigencias que el movimiento trabajador demanda a los Estados Miembro de la OIT de cara a la apremiante situaci\u00f3n de las migraciones en el mundo actualmente. En este sentido se decidi\u00f3 promover una campa\u00f1a de ratificaci\u00f3n de los convenios relativos a la protecci\u00f3n de los derechos de los trabajadores migrantes, fundamentalmente los Convenios 97 y 143.<\/p>\n<p style=\"text-align: justify;\">El documento hace foco en la necesidad de contemplar la cuesti\u00f3n migratoria desde la \u00f3ptica de los DD.HH. dejando de lado la criminalizaci\u00f3n y\/o securitizaci\u00f3n de la cuesti\u00f3n migratoria que deriva en violaciones a los derechos fundamentales de los trabajadores migrantes. A su vez, se plante\u00f3 la necesidad de atender a las vulnerabilidades y problem\u00e1ticas a los que se ven expuestos los trabajadores migrantes, que son las mismas m\u00e1s all\u00e1 de las causas que los fuerzan a la migraci\u00f3n.<\/p>\n<p style=\"text-align: justify;\">Por otro lado, se puso en marcha la Red Sindical en favor de los derechos de los migrantes &#8211; Am\u00e9rica Latina, con el objetivo de intercambiar experiencias, buenas pr\u00e1cticas e informaci\u00f3n que hace al objeto de intervenir localmente a trav\u00e9s de las centrales e incidir en la garant\u00eda en la pr\u00e1ctica de los derechos que corresponden a los trabajadores migrantes.<\/p>\n<p style=\"text-align: justify;\">Tambi\u00e9n se deline\u00f3 la estrategia de intervenci\u00f3n de los miembros del Grupo de Trabajo de la CSA y CSI asistentes a la Conferencia Internacional del Trabajo como representantes del sector trabajador en la instancia de discusi\u00f3n tripartita del Estudio General sobre los instrumentos relativos a los derechos de los trabajadores migrantes.<\/p>\n<p style=\"text-align: justify;\">Luego de una ronda de di\u00e1logo sobre la situaci\u00f3n de los migrantes por pa\u00eds y las acciones existentes por parte de las centrales y los gobiernos locales de cara a la cuesti\u00f3n, se decidi\u00f3 un plan de acci\u00f3n para el Grupo de Trabajo durante el a\u00f1o que acompa\u00f1a a la mencionada campa\u00f1a de ratificaci\u00f3n de los convenios de OIT. El plan contempla una agenda de acci\u00f3n conjunta de las centrales sindicales por subgrupos regionales as\u00ed como las posibilidades de participaci\u00f3n de la CSA y las centrales del Grupo de Trabajo en el VII Foro Social Mundial de las Migraciones que tendr\u00e1 lugar del 7 al 10 de julio en San Pablo.<\/p>\n<p style=\"text-align: justify;\">* Equipo de Comunicaci\u00f3n de la Secretar\u00eda de Relaciones Internacionales de la CTA<\/p>\n","protected":false},"excerpt":{"rendered":"Durante los d\u00edas 4 y 5 de abril tuvo lugar en Montevideo el 2\u00ba Taller preparatorio de cara a la venidera Conferencia Internacional \n<a class=\"moretag\" href=\"https:\/\/ctainternacionales.org\/?p=3435\"> [...]<\/a>","protected":false},"author":1,"featured_media":0,"comment_status":"closed","ping_status":"closed","sticky":false,"template":"","format":"standard","meta":{"ngg_post_thumbnail":0,"footnotes":""},"categories":[],"tags":[],"class_list":["post-3435","post","type-post","status-publish","format-standard","hentry"],"_links":{"self":[{"href":"https:\/\/ctainternacionales.org\/index.php?rest_route=\/wp\/v2\/posts\/3435","targetHints":{"allow":["GET"]}}],"collection":[{"href":"https:\/\/ctainternacionales.org\/index.php?rest_route=\/wp\/v2\/posts"}],"about":[{"href":"https:\/\/ctainternacionales.org\/index.php?rest_route=\/wp\/v2\/types\/post"}],"author":[{"embeddable":true,"href":"https:\/\/ctainternacionales.org\/index.php?rest_route=\/wp\/v2\/users\/1"}],"replies":[{"embeddable":true,"href":"https:\/\/ctainternacionales.org\/index.php?rest_route=%2Fwp%2Fv2%2Fcomments&post=3435"}],"version-history":[{"count":1,"href":"https:\/\/ctainternacionales.org\/index.php?rest_route=\/wp\/v2\/posts\/3435\/revisions"}],"predecessor-version":[{"id":3437,"href":"https:\/\/ctainternacionales.org\/index.php?rest_route=\/wp\/v2\/posts\/3435\/revisions\/3437"}],"wp:attachment":[{"href":"https:\/\/ctainternacionales.org\/index.php?rest_route=%2Fwp%2Fv2%2Fmedia&parent=3435"}],"wp:term":[{"taxonomy":"category","embeddable":true,"href":"https:\/\/ctainternacionales.org\/index.php?rest_route=%2Fwp%2Fv2%2Fcategories&post=3435"},{"taxonomy":"post_tag","embeddable":true,"href":"https:\/\/ctainternacionales.org\/index.php?rest_route=%2Fwp%2Fv2%2Ftags&post=3435"}],"curies":[{"name":"wp","href":"https:\/\/api.w.org\/{rel}","templated":true}]}}