{"id":3419,"date":"2016-03-31T00:43:12","date_gmt":"2016-03-31T03:43:12","guid":{"rendered":"http:\/\/www.ctainternacionales.org\/?p=3419"},"modified":"2016-03-31T00:46:49","modified_gmt":"2016-03-31T03:46:49","slug":"la-cta-autonoma-apoya-la-jornada-nacional-en-defensa-de-la-democracia","status":"publish","type":"post","link":"https:\/\/ctainternacionales.org\/?p=3419","title":{"rendered":"La CTA-Aut\u00f3noma apoya la jornada nacional en defensa de la democracia"},"content":{"rendered":"<p style=\"text-align: justify;\">La CTA-Aut\u00f3noma se pronuncia en rotundo apoyo a las manifestaciones que se llevan a cabo hoy en Brasil, en el marco de la jornada nacional en defensa de la democracia, bajo la consigna \u201cGolpe nunca m\u00e1s\u201d, convocada por numerosos movimientos sociales y pol\u00edticos, entre ellos la CUT. ACTA Reproduce el comunicado emitido por la Secretar\u00eda de Relaciones Internacionales de la Central.<!--more--><\/p>\n<p style=\"text-align: justify;\"><a href=\"http:\/\/www.ctainternacionales.org\/wp-content\/uploads\/2016\/03\/Nao_vai_ter_golpe.jpg\" rel=\"attachment wp-att-3420\"><img loading=\"lazy\" decoding=\"async\" class=\"aligncenter size-thumbnail wp-image-3420\" src=\"http:\/\/www.ctainternacionales.org\/wp-content\/uploads\/2016\/03\/Nao_vai_ter_golpe-307x205.jpg\" alt=\"Nao_vai_ter_golpe\" width=\"307\" height=\"205\" \/><\/a>Rechazamos de manera contundente todos los intentos de destituir a la presidente electa democr\u00e1ticamente, Dilma Rousseff, por medio de un juicio pol\u00edtico que no tiene bases fundadas m\u00e1s que en el rechazo del arco pol\u00edtico opositor al gobierno, fogoneado por los medios de comunicaci\u00f3n masivos y la labor de algunos sectores del poder judicial brasile\u00f1o.<\/p>\n<p style=\"text-align: justify;\">Creemos que tanto la persecuci\u00f3n al ex presidente Lula como el intento de impeachment (juicio p\u00f3litico) hacia la primera mandataria forman parte de una misma ofensiva que busca da\u00f1ar los cimientos de la democracia as\u00ed como las conquistas de derechos laborales e inclusi\u00f3n social realizadas en los \u00faltimos a\u00f1os, aprovechando el contexto de una crisis econ\u00f3mica para poner en discusi\u00f3n la legitimidad del gobierno y de sus funcionarios, para permitir a los sectores conservadores de Brasil alzarse con el poder que no obtuvieron por la v\u00eda de las urnas.<\/p>\n<p style=\"text-align: justify;\">En este contexto resaltan tanto el repudiable episodio donde Lula fue llevado a prestar declaraci\u00f3n a la polic\u00eda en forma coercitiva, como la imposici\u00f3n de trabas a su asunci\u00f3n como Ministro Jefe de la Casa Civil. Ambos son signos que dan cuenta de una acci\u00f3n coordinada por parte de un sector del poder judicial y el arco opositor al gobierno de Dilma Rousseff para dificultar al m\u00e1ximo la gobernabilidad.<\/p>\n<p style=\"text-align: justify;\">Se le suman ahora los intentos de desestabilizar a la presindencia por un sector de la coalici\u00f3n de gobierno, en un proceso que va adquieriendo aristas cada vez m\u00e1s preocupantes.<\/p>\n<p style=\"text-align: justify;\">Repudiamos con vehemencia las actitudes anti-democr\u00e1ticas expresadas por l\u00edderes pol\u00edticos opositores al gobierno de Rousseff que buscan socavar un proceso de transformaci\u00f3n de Brasil, desde la llegada de Lula al poder, que consisti\u00f3 principalmente en la inclusi\u00f3n social, la ampliaci\u00f3n de derechos laborales y una equiparaci\u00f3n de las oportunidades de los ciudadanos brasile\u00f1os.<\/p>\n<p style=\"text-align: justify;\">No tenemos duda que la soluci\u00f3n a la crisis econ\u00f3mica que hoy afronta Brasil y a la instigada crisis institucional, debe tener lugar por la v\u00eda democr\u00e1tica, apegandose a la Constituci\u00f3n, para poder retomar la senda del crecimiento econ\u00f3mico y la generaci\u00f3n de empleos. Se trata de un momento bisagra para la democracia brasile\u00f1a, que marcar\u00e1 el pulso de las ambiciones progresistas para los pueblos de todo el Cono Sur y que pone en riesgo las conquistas adquiridas en materia de integraci\u00f3n, soberan\u00eda y fraternidad regional.<\/p>\n<p style=\"text-align: justify;\">En ese sentido, Fito Aguirre expres\u00f3 : \u201cestamos convencidos que la lucha contra los impulsos conservadores y anti-democraticos que hoy tienen eco en Brasil debe ser conjunta, ofreciendo la mayor solidaridad y saliendo a las calles a defender la democracia y los derechos que nos corresponden como trabajadores y como pueblo. Por esta raz\u00f3n apoyamos firmemente la jornada nacional de movilizaciones del d\u00eda jueves 31 de marzo en defensa de la democracia y ofrecemos nuestra mayor solidaridad para replicar la voz del pueblo brasile\u00f1o donde sea necesario para decir \u00ab\u00a1Golpe nunca m\u00e1s!\u00bb<\/p>\n<p style=\"text-align: justify;\">* Equipo de Comunicaci\u00f3n de la Secretar\u00eda de Relaciones Internacionales de la CTA<\/p>\n","protected":false},"excerpt":{"rendered":"La CTA-Aut\u00f3noma se pronuncia en rotundo apoyo a las manifestaciones que se llevan a cabo hoy en Brasil, en el marco de la \n<a class=\"moretag\" href=\"https:\/\/ctainternacionales.org\/?p=3419\"> [...]<\/a>","protected":false},"author":1,"featured_media":0,"comment_status":"closed","ping_status":"closed","sticky":false,"template":"","format":"standard","meta":{"ngg_post_thumbnail":0,"footnotes":""},"categories":[],"tags":[],"class_list":["post-3419","post","type-post","status-publish","format-standard","hentry"],"_links":{"self":[{"href":"https:\/\/ctainternacionales.org\/index.php?rest_route=\/wp\/v2\/posts\/3419","targetHints":{"allow":["GET"]}}],"collection":[{"href":"https:\/\/ctainternacionales.org\/index.php?rest_route=\/wp\/v2\/posts"}],"about":[{"href":"https:\/\/ctainternacionales.org\/index.php?rest_route=\/wp\/v2\/types\/post"}],"author":[{"embeddable":true,"href":"https:\/\/ctainternacionales.org\/index.php?rest_route=\/wp\/v2\/users\/1"}],"replies":[{"embeddable":true,"href":"https:\/\/ctainternacionales.org\/index.php?rest_route=%2Fwp%2Fv2%2Fcomments&post=3419"}],"version-history":[{"count":2,"href":"https:\/\/ctainternacionales.org\/index.php?rest_route=\/wp\/v2\/posts\/3419\/revisions"}],"predecessor-version":[{"id":3422,"href":"https:\/\/ctainternacionales.org\/index.php?rest_route=\/wp\/v2\/posts\/3419\/revisions\/3422"}],"wp:attachment":[{"href":"https:\/\/ctainternacionales.org\/index.php?rest_route=%2Fwp%2Fv2%2Fmedia&parent=3419"}],"wp:term":[{"taxonomy":"category","embeddable":true,"href":"https:\/\/ctainternacionales.org\/index.php?rest_route=%2Fwp%2Fv2%2Fcategories&post=3419"},{"taxonomy":"post_tag","embeddable":true,"href":"https:\/\/ctainternacionales.org\/index.php?rest_route=%2Fwp%2Fv2%2Ftags&post=3419"}],"curies":[{"name":"wp","href":"https:\/\/api.w.org\/{rel}","templated":true}]}}