{"id":3415,"date":"2016-03-30T15:52:21","date_gmt":"2016-03-30T18:52:21","guid":{"rendered":"http:\/\/www.ctainternacionales.org\/?p=3415"},"modified":"2016-03-30T16:18:06","modified_gmt":"2016-03-30T19:18:06","slug":"que-nos-deja-la-visita-de-obama","status":"publish","type":"post","link":"https:\/\/ctainternacionales.org\/?p=3415","title":{"rendered":"\u00bfQu\u00e9 nos deja la visita de Obama?"},"content":{"rendered":"<p style=\"text-align: justify;\">\u00bfQu\u00e9 nos deja la visita de Obama? Por Adolfo \u00abFito\u00bb Aguirre.<\/p>\n<p style=\"text-align: justify;\">La visita del presidente de Estados Unidos Barack Obama a la Argentina deja mucha tela para cortar, tanto por el impacto simb\u00f3lico como por los compromisos en los que entrar\u00eda Argentina a partir de un retorno a relaciones carnales con ese pa\u00eds del norte. Sugiero enfocarse en lo segundo, ya que respecto al simbolismo de la visita en coincidencia con el 24 de marzo, ya hemos expresado nuestro rechazo contundente a la presencia durante estas fechas tan importantes para nuestro pueblo.<!--more--><\/p>\n<p style=\"text-align: justify;\"><a href=\"http:\/\/www.ctainternacionales.org\/wp-content\/uploads\/2016\/03\/FARANDULA_LOS_OBAMA_BAILARON_EN_ARGENTINA_FARANDULA_1.jpg\" rel=\"attachment wp-att-3416\"><img loading=\"lazy\" decoding=\"async\" class=\"aligncenter size-thumbnail wp-image-3416\" src=\"http:\/\/www.ctainternacionales.org\/wp-content\/uploads\/2016\/03\/FARANDULA_LOS_OBAMA_BAILARON_EN_ARGENTINA_FARANDULA_1-307x205.jpg\" alt=\"FARANDULA_LOS_OBAMA_BAILARON_EN_ARGENTINA_FARANDULA_1\" width=\"307\" height=\"205\" \/><\/a>Aunque pas\u00f3 relativamente desapercibido en la agenda medi\u00e1tica, Obama vino a la Argentina con m\u00e1s de 400 empresarios de diferentes rubros y una agenda comercial clara: insertar a nuestro pa\u00eds dentro del espacio econ\u00f3mico norteamericano y fomentar nuestra participaci\u00f3n dentro del Tratado del Transpac\u00edfico (TPP). Esta intenci\u00f3n es parte de la agenda del gobierno de Macri desde la campa\u00f1a electoral, cuando se plante\u00f3 un desprecio hacia el Mercosur y la intenci\u00f3n de sumarse a la Alianza del Pac\u00edfico que integran Colombia, Per\u00fa, Chile, Costa Rica y M\u00e9xico, y que constituye algo as\u00ed como el cap\u00edtulo local del TPP. Si bien la canciller Malcorra expres\u00f3 en diversas oportunidades que el Mercosur es un pilar de la pol\u00edtica macrista, la orientaci\u00f3n hacia tratados amplios y de mayor liberalizaci\u00f3n del comercio es clara.<\/p>\n<p style=\"text-align: justify;\">La agenda del libre comercio no es s\u00f3lo problem\u00e1tica para nuestros pa\u00edses, sino tambi\u00e9n para los trabajadores de los pa\u00edses desarrollados. El mejor ejemplo de estos acuerdos es el NAFTA, acuerdo de libre comercio entre Estados Unidos, M\u00e9xico y Canad\u00e1 firmado hace ya 20 a\u00f1os y que sirve como maqueta de todos los dem\u00e1s acuerdos que est\u00e1n siendo firmados. El NAFTA no s\u00f3lo destruy\u00f3 la autonom\u00eda econ\u00f3mica de M\u00e9xico, adem\u00e1s de generar un proceso migratorio a partir de la dislocaci\u00f3n de campesinos y de la precarizaci\u00f3n laboral de los nuevos empleos creados; sino tambi\u00e9n fue negativo para los trabajadores estadounidenses, en especial de sectores industriales. Se estima que el NAFTA implic\u00f3 una p\u00e9rdida de m\u00e1s de 700,000 empleos industriales en EEUU, dejando a muchos de esos trabajadores sin alternativas laborales en otros sectores. El Acuerdo del Transpac\u00edfico no s\u00f3lo expondr\u00eda a nuestros pa\u00edses a una mayor asimetr\u00eda y desigualdad en las relaciones pol\u00edtico-econ\u00f3micas, sino que inclusive reforzar\u00eda el proceso de desigualdad social al interior de Estados Unidos. En pocas palabras, no beneficia ya pa\u00edses, sino a corporaciones econ\u00f3micas, las principales impulsoras\u2014y lobbistas\u2014de estos tratados.<\/p>\n<p style=\"text-align: justify;\">Estados Unidos es en la actualidad el 3er mercado para las exportaciones de Argentina, donde se dirigen casi el 6% de las exportaciones totales. Lidera ese ranking Brasil (donde van el 20% de nuestros productos), seguido por China con el 6,5%. En cuanto a las importaciones, Estados Unidos mantiene su posici\u00f3n, pero con un porcentaje ampliado de participaci\u00f3n siendo el 15% de las importaciones argentinas de ese origen. Brasil con el 21,8% y China con el 16% de las importaciones se constituyen como principales.<\/p>\n<p style=\"text-align: justify;\">El viaje de Obama y su \u00e9nfasis comercial apunta, entre otras cuestiones, a cambiar la naturaleza de la relaci\u00f3n e incrementar la significaci\u00f3n de Estados Unidos como socio comercial, en especial mirando la presencia China de la \u00faltima d\u00e9cada, que creci\u00f3 exponencialmente. No es casualidad que la semana previa a la visita de Obama se generan tensiones con China a partir de dos hechos relevantes: el anuncio del gobierno argentino de querer renegociar los t\u00e9rminos de los acuerdos para la construcci\u00f3n de represas en Santa Cruz; y el hundimiento del buque pesquero que actuaba en aguas argentinas de manera ilegal. Este \u00faltimo hecho tiene todas las fichas de generar tensiones en la relaci\u00f3n, en especial a partir del pedido de explicaciones de la canciller\u00eda china respecto a la decisi\u00f3n. Ninguno de los dos hechos van a romper la relaci\u00f3n con el gigante asi\u00e1tico, pero s\u00ed tienen que ser entendidos como se\u00f1ales del gobierno argentino en el contexto de la mayor presencia norteamericana en el pa\u00eds.<\/p>\n<p style=\"text-align: justify;\"><a href=\"http:\/\/www.ctainternacionales.org\/wp-content\/uploads\/2016\/03\/Barack-Usina-Guillermo-Rodriguez-Adami_CLAIMA20160323_0328_17.jpg\" rel=\"attachment wp-att-3417\"><img loading=\"lazy\" decoding=\"async\" class=\"aligncenter size-thumbnail wp-image-3417\" src=\"http:\/\/www.ctainternacionales.org\/wp-content\/uploads\/2016\/03\/Barack-Usina-Guillermo-Rodriguez-Adami_CLAIMA20160323_0328_17-307x204.jpg\" alt=\"Barack-Usina-Guillermo-Rodriguez-Adami_CLAIMA20160323_0328_17\" width=\"307\" height=\"204\" \/><\/a>Argentina est\u00e1 nuevamente resolviendo encrucijadas importantes hacia el lado de la apertura econ\u00f3mica, como si \u00e9sta fuera la \u00fanica soluci\u00f3n posible. Las relaciones con Estados Unidos son deficitarias en lo comercial. No se entiende c\u00f3mo estos acuerdos comerciales y de inversiones revertir\u00edan ese d\u00e9ficit. El camino trazado en la d\u00e9cada previa de integraci\u00f3n regional, de refuerzo de la autonom\u00eda sudamericana en relaci\u00f3n a los grandes bloques econ\u00f3micos fue incompleto y contradictorio. No significa que no sea ese el camino necesario. Mayor integraci\u00f3n, coordinaci\u00f3n entre nuestros pa\u00edses y solidaridad real son decisiones necesarias para poder confrontar y posicionarnos de una manera aut\u00f3noma frente a grandes potencias que s\u00f3lo refuerzan la asimetr\u00eda de relaciones entre pa\u00edses y al interior de \u00e9stos, donde las grandes corporaciones traman acuerdo a costas de los pueblos.<\/p>\n","protected":false},"excerpt":{"rendered":"\u00bfQu\u00e9 nos deja la visita de Obama? Por Adolfo \u00abFito\u00bb Aguirre. La visita del presidente de Estados Unidos Barack Obama a la Argentina \n<a class=\"moretag\" href=\"https:\/\/ctainternacionales.org\/?p=3415\"> [...]<\/a>","protected":false},"author":1,"featured_media":0,"comment_status":"closed","ping_status":"closed","sticky":false,"template":"","format":"standard","meta":{"ngg_post_thumbnail":0,"footnotes":""},"categories":[],"tags":[],"class_list":["post-3415","post","type-post","status-publish","format-standard","hentry"],"_links":{"self":[{"href":"https:\/\/ctainternacionales.org\/index.php?rest_route=\/wp\/v2\/posts\/3415","targetHints":{"allow":["GET"]}}],"collection":[{"href":"https:\/\/ctainternacionales.org\/index.php?rest_route=\/wp\/v2\/posts"}],"about":[{"href":"https:\/\/ctainternacionales.org\/index.php?rest_route=\/wp\/v2\/types\/post"}],"author":[{"embeddable":true,"href":"https:\/\/ctainternacionales.org\/index.php?rest_route=\/wp\/v2\/users\/1"}],"replies":[{"embeddable":true,"href":"https:\/\/ctainternacionales.org\/index.php?rest_route=%2Fwp%2Fv2%2Fcomments&post=3415"}],"version-history":[{"count":1,"href":"https:\/\/ctainternacionales.org\/index.php?rest_route=\/wp\/v2\/posts\/3415\/revisions"}],"predecessor-version":[{"id":3418,"href":"https:\/\/ctainternacionales.org\/index.php?rest_route=\/wp\/v2\/posts\/3415\/revisions\/3418"}],"wp:attachment":[{"href":"https:\/\/ctainternacionales.org\/index.php?rest_route=%2Fwp%2Fv2%2Fmedia&parent=3415"}],"wp:term":[{"taxonomy":"category","embeddable":true,"href":"https:\/\/ctainternacionales.org\/index.php?rest_route=%2Fwp%2Fv2%2Fcategories&post=3415"},{"taxonomy":"post_tag","embeddable":true,"href":"https:\/\/ctainternacionales.org\/index.php?rest_route=%2Fwp%2Fv2%2Ftags&post=3415"}],"curies":[{"name":"wp","href":"https:\/\/api.w.org\/{rel}","templated":true}]}}