{"id":3408,"date":"2016-03-29T14:27:21","date_gmt":"2016-03-29T17:27:21","guid":{"rendered":"http:\/\/www.ctainternacionales.org\/?p=3408"},"modified":"2016-03-29T14:33:25","modified_gmt":"2016-03-29T17:33:25","slug":"la-cta-autonoma-participo-de-la-reunion-de-coordinacion-en-america-latina","status":"publish","type":"post","link":"https:\/\/ctainternacionales.org\/?p=3408","title":{"rendered":"La CTA Aut\u00f3noma particip\u00f3 de la reuni\u00f3n de coordinaci\u00f3n en Am\u00e9rica Latina"},"content":{"rendered":"<p style=\"text-align: justify;\">La CTA Aut\u00f3noma particip\u00f3 de la Reuni\u00f3n de coordinaci\u00f3n en Am\u00e9rica Latina de la campa\u00f1a \u201cAlto a la codicia corporativa, controlar el poder de las empresas transnacionales en las cadenas de suministro\u201d impulsada por la CSI.<!--more--><\/p>\n<p style=\"text-align: justify;\"><a href=\"http:\/\/www.ctainternacionales.org\/wp-content\/uploads\/2016\/03\/El_salvador_3.jpg\" rel=\"attachment wp-att-3409\"><img loading=\"lazy\" decoding=\"async\" class=\"aligncenter size-thumbnail wp-image-3409\" src=\"http:\/\/www.ctainternacionales.org\/wp-content\/uploads\/2016\/03\/El_salvador_3-307x173.jpg\" alt=\"El_salvador_3\" width=\"307\" height=\"173\" \/><\/a>La reuni\u00f3n se llev\u00f3 a cabo en El Salvador, durante los d\u00edas 21 y 22 de marzo y tuvo como objetivo coordinar las acciones que el sindicalismo est\u00e1 llevando a cabo en el marco de la campa\u00f1a Alto a la codicia corporativa, para frenar el poder de las grandes empresas transnacionales que operan en la regi\u00f3n y defender los derechos de los trabajadores.<\/p>\n<p style=\"text-align: justify;\">Por la CTA Aut\u00f3noma participaron Adolfo \u201cFito\u201d Aguirre, Secretario de Relaciones Internacionales de la CTA-A y coordinador nacional de la campa\u00f1a, y Sabrina Haboba, Asesora de la Secretar\u00eda Relaciones Internacionales.<\/p>\n<p style=\"text-align: justify;\">El encuentro estuvo coordinado por Sharan Burrow, Secretaria General de la Confederaci\u00f3n Sindical Internacional (CSI), y por Michael Flinn, representante de la ASU y coordinador de la campa\u00f1a. Participaron tambi\u00e9n del encuentro, Victor Ba\u00e9z, Secretario General de la CSA; Amanda Villatoro, Secretaria de Pol\u00edtica Sindical y Educaci\u00f3n de la CSA; Alex Pra\u00e7a, asesor del Departamento de derechos humanos y sindicales de la CSI, y referentes sindicales de los pa\u00edses donde se est\u00e1 llevando a cabo la campa\u00f1a ( Argentina, Brasil, El Salvador, Panam\u00e1 y Costa Rica).<\/p>\n<p style=\"text-align: justify;\">Sharan Burrow comenz\u00f3 la reuni\u00f3n haciendo un paneo de la situaci\u00f3n de c\u00f3mo operan las empresas transnacionales. Estas empresas controlan el 80% del comercio mundial, y entre el 60 y el 80% de la producci\u00f3n mundial se organiza a trav\u00e9s de sus cadenas de suministro, que operan deslocalizando la producci\u00f3n y ofreciendo precarias condiciones laborales a sus trabajadores para abaratar los costos de producci\u00f3n. Estas empresas a su vez suelen beneficiarse de exenciones impositivas y de mercados de trabajo desregulados fomentados por los pa\u00edses para atraer inversiones. Debido a ala envergadura de la tem\u00e1tica, esta campa\u00f1a constituye una de las principales l\u00edneas de acci\u00f3n de la CSI para este a\u00f1o, adem\u00e1s que el tema ser\u00e1 discutido en la Conferencia Internacional del Trabajo que tendr\u00e1 lugar este a\u00f1o.<a href=\"http:\/\/www.ctainternacionales.org\/wp-content\/uploads\/2016\/03\/Foto_el_salvador_2.jpg\" rel=\"attachment wp-att-3410\"><img loading=\"lazy\" decoding=\"async\" class=\"aligncenter size-thumbnail wp-image-3410\" src=\"http:\/\/www.ctainternacionales.org\/wp-content\/uploads\/2016\/03\/Foto_el_salvador_2-307x173.jpg\" alt=\"Foto_el_salvador_2\" width=\"307\" height=\"173\" \/><\/a><\/p>\n<p style=\"text-align: justify;\">Durante el encuentro se intercambiaron experiencias en relaci\u00f3n a las condiciones laborales de los trabajadores y trabajadoras que trabajan a lo largo de las cadenas de suministro en las empresas transnacionales. En ese contexto, Fito Aguirre, describi\u00f3 la situaci\u00f3n en la Argentina, y las actividades que se han venido realizando desde la Central, en el \u00e1mbito de la campa\u00f1a, que en su versi\u00f3n argentina se denomina Paremos la codicia corporativa, controlemos el poder de las empresas transnacionales. En ese sentido destac\u00f3 el triunfo de Bayer, donde se logr\u00f3 la reincorporaci\u00f3n de trabajadores despedidos gracias a la acci\u00f3n y movilizaci\u00f3n de AAPM pero tambi\u00e9n gracias a la acci\u00f3n y la solidaridad internacional que potenciaron las herramientas para obtener una victoria para los trabajadores. A su vez, Fito Aguirre destac\u00f3 la necesidad de trabajar en relaci\u00f3n a cu\u00e1l debe ser el rol de los Estados frente a las grandes empresas, para controlar efectivamente el poder de las mismas.<\/p>\n<p style=\"text-align: justify;\">A su vez, los compa\u00f1eros de Panam\u00e1, El Salvador y Costa Rica describieron la situaci\u00f3n de precarizaci\u00f3n laboral que atraviesan los trabajadores y trabajadoras de actividades primarias y en las maquilas, que funcionan en la regi\u00f3n como centros de producci\u00f3n para empresas transnacionales extranjeras.<\/p>\n<p style=\"text-align: justify;\">En la actividad se trabaj\u00f3 en conjunto para hacer una puesta en com\u00fan de las posibles estrategias para combinar lo local, lo nacional y lo global, y las diferentes herramientas con las que cuenta el sindicalismo para poder incidir en mejoras de las condiciones laborales de los trabajadores.<\/p>\n<p style=\"text-align: justify;\">Durante el encuentro se proyect\u00f3 un video elaborado por el equipo de la Secretar\u00eda de Relaciones Internacionales y la Secretar\u00eda de comunicaci\u00f3n de la CTA-Aut\u00f3noma, donde se retrata la situaci\u00f3n de trabajadores de El Salvador, Paraguay, Honduras, Rep\u00fablica Dominicana, Chile y Argentina. En este \u00faltimo caso se expuso la situaci\u00f3n de los trabajadores tercerizados de Telef\u00f3nica y la lucha que viene llevando Uettel para defender sus derechos.<\/p>\n<p style=\"text-align: justify;\">Por \u00faltimo, para cerrar el encuentro se delineraron los pr\u00f3ximos pasos a seguir para mapear las empresas transnacionales en la regi\u00f3n y seguir trabajando para ofrecer una respuesta global a la codicia corporativa.<\/p>\n<p style=\"text-align: justify;\">* Equipo de Comunicaci\u00f3n de la Secretar\u00eda de Relaciones Internacionales de la CTA<\/p>\n","protected":false},"excerpt":{"rendered":"La CTA Aut\u00f3noma particip\u00f3 de la Reuni\u00f3n de coordinaci\u00f3n en Am\u00e9rica Latina de la campa\u00f1a \u201cAlto a la codicia corporativa, controlar el poder \n<a class=\"moretag\" href=\"https:\/\/ctainternacionales.org\/?p=3408\"> [...]<\/a>","protected":false},"author":1,"featured_media":0,"comment_status":"closed","ping_status":"closed","sticky":false,"template":"","format":"standard","meta":{"ngg_post_thumbnail":0,"footnotes":""},"categories":[],"tags":[],"class_list":["post-3408","post","type-post","status-publish","format-standard","hentry"],"_links":{"self":[{"href":"https:\/\/ctainternacionales.org\/index.php?rest_route=\/wp\/v2\/posts\/3408","targetHints":{"allow":["GET"]}}],"collection":[{"href":"https:\/\/ctainternacionales.org\/index.php?rest_route=\/wp\/v2\/posts"}],"about":[{"href":"https:\/\/ctainternacionales.org\/index.php?rest_route=\/wp\/v2\/types\/post"}],"author":[{"embeddable":true,"href":"https:\/\/ctainternacionales.org\/index.php?rest_route=\/wp\/v2\/users\/1"}],"replies":[{"embeddable":true,"href":"https:\/\/ctainternacionales.org\/index.php?rest_route=%2Fwp%2Fv2%2Fcomments&post=3408"}],"version-history":[{"count":1,"href":"https:\/\/ctainternacionales.org\/index.php?rest_route=\/wp\/v2\/posts\/3408\/revisions"}],"predecessor-version":[{"id":3411,"href":"https:\/\/ctainternacionales.org\/index.php?rest_route=\/wp\/v2\/posts\/3408\/revisions\/3411"}],"wp:attachment":[{"href":"https:\/\/ctainternacionales.org\/index.php?rest_route=%2Fwp%2Fv2%2Fmedia&parent=3408"}],"wp:term":[{"taxonomy":"category","embeddable":true,"href":"https:\/\/ctainternacionales.org\/index.php?rest_route=%2Fwp%2Fv2%2Fcategories&post=3408"},{"taxonomy":"post_tag","embeddable":true,"href":"https:\/\/ctainternacionales.org\/index.php?rest_route=%2Fwp%2Fv2%2Ftags&post=3408"}],"curies":[{"name":"wp","href":"https:\/\/api.w.org\/{rel}","templated":true}]}}