{"id":3402,"date":"2016-03-25T20:15:37","date_gmt":"2016-03-25T23:15:37","guid":{"rendered":"http:\/\/www.ctainternacionales.org\/?p=3402"},"modified":"2016-03-25T20:28:55","modified_gmt":"2016-03-25T23:28:55","slug":"discurso-a-40-anos-del-golpe-genocida","status":"publish","type":"post","link":"https:\/\/ctainternacionales.org\/?p=3402","title":{"rendered":"Discurso a 40 a\u00f1os del golpe genocida"},"content":{"rendered":"<p style=\"text-align: justify;\">A continuaci\u00f3n, compartimos el texto completo que pronunciamos junto a los organismos de derechos humanos en la Plaza de Mayo<!--more--><\/p>\n<p style=\"text-align: justify;\">A 40 a\u00f1os del golpe genocida, que le caus\u00f3 tanto da\u00f1o a nuestro pueblo, con miles de asesinados, detenidos-desaparecidos, presas y presos pol\u00edticos, exiliados, con un pueblo hundido en la pobreza, sin justicia social y con mucho miedo, estamos en esta Plaza de Mayo para reivindicar las luchas de los 30.000.<\/p>\n<p style=\"text-align: justify;\">Son 40 a\u00f1os de aquel 24 de marzo de 1976, cuando los genocidas ocuparon la Casa Rosada para decidir sobre la vida y la muerte. Con el terror sistem\u00e1tico como m\u00e9todo, buscaron imponer un plan econ\u00f3mico, pol\u00edtico, social y cultural de hambre y exclusi\u00f3n con la receta escrita por los grupos econ\u00f3micos, el Gobierno de Estados Unidos, la c\u00fapula de la Iglesia y con la participaci\u00f3n de la corporaci\u00f3n judicial.<\/p>\n<p style=\"text-align: justify;\">Con la Doctrina de Seguridad Nacional, intentaron instalar la idea de un enemigo interno, formando a las Fuerzas Armadas con la Escuela de las Am\u00e9ricas para masacrar al pueblo. Nos llenaron al pa\u00eds de miedo. El \u201cno te met\u00e1s\u201d era la l\u00ednea editorial de los medios como Clar\u00edn, La Naci\u00f3n y tantos otros que fueron part\u00edcipes de los delitos de lesa humanidad. Colmaron las hojas de sus diarios mintiendo sobre el terrorismo de Estado, acusando a los militantes de asesinos, mostrando como enfrentamientos los cr\u00edmenes, escribiendo los argumentos de la \u201cteor\u00eda de los dos demonios\u201d, ejerciendo la acci\u00f3n psicol\u00f3gica del terror desde la tinta y el papel, acusando a los sobrevivientes que denunciaban a la dictadura en el exterior de hacer una campa\u00f1a \u201canti-argentina\u201d.<\/p>\n<p style=\"text-align: justify;\">40 a\u00f1os despu\u00e9s, beneficiados por la impunidad, esos medios siguen haciendo lo mismo: hablan de \u201cgrasa militante\u201d y de \u201c\u00f1oquis\u201d, apuntando contra trabajadores y organizaciones pol\u00edticas, porque les molesta que la juventud se organice, luche, sea solidaria y comprometida.<\/p>\n<p style=\"text-align: justify;\">Son 40 a\u00f1os de lucha, memoria y militancia. 40 a\u00f1os buscando a nuestros seres amados. Empezamos este camino en mucha soledad, con persecuci\u00f3n y represi\u00f3n. Las primeras Madres de Plaza de Mayo fueron detenidas-desaparecidas en la ESMA y arrojadas en los vuelos de la muerte. De ah\u00ed venimos, de lo dif\u00edcil, del dolor, pero tambi\u00e9n del amor por nuestros hijos, hijas, hermanos, hermanas, padres, madres y esos miles de militantes que se organizaron y lucharon por un pa\u00eds grande, justo y libre. Eligieron la pol\u00edtica como herramienta y se unieron en organizaciones sociales, pol\u00edticas, sindicales, estudiantiles, como la UES, Montoneros, ERP, FAP, los Sacerdotes por el Tercer Mundo, FAL, Vanguardia Comunista y tantas otras. Lucharon en los ingenios azucareros, las Ligas Agrarias, el Cordobazo y el Rosariazo, los Astilleros y las comisiones obreras de las f\u00e1bricas.<\/p>\n<p style=\"text-align: justify;\">Esa militancia nos da orgullo, como la nuestra y la de todos los compa\u00f1eros y compa\u00f1eras que luchamos para que la Patria sea cada vez m\u00e1s Grande. Los que est\u00e1n molestos con nuestra militancia, nos estigmatizan; pero cada victoria nos confirma que estamos en el camino correcto. Por eso, queremos homenajear hoy tambi\u00e9n a todos los compa\u00f1eros y compa\u00f1eras integrantes de los organismos de derechos humanos y sobrevivientes que han sido parte de esta lucha y hoy no est\u00e1n f\u00edsicamente. Por ellos y ellas tambi\u00e9n gritamos \u00a1PRESENTES!<\/p>\n<p style=\"text-align: justify;\">Hoy estamos en esta Plaza con el miedo nuevamente entre nosotros. Porque semanas atr\u00e1s fue baleado un local partidario y dos militantes fueron heridas; porque semanas antes Gendarmer\u00eda tir\u00f3 con balas de goma contra una murga, mayoritariamente integrada por ni\u00f1os y ni\u00f1as; y porque Milagro Sala es una presa pol\u00edtica de este Gobierno, al que le molesta la militancia. Nos prefieren obedientes y conformistas, desinformados y sin educaci\u00f3n. Nos pretenden sometidos y asustados. Pero tenemos las banderas de los 30.000 muy altas, les decimos que al miedo lo conocimos hace rato, con la Triple A y los genocidas, y que no van a detenernos. Vamos a seguir defendiendo nuestros derechos, vamos a seguir defendiendo la democracia.<\/p>\n<p style=\"text-align: justify;\">En estos primeros 100 d\u00edas de gobierno, nuestra democracia retrocedi\u00f3 demasiado: con decretos de supuesta necesidad y urgencia, se violentaron leyes e instituciones, como la ley de Servicios de Comunicaci\u00f3n Audiovisual y el Congreso de la Naci\u00f3n, cuando se intent\u00f3 imponer a dos jueces de la Corte. La necesidad y urgencia que los corr\u00eda era la de desarmar el pa\u00eds que ten\u00edamos, integrado a la Patria Grande y con un Estado para el pueblo. Lo cambiaron por un pa\u00eds entregado a las corporaciones y con un Estado de espaldas al pueblo, con l\u00f3gicas empresariales y el vaciamiento de pol\u00edticas sociales fundamentales para garantizar derechos. Para intentar asegurarse ese modelo neoliberal de pa\u00eds, dise\u00f1aron un protocolo de represi\u00f3n para que el miedo interfiera en la protesta social y que el reclamo por trabajo, educaci\u00f3n, salud y vivienda sea demonizado. Resulta importante resaltar que entre las preocupaciones del nuevo gobierno no estuvo la de derogar una ley que no puede seguir en vigencia: la Ley Antiterrorista. \u00bfSer\u00e1 que la usar\u00e1 con el protocolo de represi\u00f3n de la protesta social?<\/p>\n<p style=\"text-align: justify;\">Por eso, porque sin derechos no hay democracia, denunciamos que en 100 d\u00edas, el gobierno de Macri, como sostuvo Rodolfo Walsh en 1977 en su Carta Abierta a la Junta Militar, ha \u201crestaurado la corriente de ideas e intereses de minor\u00edas derrotadas que traban el desarrollo de las fuerzas productivas, explotan al pueblo y disgregan la Naci\u00f3n\u201d. 39 a\u00f1os despu\u00e9s de esa Carta, los miles de despidos, la persecuci\u00f3n a la militancia, los planes sociales desarmados, las leyes del Congreso en contra del pueblo y la represi\u00f3n, son algunos de los hechos de los primeros 100 d\u00edas de gobierno que nos convocan a defender la democracia. Por eso, hoy est\u00e1n en esta Plaza las centrales obreras, porque los trabajadores son la Patria, porque no vamos a permitir que nos roben el derecho al trabajo, ni que le pongan techo a las paritarias, ni que estigmaticen a los trabajadores y trabajadoras. Despu\u00e9s de m\u00e1s de 12 a\u00f1os de un proyecto de inclusi\u00f3n, hoy las pol\u00edticas de Estado empiezan a ser de exclusi\u00f3n social, pol\u00edtica, econ\u00f3mica y cultural.<\/p>\n<p style=\"text-align: justify;\">Sin derechos no hay democracia, porque cuando todo se concentra arriba, abajo quedan la pobreza, el hambre, la desocupaci\u00f3n, la represi\u00f3n. El macrismo es el gobierno de la exclusi\u00f3n planificada, de los derechos para pocos.<\/p>\n<p style=\"text-align: justify;\">Estos 40 a\u00f1os nos encuentran en la Plaza en la que comenzamos las rondas las Madres, Abuelas y Familiares. Empezamos a caminar cuando estaba prohibido reunirse, cuando el Congreso estaba cerrado, cuando la desaparici\u00f3n forzada de personas era el m\u00e9todo de exterminar a la oposici\u00f3n, cuando la censura era el arma del gobierno genocida para excluir de la cultura y la informaci\u00f3n para hacer m\u00e1s f\u00e1cil el sometimiento del pueblo. Ac\u00e1 vinimos cada vez que salimos a protestar, marchar y reclamar. Ac\u00e1 nos bombardearon, ac\u00e1 metimos las patas en las fuentes, ac\u00e1 hicimos la primera marcha de la resistencia en plena dictadura, ac\u00e1 nos masacraron en el 2001. Ac\u00e1 venimos a recordar a nuestros seres amados, porque lucharon por un pa\u00eds para todos y se los llevaron por un pa\u00eds para pocos. Eran mujeres y hombres con proyectos, convicciones, solidarios, comprometidos. Son 40 a\u00f1os: cuatro d\u00e9cadas sin esos militantes que nos faltan todos los d\u00edas.<\/p>\n<p style=\"text-align: justify;\">Por eso no vamos a permitir que nadie, y menos un funcionario, niegue esta ausencia forzada que son los 30.000 o intente reinstalar la teor\u00eda de los dos demonios. Nuevamente, exigimos la renuncia indeclinable e inmediata de Dar\u00edo Lop\u00e9rfido, un funcionario negacionista a cargo de la cultura del gobierno de esta Ciudad, quien puso en duda la magnitud del genocidio que sufri\u00f3 nuestro pueblo. Tan grave como sus dichos es que el Jefe de Gobierno de la Ciudad, Horacio Rodr\u00edguez Larreta, lo mantenga en su cargo.<\/p>\n<p style=\"text-align: justify;\">Llegamos a los 40 a\u00f1os de lucha, memoria y militancia. En estas d\u00e9cadas, los genocidas pasaron m\u00e1s a\u00f1os con impunidad que presos donde deben estar: en la c\u00e1rcel com\u00fan, perpetua y efectiva. Al juicio a las Juntas Militares lo sucedieron la Obediencia Debida, el Punto Final y los Indultos que pusieron nuevamente en las calles a los asesinos del pueblo. El camino fue duro: hasta llegamos a ver y escuchar a los culpables reivindicar sus cr\u00edmenes en televisi\u00f3n. Los se\u00f1alamos con los escraches para demostrar que la condena social repudiaba la impunidad. Empezamos a ver avanzar causas judiciales fuera del pa\u00eds, mientras ac\u00e1 la impunidad estaba comprando en el supermercado o paseando por la playa. Esa historia empez\u00f3 a cambiar en el 2003, con el Presidente N\u00e9stor Kirchner, quien decidi\u00f3 sacarle las vallas a la historia e incluir en pol\u00edticas de Estado la lucha del pueblo por la Memoria, la Verdad y la Justicia.<\/p>\n<p style=\"text-align: justify;\">As\u00ed, con la continuidad y profundizaci\u00f3n de las Presidencias de Cristina Fern\u00e1ndez, llegamos a estos 40 a\u00f1os del Golpe con m\u00e1s de 660 genocidas condenados, 119 identidades restituidas, m\u00e1s de 130 ex centros clandestinos se\u00f1alizados y 35 espacios de memoria puestos en funcionamiento. La Memoria, la Verdad y la Justicia ya no son un imposible: son una de las victorias que vamos a seguir defendiendo a diario. El gobierno tiene un doble discurso que hay que denunciar: mientras declara a la prensa que los juicios a los genocidas continuar\u00e1n, despide a los trabajadores y trabajadoras que sostienen las pol\u00edticas de Estado que los garantizan, como el acompa\u00f1amiento a testigos y la investigaci\u00f3n para las causas. Adem\u00e1s, no cesa en el intento de apartar a la Procuradora General de la Naci\u00f3n, Alejandra Gils Carb\u00f3 y ya avanz\u00f3 con limitaciones a sus funciones. Las pol\u00edticas de Memoria, Verdad y Justicia, como cualquier otra que garantice derechos, s\u00f3lo se sostienen con los trabajadores y trabajadoras adentro. Por eso, exigimos que se terminen los despidos, que se respete el derecho al trabajo, que se mantengan las pol\u00edticas de Estado de Memoria, Verdad y Justicia para que encontremos a todos los j\u00f3venes apropiados, para que se sigan preservando, recuperando y resignificando los ex centros clandestinos, para que contin\u00fae la b\u00fasqueda de los cuerpos de los detenidos-desaparecidos y que sigan los juicios a los genocidas.<\/p>\n<p style=\"text-align: justify;\">La del 76 fue una dictadura c\u00edvico-militar. Los grupos econ\u00f3micos, el Gobierno de Estados Unidos, la c\u00fapula de la Iglesia y la corporaci\u00f3n judicial fueron la parte civil del golpe de Estado m\u00e1s asesino de nuestra historia, en el que las Fuerzas Armadas desplegaron algunos de los m\u00e9todos de tortura m\u00e1s macabros del mundo. Se pusieron en funcionamiento cientos de centros clandestinos de detenci\u00f3n, tortura y exterminio, en los que algunos integrantes de la Iglesia y el Poder Judicial fueron parte de los interrogatorios y las torturas, en los que hubo m\u00e9dicos que participaron en el plan sistem\u00e1tico de apropiaci\u00f3n de beb\u00e9s, en los que se manten\u00eda un pa\u00eds clandestino bajo delitos de lesa humanidad. La participaci\u00f3n civil en los delitos de lesa humanidad todav\u00eda tiene demasiada impunidad. Algunos de los responsables llegaron a juicio, pero la mayor\u00eda no. La corporaci\u00f3n judicial sigue beneficiando a sus socios y protegiendo a sus culpables. Con causas cajoneadas, como la de Papel Prensa, los empresarios genocidas caminan por las calles y hoy vuelven a cargar la tinta contra la democracia. Desde su palco de doctrina, fue el diario La Naci\u00f3n el primero en pedir impunidad para los genocidas al d\u00eda siguiente del triunfo electoral de Mauricio Macri. Los genocidas civiles no tuvieron un papel secundario: estuvieron en la misma mesa que Videla a la hora de planificar el terror. Incluso usaron oficinas de Clar\u00edn y La Naci\u00f3n para cometer sus cr\u00edmenes, e instalaciones de Ford para secuestrar, torturar e interrogar. Esos civiles, casi en su totalidad, como Blaquier y Massot, contin\u00faan impunes.<\/p>\n<p style=\"text-align: justify;\">No s\u00f3lo nos da\u00f1a el silencio, sino tambi\u00e9n la mentira. Por eso, volvemos a decir que la \u00fanica guerra que hubo entre 1976 y 1983 fue la de Malvinas, en la que perdieron la vida cientos de personas en nombre de una batalla desigual. A los cr\u00edmenes de la guerra se le sumaron los delitos de lesa humanidad cometidos por algunos jefes sobre los combatientes, delitos que deben ser juzgados y condenados como parte del accionar criminal del Estado terrorista. Esa es una de las deudas de esta democracia, como tambi\u00e9n lo es la identificaci\u00f3n de los 123 cuerpos de quienes perdieron la vida en el conflicto b\u00e9lico. Seguimos exigiendo el reconocimiento de la soberan\u00eda sobre las Islas. \u00a1Las Malvinas son argentinas! \u00a1Memoria, Verdad, Justicia y Soberan\u00eda!<\/p>\n<p style=\"text-align: justify;\">Los genocidas mantienen los pactos de silencio. Eso se tiene que terminar. Necesitamos saber la verdad, toda la verdad: \u00bfd\u00f3nde est\u00e1n los cuerpos? \u00bfD\u00f3nde est\u00e1n los j\u00f3venes apropiados? Ellos lo saben porque fueron part\u00edcipes. En todos estos a\u00f1os, pudimos encontrar a algunos de los nietos y nietas, quienes ya pudieron abrazarse con sus familias. Pero faltan muchos m\u00e1s: por eso, porque cientos de j\u00f3venes todav\u00eda no conocen su identidad, los seguimos buscando. Tal vez alguno o alguna est\u00e9 en esta Plaza o alguien que est\u00e1 ac\u00e1 los conoce. Puede pasar, porque est\u00e1n entre nosotros, est\u00e1n en alguna parte. Nosotros los buscamos siempre, cada d\u00eda. Necesitamos que se acerquen, que venzan el miedo, que asuman la duda y que vengan: si nosotros los buscamos y ustedes se acercan, todos nos encontramos.<\/p>\n<p style=\"text-align: justify;\">Recientemente, el Presidente de Estados Unidos se anunci\u00f3 que, 40 a\u00f1os despu\u00e9s, ser\u00e1n desclasificados archivos de la dictadura. Es obligaci\u00f3n de todos los Estados y gobiernos aportar a la Memoria, la Verdad y la Justicia. Por eso, esperamos que se cumpla el anuncio y que finalmente podamos acceder a toda la informaci\u00f3n que tiene ese pa\u00eds, que fue part\u00edcipe de los delitos de lesa humanidad que se cometieron en las dictaduras de la regi\u00f3n con el Plan C\u00f3ndor. Necesitamos que desclasifiquen toda la informaci\u00f3n, que extraditen al genocida Roberto Bravo, uno de los asesinos de la Masacre de Trelew, y que ayuden de manera urgente a la b\u00fasqueda de los nietos apropiados que podr\u00edan vivir en ese pa\u00eds. Adem\u00e1s, sostenemos categ\u00f3ricamente que Estados Unidos debe dejar de violar los derechos humanos tanto en su territorio como en otros, como en la c\u00e1rcel de Guant\u00e1namo.<\/p>\n<p style=\"text-align: justify;\">Esta democracia de m\u00e1s de 32 a\u00f1os tuvo que ser defendida muchas veces. Nadie olvida los levantamientos de los carapintadas, ni la masacre de diciembre del 2001 contra la rebeli\u00f3n popular, cuando el pueblo volvi\u00f3 a ser v\u00edctima de pol\u00edticas de exclusi\u00f3n y represi\u00f3n, con m\u00e1s de 30 asesinados en todo el pa\u00eds y las Madres nuevamente reprimidas en Plaza de Mayo. Nadie olvida. En septiembre se cumplir\u00e1n 10 a\u00f1os de la desaparici\u00f3n forzada de Jorge Julio L\u00f3pez y seguimos exigiendo saber qu\u00e9 pas\u00f3 con \u00e9l y que haya Juicio y Castigo a los culpables. Tampoco olvidamos la desaparici\u00f3n forzada de Miguel Br\u00fa, ni lo que hicieron con Luciano Arruga y Andrea Viera, ni los asesinatos de Fuentealba, Cabezas, Kosteki, Santill\u00e1n y Mariano Ferreyra. A 40 a\u00f1os del golpe genocida, nos sentimos nuevamente convocados y convocadas a defender la democracia, porque el cambio de gobierno est\u00e1 significando a diario la vulneraci\u00f3n de derechos: miles de personas despedidas en el Estado y el sector privado, la criminalizaci\u00f3n de la protesta, la profundizaci\u00f3n de pr\u00e1cticas de violencia institucional, la persecuci\u00f3n ideol\u00f3gica, con el extremo de que hoy tengamos una presa pol\u00edtica, por eso decimos: \u00a1Libertad ya a Milagro Sala!<\/p>\n<p style=\"text-align: justify;\">Vemos tambi\u00e9n con profunda preocupaci\u00f3n c\u00f3mo en este pa\u00eds cambiado se profundiza la violencia institucional, pr\u00e1ctica represiva que naci\u00f3 alimentada de los indultos, la obediencia debida y el punto final, y que sigue siendo una de las mayores urgencias de la democracia. Mientras haya un Poder Judicial que, como lo hizo recientemente la Corte Suprema de Justicia de la Naci\u00f3n, autorice el uso de las neopicanas Taser, lejos estaremos de lograr la erradicaci\u00f3n de esa violencia, como tambi\u00e9n lo estaremos mientras sigan funcionando c\u00e1rceles y comisar\u00edas como lugares de criminalizaci\u00f3n de la pobreza, de aplicaci\u00f3n de tormentos y torturas. Por eso, repudiamos en\u00e9rgicamente, la violencia institucional cometida recientemente por la Polic\u00eda de Miramar contra un joven militante estudiantil y de la diversidad sexual.<\/p>\n<p style=\"text-align: justify;\">Pero con un Poder Judicial que habilita a la Polic\u00eda a pedir el documento sin justificaci\u00f3n, y con funcionarios que, con la excusa de combatir al narcotr\u00e1fico, pretenden dejar la seguridad en los barrios en manos de las Fuerzas Armadas, el camino en la lucha para erradicar la violencia institucional se hace cada vez m\u00e1s dif\u00edcil.<\/p>\n<p style=\"text-align: justify;\">Tambi\u00e9n se hace dif\u00edcil terminar con las violencias hacia las mujeres cuando hay un Estado que cierra \u00e1reas de atenci\u00f3n y protecci\u00f3n, o con un Poder Judicial patriarcal, que criminaliza a las v\u00edctimas, o con un Presidente de la Naci\u00f3n mis\u00f3gino que premia con cargos p\u00fablicos a quienes denigran a las mujeres y \u00e9l mismo sostiene que, en definitiva, a las mujeres les gusta que las traten mal. Hay mujeres que a diario pierden la vida por los femicidios. Sin un Estado comprometido, no hay salida posible y a los funcionarios no les queda otro lugar m\u00e1s que el de la complicidad. Lo mismo podemos decir sobre la trata de personas: mientras sectores del Poder Judicial, las Fuerzas de Seguridad y otros funcionarios, por acci\u00f3n u omisi\u00f3n, sean parte del delito, lejos estaremos de terminar con ese crimen que se roba a diario miles de vidas de mujeres, hombres, ni\u00f1os y ni\u00f1as para la explotaci\u00f3n sexual y\/o laboral. \u00a1Basta de femicidios! \u00a1Basta de trata de personas!<\/p>\n<p style=\"text-align: justify;\">Hoy, nuestra Patria Grande est\u00e1 siendo atacada, porque las corporaciones no quieren perder su poder. En esta Plaza, repudiamos en\u00e9rgicamente los intentos destituyentes a las democracias latinoamericanas y abrazamos al pueblo de Brasil en su defensa de la soberan\u00eda popular. Las corporaciones van por Maduro en Venezuela, por Evo en Bolivia, por Dilma y Lula en Brasil, demostrando que la corporaci\u00f3n judicial y econ\u00f3mica no tiene fronteras. Van por nuestra libertad, nuestros derechos. Por eso, porque tenemos memoria tambi\u00e9n en los pies, no olvidamos el camino recorrido y sabemos que un pueblo organizado es imposible de vencer. Porque los que desaparecieron a los 30.000 y pretendieron matar para siempre a todas las luchas, son los mismos que hoy persiguen a los militantes. Son los mismos que empobrecieron al pa\u00eds con la deuda externa de sus empresas y da\u00f1aron con sus cr\u00edmenes los que hoy vuelven a la Casa Rosada: los Macri, la Nueva Provincia y la Sociedad Rural Argentina. Son los mismos y persiguen el mismo objetivo: atacar al pueblo organizado.<\/p>\n<p style=\"text-align: justify;\">Tambi\u00e9n nos preocupa que se venda la soberan\u00eda de nuestro pa\u00eds con la megaminer\u00eda, la extranjerizaci\u00f3n de nuestros recursos naturales y con un pago irresponsable a los fondos buitres. No podemos volver a aceptar que nos impongan deudas injustas. Recordamos el da\u00f1o y el hambre que nos provoc\u00f3 durante d\u00e9cadas la deuda externa de la dictadura. No queremos volver a eso. Defendemos a nuestro pa\u00eds, defendemos nuestro futuro.<\/p>\n<p style=\"text-align: justify;\">A 40 a\u00f1os del golpe genocida, sentimos orgullo de las luchas de los 30.000 detenidos-desaparecidos. Los miramos en las fotos y los recordamos con amor, y podemos reivindicar sus luchas. Podemos nombrarlos ac\u00e1, en la Plaza del pueblo, y saber que son parte de esta memoria colectiva que los abraza. Lucharon por una Patria Grande, justa, libre, solidaria e inclusiva. Y a pesar de las p\u00e9rdidas, y a pesar del dolor, y a pesar de hoy estar viviendo un retroceso en materia de derechos en el pa\u00eds, nunca perdimos ni perderemos las esperanzas: sabemos que son posibles los imposibles. A 40 a\u00f1os del golpe genocida, a 40 a\u00f1os de lucha, memoria y militancia, sin derechos no hay democracia.<\/p>\n<p style=\"text-align: justify;\">30.000 DETENIDOS-DESAPARECIDOS PRESENTES, AHORA Y SIEMPRE<\/p>\n<p style=\"text-align: justify;\">30.000 DETENIDOS-DESAPARECIDOS PRESENTES, AHORA Y SIEMPRE<\/p>\n<p style=\"text-align: justify;\">30.000 DETENIDOS-DESAPARECIDOS PRESENTES, AHORA Y SIEMPRE<\/p>\n<p style=\"text-align: justify;\">ABUELAS DE PLAZA DE MAYO<\/p>\n<p style=\"text-align: justify;\">MADRES DE PLAZA DE MAYO L\u00cdNEA FUNDADORA<\/p>\n<p style=\"text-align: justify;\">FAMILIARES DE DESAPARECIDOS Y DETENIDOS POR RAZONES POL\u00cdTICAS<\/p>\n<p style=\"text-align: justify;\">H.I.J.O.S. CAPITAL<\/p>\n","protected":false},"excerpt":{"rendered":"A continuaci\u00f3n, compartimos el texto completo que pronunciamos junto a los organismos de derechos humanos en la Plaza de Mayo\n<a class=\"moretag\" href=\"https:\/\/ctainternacionales.org\/?p=3402\"> [...]<\/a>","protected":false},"author":1,"featured_media":0,"comment_status":"closed","ping_status":"closed","sticky":false,"template":"","format":"standard","meta":{"ngg_post_thumbnail":0,"footnotes":""},"categories":[],"tags":[],"class_list":["post-3402","post","type-post","status-publish","format-standard","hentry"],"_links":{"self":[{"href":"https:\/\/ctainternacionales.org\/index.php?rest_route=\/wp\/v2\/posts\/3402","targetHints":{"allow":["GET"]}}],"collection":[{"href":"https:\/\/ctainternacionales.org\/index.php?rest_route=\/wp\/v2\/posts"}],"about":[{"href":"https:\/\/ctainternacionales.org\/index.php?rest_route=\/wp\/v2\/types\/post"}],"author":[{"embeddable":true,"href":"https:\/\/ctainternacionales.org\/index.php?rest_route=\/wp\/v2\/users\/1"}],"replies":[{"embeddable":true,"href":"https:\/\/ctainternacionales.org\/index.php?rest_route=%2Fwp%2Fv2%2Fcomments&post=3402"}],"version-history":[{"count":3,"href":"https:\/\/ctainternacionales.org\/index.php?rest_route=\/wp\/v2\/posts\/3402\/revisions"}],"predecessor-version":[{"id":3406,"href":"https:\/\/ctainternacionales.org\/index.php?rest_route=\/wp\/v2\/posts\/3402\/revisions\/3406"}],"wp:attachment":[{"href":"https:\/\/ctainternacionales.org\/index.php?rest_route=%2Fwp%2Fv2%2Fmedia&parent=3402"}],"wp:term":[{"taxonomy":"category","embeddable":true,"href":"https:\/\/ctainternacionales.org\/index.php?rest_route=%2Fwp%2Fv2%2Fcategories&post=3402"},{"taxonomy":"post_tag","embeddable":true,"href":"https:\/\/ctainternacionales.org\/index.php?rest_route=%2Fwp%2Fv2%2Ftags&post=3402"}],"curies":[{"name":"wp","href":"https:\/\/api.w.org\/{rel}","templated":true}]}}