{"id":3398,"date":"2016-03-25T20:08:29","date_gmt":"2016-03-25T23:08:29","guid":{"rendered":"http:\/\/www.ctainternacionales.org\/?p=3398"},"modified":"2016-03-25T20:12:36","modified_gmt":"2016-03-25T23:12:36","slug":"a-40-anos-del-golpe-genocida-la-cta-marcho-este-24-de-marzo-por-memoria-verdad-y-justicia-y-contra-el-ajuste","status":"publish","type":"post","link":"https:\/\/ctainternacionales.org\/?p=3398","title":{"rendered":"A 40 a\u00f1os del Golpe Genocida La CTA march\u00f3 este 24 de marzo por Memoria, Verdad y Justicia y contra el ajuste"},"content":{"rendered":"<p style=\"text-align: justify;\">Este 24 de marzo, como todos los a\u00f1os, la Central de Trabajadores de la Argentina Aut\u00f3noma march\u00f3 a Plaza de Mayo para volver a exigir Verdad y Justicia y que se termine con el ajuste que est\u00e1 licuando el salario de quienes d\u00eda a d\u00eda trabajan para hacer de este suelo, un lugar para todos y todas. Este a\u00f1o, no s\u00f3lo se conmemoraron los 40 a\u00f1os de aquel golpe de Estado que instaur\u00f3 en nuestro pa\u00eds el neoliberalismo de la mano del plan econ\u00f3mico de Mart\u00ednez de Hoz, sino que tambi\u00e9n se repudi\u00f3 la presencia del presidente estadounidense Barack Obama. En todas las plazas del pa\u00eds, la CTA se hizo escuchar: \u00a130 mil detenidos desaparecidos presentes y fuera Obama de la Argentina!<!--more--><\/p>\n<p style=\"text-align: justify;\"><a href=\"http:\/\/www.ctainternacionales.org\/wp-content\/uploads\/2016\/03\/24marzo-2016-400.jpg\" rel=\"attachment wp-att-3399\"><img loading=\"lazy\" decoding=\"async\" class=\"aligncenter size-thumbnail wp-image-3399\" src=\"http:\/\/www.ctainternacionales.org\/wp-content\/uploads\/2016\/03\/24marzo-2016-400-307x173.jpg\" alt=\"24marzo-2016-400\" width=\"307\" height=\"173\" \/><\/a>Agrupaciones de Derechos Humanos, partidos pol\u00edticos de izquierda, militantes, organizaciones sindicales y ciudadanos autoconvocados se concentraron esta tarde en la Plaza de los Dos Congresos y a lo largo de la Avenida de Mayo fueron marchando a la hist\u00f3rica plaza para conmemorar el 40 aniversario del golpe de Estado de 1976 que dej\u00f3 30 mil compa\u00f1eros y compa\u00f1eras desaparecidos e instaur\u00f3 un plan econ\u00f3mico neoliberal que contin\u00faa hasta nuestros d\u00edas.<\/p>\n<p style=\"text-align: justify;\">En todas las plazas del pa\u00eds, la CTA Aut\u00f3noma se moviliz\u00f3 a cientos de organizaciones del campo popular que a lo largo y ancho de la Argentina exigieron Memoria, Verdad y Justicia.<\/p>\n<p style=\"text-align: justify;\">Pero este a\u00f1o adem\u00e1s se repudi\u00f3 la presencia de Barack Obama en Argentina, presidente de Estados Unidos, pa\u00eds que llev\u00f3 adelante innumerables invasiones militares en Am\u00e9rica Latina y en el resto del mundo, as\u00ed como el responsable de empobrecer cientos de econom\u00edas nacionales a trav\u00e9s de diferentes tratados de libre comercio.<\/p>\n<p style=\"text-align: justify;\">\u00abEl 24 de marzo de 1976 significa una fecha s\u00edmbolo en nuestro pa\u00eds porque fue el inicio formal de una de las etapas hist\u00f3ricas m\u00e1s terribles de toda la historia argentina. Lo que conmemoramos es no s\u00f3lo la instauraci\u00f3n de una dictadura c\u00edvico militar que hizo del terrorismo de Estado la herramienta para llevar adelante un genocidio, sino que recordamos con todo el afecto y todo el cari\u00f1o que corresponde a las miles y miles de compa\u00f1eros y compa\u00f1eras que en virtud de la aplicaci\u00f3n de ese terrorismo de Estado perdieron la vida y de todos aquellos que fueron perseguidos, presos, torturados, exiliados\u00bb, dijo la CTA en un comunicado.<\/p>\n<p style=\"text-align: justify;\"><a href=\"http:\/\/www.ctainternacionales.org\/wp-content\/uploads\/2016\/03\/12874478_10207742495938848_206477090_o.jpg\" rel=\"attachment wp-att-3400\"><img loading=\"lazy\" decoding=\"async\" class=\"aligncenter size-thumbnail wp-image-3400\" src=\"http:\/\/www.ctainternacionales.org\/wp-content\/uploads\/2016\/03\/12874478_10207742495938848_206477090_o-307x184.jpg\" alt=\"12874478_10207742495938848_206477090_o\" width=\"307\" height=\"184\" \/><\/a><\/p>\n<p style=\"text-align: justify;\">En relaci\u00f3n a las pol\u00edticas neoliberales que est\u00e1 llevando adelante el Gobierno de Macri as\u00ed como a la presencia de Obama en nuestro pa\u00eds, la CTA manifest\u00f3: \u00abA 40 a\u00f1os de aquel momento, vemos hoy que la realidad en la Argentina y en la regi\u00f3n es de un claro avance en la restauraci\u00f3n conservadora de derecha, con gobiernos que lejos de avanzar en la profundizaci\u00f3n de cambios que generen una sociedad justa, democr\u00e1tica y plural, tienden nuevamente a llevar adelante pol\u00edticas por mandato del imperio principal que es Estados Unidos y de todos los agentes econ\u00f3micos y financieros que le dan sustento\u00bb.<\/p>\n<p style=\"text-align: justify;\">\u00abHoy, a 40 a\u00f1os de aquel entonces, los trabajadores y trabajadoras argentinos estamos indignados que en esta fecha tan sensible para nuestro pueblo, Macri reciba la visita del presidente del imperio, absolutamente responsable de todas las miserias que llev\u00f3 adelante Estados Unidos en este planeta, Barack Obama. Por eso decimos, no s\u00f3lo \u00a130 mil detenidos desaparecidos presente!, sino tambi\u00e9n: \u00a1fuera Obama de la Argentina!\u00bb, finaliz\u00f3 el comunicado.<\/p>\n<p style=\"text-align: justify;\">La CTA estuvo presente en todas las calles y plazas del pa\u00eds.<\/p>\n<p style=\"text-align: justify;\">* Equipo de Comunicaci\u00f3n de la CTA<\/p>\n","protected":false},"excerpt":{"rendered":"Este 24 de marzo, como todos los a\u00f1os, la Central de Trabajadores de la Argentina Aut\u00f3noma march\u00f3 a Plaza de Mayo para volver \n<a class=\"moretag\" href=\"https:\/\/ctainternacionales.org\/?p=3398\"> [...]<\/a>","protected":false},"author":1,"featured_media":0,"comment_status":"closed","ping_status":"closed","sticky":false,"template":"","format":"standard","meta":{"ngg_post_thumbnail":0,"footnotes":""},"categories":[],"tags":[],"class_list":["post-3398","post","type-post","status-publish","format-standard","hentry"],"_links":{"self":[{"href":"https:\/\/ctainternacionales.org\/index.php?rest_route=\/wp\/v2\/posts\/3398","targetHints":{"allow":["GET"]}}],"collection":[{"href":"https:\/\/ctainternacionales.org\/index.php?rest_route=\/wp\/v2\/posts"}],"about":[{"href":"https:\/\/ctainternacionales.org\/index.php?rest_route=\/wp\/v2\/types\/post"}],"author":[{"embeddable":true,"href":"https:\/\/ctainternacionales.org\/index.php?rest_route=\/wp\/v2\/users\/1"}],"replies":[{"embeddable":true,"href":"https:\/\/ctainternacionales.org\/index.php?rest_route=%2Fwp%2Fv2%2Fcomments&post=3398"}],"version-history":[{"count":1,"href":"https:\/\/ctainternacionales.org\/index.php?rest_route=\/wp\/v2\/posts\/3398\/revisions"}],"predecessor-version":[{"id":3401,"href":"https:\/\/ctainternacionales.org\/index.php?rest_route=\/wp\/v2\/posts\/3398\/revisions\/3401"}],"wp:attachment":[{"href":"https:\/\/ctainternacionales.org\/index.php?rest_route=%2Fwp%2Fv2%2Fmedia&parent=3398"}],"wp:term":[{"taxonomy":"category","embeddable":true,"href":"https:\/\/ctainternacionales.org\/index.php?rest_route=%2Fwp%2Fv2%2Fcategories&post=3398"},{"taxonomy":"post_tag","embeddable":true,"href":"https:\/\/ctainternacionales.org\/index.php?rest_route=%2Fwp%2Fv2%2Ftags&post=3398"}],"curies":[{"name":"wp","href":"https:\/\/api.w.org\/{rel}","templated":true}]}}