{"id":3394,"date":"2016-03-25T20:04:15","date_gmt":"2016-03-25T23:04:15","guid":{"rendered":"http:\/\/www.ctainternacionales.org\/?p=3394"},"modified":"2016-03-25T20:04:15","modified_gmt":"2016-03-25T23:04:15","slug":"la-cta-en-la-plenaria-de-la-coordinadora-de-centrales-sindicales-del-cono-sur","status":"publish","type":"post","link":"https:\/\/ctainternacionales.org\/?p=3394","title":{"rendered":"La CTA en la Plenaria de la Coordinadora de Centrales Sindicales del Cono Sur"},"content":{"rendered":"<p style=\"text-align: justify;\">En el marco del 40 aniversario del Plan C\u00f3ndor y con la consigna \u201c40 a\u00f1os despu\u00e9s: trabajadores y trabajadoras por la Memoria, Verdad y Justicia\u201d; sesion\u00f3 la CCSCS los d\u00edas 21 y 22 de este mes en Buenos Aires<!--more--><\/p>\n<p style=\"text-align: justify;\"><a href=\"http:\/\/www.ctainternacionales.org\/wp-content\/uploads\/2016\/03\/IMG-20160322-WA0005.jpg\" rel=\"attachment wp-att-3395\"><img loading=\"lazy\" decoding=\"async\" class=\"aligncenter size-thumbnail wp-image-3395\" src=\"http:\/\/www.ctainternacionales.org\/wp-content\/uploads\/2016\/03\/IMG-20160322-WA0005-307x184.jpg\" alt=\"IMG-20160322-WA0005\" width=\"307\" height=\"184\" \/><\/a> <a href=\"http:\/\/www.ctainternacionales.org\/wp-content\/uploads\/2016\/03\/xW4FSnmo-redimensionado.jpg\" rel=\"attachment wp-att-3396\"><br \/>\n<\/a>Participaron de la Plenaria, las Centrales Sindicales de Brasil, Paraguay, Chile, Venezuela, Uruguay y Argentina por el Cono Sur y la CSA. Tambi\u00e9n estuvieron presentes delegaciones invitadas de las Centrales Europeas de Espa\u00f1a, Francia e Italia.<\/p>\n<p style=\"text-align: justify;\">La CTA-Aut\u00f3noma estuvo representada por su Secretario Gremial, Daniel Jorajur\u00eda y por Gonzalo Manzullo, de la Secretaria Internacional.<\/p>\n<p style=\"text-align: justify;\">Los objetivos del encuentro fueron:<\/p>\n<p style=\"text-align: justify;\">&#8211; La creaci\u00f3n de la Red Sindical de Derechos Humanos de la CCSCS y un plan de acci\u00f3n.<\/p>\n<p style=\"text-align: justify;\">&#8211; Desarrollar una estrategia sub regional articulada con la CSA sobre el enfoque de DD.HH. (Libertades Civiles y Sindicales, dialogo social y Democracia participativa).<\/p>\n<p style=\"text-align: justify;\">&#8211; Desarrollar una estrategia sub regional articulada con los organismos de DD.HH. para el seguimiento de los procesos del Plan C\u00f3ndor.<\/p>\n<p style=\"text-align: justify;\">El d\u00eda martes las Delegaciones visitaron los Centros Clandestinos de Detenci\u00f3n: Automotores Orletti y la Ex ESMA. Luego del recorrido se brind\u00f3 una cena en agradecimiento al Juez Garz\u00f3n.<\/p>\n<p style=\"text-align: justify;\">Asimismo el d\u00eda 23, a 40 a\u00f1os de ese hito tan cruento en nuestra regi\u00f3n, el movimiento sindical de la regi\u00f3n, nucleado en la CCSCS, los organismos de Derechos Humanos, homenajearon a los trabajadores y trabajadoras que han sido v\u00edctima del genocidio de las dictaduras de la regi\u00f3n y participaron de la Marcha del d\u00eda 24.<\/p>\n<p style=\"text-align: justify;\">En el marco del Encuentro Daniel Jorajuria expres\u00f3: \u201cCompa\u00f1eros perm\u00edtanme primero expresar nuestro profundo agradecimiento a las Centrales Europeas por la solidaridad con nuestros pueblos y trabajadores en el exilio producto de esta dictadura, y al Juez Garz\u00f3n por abrirnos la cancha para enjuiciar a los genocidas y hacer justicia\u00bb.<\/p>\n<p style=\"text-align: justify;\"><a href=\"http:\/\/www.ctainternacionales.org\/wp-content\/uploads\/2016\/03\/xW4FSnmo-redimensionado.jpg\" rel=\"attachment wp-att-3396\"><img loading=\"lazy\" decoding=\"async\" class=\"aligncenter size-thumbnail wp-image-3396\" src=\"http:\/\/www.ctainternacionales.org\/wp-content\/uploads\/2016\/03\/xW4FSnmo-redimensionado-307x230.jpg\" alt=\"xW4FSnmo-redimensionado\" width=\"307\" height=\"230\" \/><\/a>\u00abEn segundo t\u00e9rmino y antes de abordar el programa y el relevamiento de las violaciones de los Derechos Humanos en la regi\u00f3n, no podemos dejar de ver el marco pol\u00edtico en el cual se dieron esas violaciones y se pueden volver a dar\u00bb, a\u00f1adi\u00f3 Jorajur\u00eda.<\/p>\n<p style=\"text-align: justify;\">Adem\u00e1s, el secretario Gremial de la Central afirm\u00f3: \u00abLas dos dictaduras m\u00e1s sangrientas en la Argentina fueron las de la d\u00e9cada del 50 y la que estamos recordando hoy de 1976. Las dos se efectuaron en tiempos en que en nuestro pa\u00eds la Distribuci\u00f3n de la Riqueza entre Capital-Trabajo era del 50% y 50%. La del 76 en el marco del Plan C\u00f3ndor dijo adem\u00e1s que era imprescindible \u201cAlquilar las Organizaciones populares\u201d. Justamente el Movimiento Obrero hab\u00eda cuestionado al poder, resistido al imperio y luchado por una mejor Distribuci\u00f3n de la riqueza\u00bb.<\/p>\n<p style=\"text-align: justify;\">\u00abNuestra Central conducida entonces por V\u00edctor De Gennaro tuvo el honor de pedirle al Juez Garz\u00f3n en Espa\u00f1a que los asesinatos y desapariciones en la Argentina sean declarados Genocidio del Terrorismo de Estado. Y en esa presentaci\u00f3n producto de la investigaci\u00f3n de nuestros compa\u00f1eros surge que 9.000 desaparecidos eran delegados, activistas o militantes sindicales\u00bb, record\u00f3 el dirigente.<\/p>\n<p style=\"text-align: justify;\">Tambi\u00e9n dijo que \u00abdesde aquella dictadura hasta la fecha estamos casi en una continuidad de un modelo econ\u00f3mico extrativista, con avances de la extranjerizaci\u00f3n de la econom\u00eda y del endeudamiento externo e interno y ajuste a los derechos laborales y amenazando el derecho de huelga. Hoy existen las guerras de 4\u00aa. Generaci\u00f3n que crean el caos en los pa\u00edses a trav\u00e9s de los golpes de mercado, de golpes parlamentarios, o golpes de los medios de comunicaci\u00f3n, en aquellos pa\u00edses que resisten y no se entregan al imperio\u00bb.<\/p>\n<p style=\"text-align: justify;\">A aquel Plan C\u00f3ndor de hace 40 a\u00f1os \u00abhoy se agrega la llegada de Obama y eso no deja de ser un camino de regreso de Estados Unidos a Am\u00e9rica Latina, con quien nunca nos fue bien; y eso tampoco lo podemos separar de la ofensiva de la derecha en Venezuela, Brasil, Bolivia y Argentina\u00bb.<\/p>\n<p style=\"text-align: justify;\">\u00abAquella dictadura tuvo a un ministro de econom\u00eda representante de los grupos econ\u00f3micos. Hoy uno de ellos es el presidente de la naci\u00f3n y el 50 % de su gabinete provienen de all\u00ed. \u00bfSer\u00e1 por eso que ya comenzaron con miles de despidos, criminalizando la propuesta social, y el Protocolo de seguridad, para disciplinar a la clase trabajadora? O lo que est\u00e1 sucediendo en Brasil con un ataque Judicial a Lula y Dilma; ya tuvimos ataques parlamentarios en Honduras y Paraguay. Este marco pol\u00edtico tambi\u00e9n lo tenemos que tener en cuenta a la hora de armar la agenda de los derechos humanos de la CCSCS\u00bb, finaliz\u00f3 su intervenci\u00f3n Daniel Juarajur\u00eda.<\/p>\n<p style=\"text-align: justify;\">Como cierre de la jornada, representantes de las centrales sindicales argentinas homenajearon a las delegaciones internacionales invitadas con la entrega de una placa en agradecimiento a su solidaridad en la lucha y como refuerzo de los lazos mutuos entre los trabajadores para continuar haciendo valer la hist\u00f3rica consigna \u00abMemoria, verdad y justicia\u00bb.<\/p>\n","protected":false},"excerpt":{"rendered":"En el marco del 40 aniversario del Plan C\u00f3ndor y con la consigna \u201c40 a\u00f1os despu\u00e9s: trabajadores y trabajadoras por la Memoria, Verdad \n<a class=\"moretag\" href=\"https:\/\/ctainternacionales.org\/?p=3394\"> [...]<\/a>","protected":false},"author":1,"featured_media":0,"comment_status":"closed","ping_status":"closed","sticky":false,"template":"","format":"standard","meta":{"ngg_post_thumbnail":0,"footnotes":""},"categories":[],"tags":[],"class_list":["post-3394","post","type-post","status-publish","format-standard","hentry"],"_links":{"self":[{"href":"https:\/\/ctainternacionales.org\/index.php?rest_route=\/wp\/v2\/posts\/3394","targetHints":{"allow":["GET"]}}],"collection":[{"href":"https:\/\/ctainternacionales.org\/index.php?rest_route=\/wp\/v2\/posts"}],"about":[{"href":"https:\/\/ctainternacionales.org\/index.php?rest_route=\/wp\/v2\/types\/post"}],"author":[{"embeddable":true,"href":"https:\/\/ctainternacionales.org\/index.php?rest_route=\/wp\/v2\/users\/1"}],"replies":[{"embeddable":true,"href":"https:\/\/ctainternacionales.org\/index.php?rest_route=%2Fwp%2Fv2%2Fcomments&post=3394"}],"version-history":[{"count":1,"href":"https:\/\/ctainternacionales.org\/index.php?rest_route=\/wp\/v2\/posts\/3394\/revisions"}],"predecessor-version":[{"id":3397,"href":"https:\/\/ctainternacionales.org\/index.php?rest_route=\/wp\/v2\/posts\/3394\/revisions\/3397"}],"wp:attachment":[{"href":"https:\/\/ctainternacionales.org\/index.php?rest_route=%2Fwp%2Fv2%2Fmedia&parent=3394"}],"wp:term":[{"taxonomy":"category","embeddable":true,"href":"https:\/\/ctainternacionales.org\/index.php?rest_route=%2Fwp%2Fv2%2Fcategories&post=3394"},{"taxonomy":"post_tag","embeddable":true,"href":"https:\/\/ctainternacionales.org\/index.php?rest_route=%2Fwp%2Fv2%2Ftags&post=3394"}],"curies":[{"name":"wp","href":"https:\/\/api.w.org\/{rel}","templated":true}]}}