{"id":3391,"date":"2016-03-19T13:19:26","date_gmt":"2016-03-19T16:19:26","guid":{"rendered":"http:\/\/www.ctainternacionales.org\/?p=3391"},"modified":"2016-03-19T13:20:55","modified_gmt":"2016-03-19T16:20:55","slug":"fito-aguirre-la-esperanza-esta-en-lula","status":"publish","type":"post","link":"https:\/\/ctainternacionales.org\/?p=3391","title":{"rendered":"\u00abFito\u00bb Aguirre: \u201cLa esperanza est\u00e1 en Lula\u201d"},"content":{"rendered":"<p><a href=\"http:\/\/www.ctainternacionales.org\/wp-content\/uploads\/2015\/12\/Unknown-2.jpeg\" rel=\"attachment wp-att-3196\"><img loading=\"lazy\" decoding=\"async\" class=\"aligncenter size-full wp-image-3196\" src=\"http:\/\/www.ctainternacionales.org\/wp-content\/uploads\/2015\/12\/Unknown-2.jpeg\" alt=\"Unknown-2\" width=\"259\" height=\"194\" \/><\/a>En esta emisi\u00f3n de Sobre la Hora conversamos con Adolfo \u201cFito\u201d Aguirre, secretario de Relaciones Internacionales de la CTA Aut\u00f3noma, sobre los intentos desestabilizadores en Brasil, en relaci\u00f3n a la investigaci\u00f3n que se est\u00e1 llevando a cabo sobre el ex-mandatario brasile\u00f1o Lula Da Silva, por el caso de corrupci\u00f3n en la empresa estatal Petrobras.<!--more--><\/p>\n<p style=\"text-align: justify;\">Al respecto, Aguirre expres\u00f3: \u201cHay una frase que qued\u00f3 grabada: \u2018Lula entr\u00f3 a declarar acusado y sali\u00f3 candidato\u2019. Tiene un nivel de adhesi\u00f3n, de esperanza, de los trabajadores\u201d.<\/p>\n<p style=\"text-align: justify;\">Asimismo analiz\u00f3: \u201cSe ha roto un gran pacto que hab\u00eda hecho Lula vinculando a sectores del empresariado local, la FIESP (Federaci\u00f3n de Industrias del Estado de San Pablo), y al no haber crecimiento econ\u00f3mico, ese pacto se rompi\u00f3 porque ya no los beneficia. Se han sumado al sector que plantea el derrocamiento de la Presidenta Dilma Rousseff. A su vez, con dificultades en su propio partido, y haciendo votaciones que son funcionales a los que quisieron hacer un despliegue medi\u00e1tico, dificultando las posibilidades de que vuelva Lula\u201d.<\/p>\n<p style=\"text-align: justify;\">Luego de detallar el panorama econ\u00f3mico de Brasil, Aguirre agreg\u00f3 que \u201cDilma acaba de votar, junto con Serra, un proyecto que cambia la ley reguladora de explotaci\u00f3n de petr\u00f3leo en aguas profundas, que era la voz cantante del PT. Esa Ley dec\u00eda que Petrobras ten\u00eda prioridad de participar en el 30%, eliminaron eso con lo cual se privatiz\u00f3 todo\u201d.<\/p>\n<p style=\"text-align: justify;\">En tanto consider\u00f3 que \u201cdespu\u00e9s de la detenci\u00f3n y el despliegue medi\u00e1tico que se hizo con Lula, y el nivel de popularidad y adhesi\u00f3n que est\u00e1 levantando, yo creo que va a ir en paralelo: Lula va a volver a instalarse como esperanza para los trabajadores y para los sectores que no se van a beneficiar con este retroceso en el PT; va a ser la esperanza de que Lula vuelva en el 2018 a construir esas pol\u00edticas de inclusi\u00f3n e igualdad. Y el PT va a tener que revisar su estrategia\u201d. Respecto al rol del Poder Judicial brasile\u00f1o, expres\u00f3: \u201cLa Justicia es otro tipo de arma. Es parte de una estrategia con la que juegan, o los voltean a ellos. El Poder Judicial est\u00e1 conectado con el poder econ\u00f3mico\u201d.<\/p>\n<p style=\"text-align: justify;\">\u201cHay una sociedad consiente, organizada, para ponerle freno, siempre promoviendo m\u00e1s democracia, no haciendo planteamientos antag\u00f3nicos a la democracia\u201d, asegur\u00f3.<\/p>\n<p style=\"text-align: justify;\">\u201cLa esperanza est\u00e1 en Lula, porque supo ser una persona ejemplar en su lucha, con una cosmovisi\u00f3n de comprender lo que pasa en el mundo. La adhesi\u00f3n que recibi\u00f3 es de todos los rincones del mundo, fundamentalmente de los trabajadores, porque nunca antes tuvieron en Brasil ese nivel de convocatoria a vincularse entre el Presidente y el mundo de trabajo. Nadie quiere perderse esas condiciones porque son nobles. El ataque a Lula se les va a convertir en un boomerang\u201d, concluy\u00f3 \u00abFito\u00bb Aguirre en Sobre La Hora.<\/p>\n<p style=\"text-align: justify;\">Fuente: Corina Duarte, www.sobrelahora-radio.com.ar<\/p>\n","protected":false},"excerpt":{"rendered":"En esta emisi\u00f3n de Sobre la Hora conversamos con Adolfo \u201cFito\u201d Aguirre, secretario de Relaciones Internacionales de la CTA Aut\u00f3noma, sobre los intentos \n<a class=\"moretag\" href=\"https:\/\/ctainternacionales.org\/?p=3391\"> [...]<\/a>","protected":false},"author":1,"featured_media":0,"comment_status":"closed","ping_status":"closed","sticky":false,"template":"","format":"standard","meta":{"ngg_post_thumbnail":0,"footnotes":""},"categories":[],"tags":[],"class_list":["post-3391","post","type-post","status-publish","format-standard","hentry"],"_links":{"self":[{"href":"https:\/\/ctainternacionales.org\/index.php?rest_route=\/wp\/v2\/posts\/3391","targetHints":{"allow":["GET"]}}],"collection":[{"href":"https:\/\/ctainternacionales.org\/index.php?rest_route=\/wp\/v2\/posts"}],"about":[{"href":"https:\/\/ctainternacionales.org\/index.php?rest_route=\/wp\/v2\/types\/post"}],"author":[{"embeddable":true,"href":"https:\/\/ctainternacionales.org\/index.php?rest_route=\/wp\/v2\/users\/1"}],"replies":[{"embeddable":true,"href":"https:\/\/ctainternacionales.org\/index.php?rest_route=%2Fwp%2Fv2%2Fcomments&post=3391"}],"version-history":[{"count":1,"href":"https:\/\/ctainternacionales.org\/index.php?rest_route=\/wp\/v2\/posts\/3391\/revisions"}],"predecessor-version":[{"id":3393,"href":"https:\/\/ctainternacionales.org\/index.php?rest_route=\/wp\/v2\/posts\/3391\/revisions\/3393"}],"wp:attachment":[{"href":"https:\/\/ctainternacionales.org\/index.php?rest_route=%2Fwp%2Fv2%2Fmedia&parent=3391"}],"wp:term":[{"taxonomy":"category","embeddable":true,"href":"https:\/\/ctainternacionales.org\/index.php?rest_route=%2Fwp%2Fv2%2Fcategories&post=3391"},{"taxonomy":"post_tag","embeddable":true,"href":"https:\/\/ctainternacionales.org\/index.php?rest_route=%2Fwp%2Fv2%2Ftags&post=3391"}],"curies":[{"name":"wp","href":"https:\/\/api.w.org\/{rel}","templated":true}]}}