{"id":3388,"date":"2016-03-19T13:09:50","date_gmt":"2016-03-19T16:09:50","guid":{"rendered":"http:\/\/www.ctainternacionales.org\/?p=3388"},"modified":"2016-03-19T13:12:41","modified_gmt":"2016-03-19T16:12:41","slug":"csa-manifiesta-preocupacion-por-investigacion-del-asesinato-de-berta-caceres","status":"publish","type":"post","link":"https:\/\/ctainternacionales.org\/?p=3388","title":{"rendered":"CSA manifiesta preocupaci\u00f3n por investigaci\u00f3n del asesinato de Berta C\u00e1ceres"},"content":{"rendered":"<p><a href=\"http:\/\/www.ctainternacionales.org\/wp-content\/uploads\/2016\/03\/2015_BertaCaceres_homepage-570x300-700x350-1.jpg\" rel=\"attachment wp-att-3302\"><img loading=\"lazy\" decoding=\"async\" class=\"aligncenter size-thumbnail wp-image-3302\" src=\"http:\/\/www.ctainternacionales.org\/wp-content\/uploads\/2016\/03\/2015_BertaCaceres_homepage-570x300-700x350-1-307x154.jpg\" alt=\"2015_BertaCaceres_homepage-570x300-700x350-1\" width=\"307\" height=\"154\" \/><\/a>La CSA ha manifestado su m\u00e1s en\u00e9rgica condena ante el cobarde asesinato el d\u00eda 3 de marzo de la l\u00edder ind\u00edgena Berta C\u00e1ceres, representante del Consejo C\u00edvico de Organizaciones Populares e Ind\u00edgenas de Honduras (COPINH) y reconocida defensora de los derechos humanos y la justicia social y ambiental\u00a0<!--more--><\/p>\n<p style=\"text-align: justify;\">Durante este ataque tambi\u00e9n fue herido Gustavo Castro, mexicano e integrante de la Organizaci\u00f3n Otros Mundos Chiapas\/Amigos de La Tierra M\u00e9xico, la Red Mexicana de Afectados por la Miner\u00eda (REMA) y el Movimiento Mesoamericano contra el Modelo Extractivo Minero (M4).<\/p>\n<p style=\"text-align: justify;\">La CSA env\u00edo carta al gobierno de Honduras a fin de manifestar la preocupaci\u00f3n ante las denuncias de manipulaci\u00f3n de la investigaci\u00f3n del asesinato de Berta C\u00e1ceres a fin de criminalizar a la COPINH o vincularlo a un asunto personal y ocultar con ello el contexto pol\u00edtico de este ataque a quien fuera una de la l\u00edderes en la resistencia frente a la impunidad de las empresas transnacionales que pretenden adue\u00f1arse de los territorios y bienes comunes en Honduras, motivo por el cual fue perseguida, enjuiciada y amenazada de muerte en repetidas ocasiones al punto que la Comisi\u00f3n Interamericana de Derechos Humanos (CIDH) emiti\u00f3 medidas cautelares para que pueda gozar de protecci\u00f3n especial por parte del gobierno de Honduras.<\/p>\n<p style=\"text-align: justify;\">La CSA ha manifestado de forma reiterada su preocupaci\u00f3n y protesta ante la generalizada situaci\u00f3n de violencia e impunidad que se vive en Honduras del cual son v\u00edctimas en particular las\/os defensoras\/es de derechos humanos, entre quienes figuran los dirigentes sindicales y los dirigentes ind\u00edgenas.<\/p>\n<p style=\"text-align: justify;\">Los miembros del COPINH as\u00ed como la familia de Berta C\u00e1ceres y el dirigente Gustavo Castro se encuentran en una situaci\u00f3n de gravedad y urgencia, al punto que la CIDH decidi\u00f3 este 5 de marzo solicitar la adopci\u00f3n de medidas cautelares a fin de salvaguardar su vida e integridad f\u00edsica, y que se tomen las medidas necesarias para asegurar la seguridad de Gustavo Castro en su proceso de salida del pa\u00eds.<\/p>\n<p style=\"text-align: justify;\">El Estado hondure\u00f1o es el principal responsable en poner fin a la situaci\u00f3n de violencia e impunidad generalizada del pa\u00eds, a proteger la integridad f\u00edsica y la vida de las\/os defensoras\/es de los derechos humanos y a garantizar el respeto de los derechos de los pueblos originarios frente a los intereses corporativos de las empresas transnacionales.<\/p>\n<p style=\"text-align: justify;\">La CSA exige al gobierno de Honduras a que se investigue, identifique y sancione a los responsables materiales e intelectuales del asesinato de Berta C\u00e1ceres y de todas\/os las\/os defensoras\/os de derechos humanos que han sido v\u00edctimas de la violencia; a garantizar la vida y la integridad f\u00edsica del compa\u00f1ero Gustavo Castro en su proceso de salida del pa\u00eds; a garantizar los derechos de los pueblos originarios frente a los intereses corporativos de las empresas transnacionales; y a poner fin a la persecuci\u00f3n y criminalizaci\u00f3n de quienes defienden los derechos humanos y la justicia social y ambiental.<\/p>\n","protected":false},"excerpt":{"rendered":"La CSA ha manifestado su m\u00e1s en\u00e9rgica condena ante el cobarde asesinato el d\u00eda 3 de marzo de la l\u00edder ind\u00edgena Berta C\u00e1ceres, \n<a class=\"moretag\" href=\"https:\/\/ctainternacionales.org\/?p=3388\"> [...]<\/a>","protected":false},"author":1,"featured_media":0,"comment_status":"closed","ping_status":"closed","sticky":false,"template":"","format":"standard","meta":{"ngg_post_thumbnail":0,"footnotes":""},"categories":[],"tags":[],"class_list":["post-3388","post","type-post","status-publish","format-standard","hentry"],"_links":{"self":[{"href":"https:\/\/ctainternacionales.org\/index.php?rest_route=\/wp\/v2\/posts\/3388","targetHints":{"allow":["GET"]}}],"collection":[{"href":"https:\/\/ctainternacionales.org\/index.php?rest_route=\/wp\/v2\/posts"}],"about":[{"href":"https:\/\/ctainternacionales.org\/index.php?rest_route=\/wp\/v2\/types\/post"}],"author":[{"embeddable":true,"href":"https:\/\/ctainternacionales.org\/index.php?rest_route=\/wp\/v2\/users\/1"}],"replies":[{"embeddable":true,"href":"https:\/\/ctainternacionales.org\/index.php?rest_route=%2Fwp%2Fv2%2Fcomments&post=3388"}],"version-history":[{"count":2,"href":"https:\/\/ctainternacionales.org\/index.php?rest_route=\/wp\/v2\/posts\/3388\/revisions"}],"predecessor-version":[{"id":3390,"href":"https:\/\/ctainternacionales.org\/index.php?rest_route=\/wp\/v2\/posts\/3388\/revisions\/3390"}],"wp:attachment":[{"href":"https:\/\/ctainternacionales.org\/index.php?rest_route=%2Fwp%2Fv2%2Fmedia&parent=3388"}],"wp:term":[{"taxonomy":"category","embeddable":true,"href":"https:\/\/ctainternacionales.org\/index.php?rest_route=%2Fwp%2Fv2%2Fcategories&post=3388"},{"taxonomy":"post_tag","embeddable":true,"href":"https:\/\/ctainternacionales.org\/index.php?rest_route=%2Fwp%2Fv2%2Ftags&post=3388"}],"curies":[{"name":"wp","href":"https:\/\/api.w.org\/{rel}","templated":true}]}}