{"id":3371,"date":"2016-03-16T12:18:59","date_gmt":"2016-03-16T15:18:59","guid":{"rendered":"http:\/\/www.ctainternacionales.org\/?p=3371"},"modified":"2016-03-16T12:20:50","modified_gmt":"2016-03-16T15:20:50","slug":"solidaridad-con-la-lucha-de-los-trabajadores-franceses","status":"publish","type":"post","link":"https:\/\/ctainternacionales.org\/?p=3371","title":{"rendered":"Solidaridad con la lucha de los trabajadores franceses"},"content":{"rendered":"<div class=\"page\" title=\"Page 1\">\n<div class=\"layoutArea\">\n<div class=\"column\">\n<p><a href=\"http:\/\/www.ctainternacionales.org\/wp-content\/uploads\/2016\/03\/0BA.jpg\" rel=\"attachment wp-att-3372\"><img loading=\"lazy\" decoding=\"async\" class=\"aligncenter size-thumbnail wp-image-3372\" src=\"http:\/\/www.ctainternacionales.org\/wp-content\/uploads\/2016\/03\/0BA-307x230.jpg\" alt=\"0BA\" width=\"307\" height=\"230\" \/><\/a><\/p>\n<p style=\"text-align: justify;\">Desde la CTA-Aut\u00f3noma expresamos nuestra preocupaci\u00f3n ante los intentos del gobierno franc\u00e9s de aprobar la ley de reforma laboral y nos solidarizamos con la CGT de Francia y con los trabajadores y estudiantes que se encuentran resistiendo a la misma.<\/p>\n<p style=\"text-align: justify;\">La reforma laboral impulsada por el Ministerio de Trabajo franc\u00e9s, es una reforma a la medida de los sectores patronales que busca reducir los derechos laborales y restringir el poder de los sindicatos, atomizando las negociaciones y abriendo la puerta a que se adpoten condiciones menos favorables para los trabajadores de cada empresa que las que se negocian a nivel sectorial y nacional.<\/p>\n<p style=\"text-align: justify;\">Si bien, algunas de las reivindicaciones de los trabajadores y los j\u00f3venes han sido tenidas en cuenta en la reescritura del proyecto de reforma, quedan a\u00fan cuestiones de fondo pendientes muy preocupantes, particularmente los desequilibrios sobre los derechos de los trabajadores en funci\u00f3n de cada empresa, la puesta en cuesti\u00f3n de la representaci\u00f3n sindical y de derechos ya adquiridos. Asistimos en la actualidad a nivel mundial a intentos de debilitar a los trabajadores y a sus representantes sindicales a trav\u00e9s de la instalaci\u00f3n de un discurso que hace hincapi\u00e9 en la necesidad de flexibilizar las condiciones laborales, para abaratar los costos de la fuerza de trabajo y as\u00ed dinamizar el empleo y combatir la desocupaci\u00f3n. En la Argentina, esta realidad no nos es ajena y estamos viendo como bajo el discurso de la modernizaci\u00f3n se est\u00e1n llevando a cabo despidos masivos en el sector estatal que buscan amedentrar a los trabajadores e impulsar los salarios a la baja, lo que a su vez es replicado por el sector privado, dejando a miles de trabajadores y trabajadoras en la calle.<\/p>\n<p style=\"text-align: justify;\"><a href=\"http:\/\/www.ctainternacionales.org\/wp-content\/uploads\/2016\/03\/francia-huelga-de-octubre2.jpg\" rel=\"attachment wp-att-3373\"><img loading=\"lazy\" decoding=\"async\" class=\"aligncenter size-thumbnail wp-image-3373\" src=\"http:\/\/www.ctainternacionales.org\/wp-content\/uploads\/2016\/03\/francia-huelga-de-octubre2-307x204.jpg\" alt=\"francia-huelga-de-octubre2\" width=\"307\" height=\"204\" \/><\/a>Tenemos la convicci\u00f3n que ante la crisis y las dificultades econ\u00f3micas se debe responder con m\u00e1s salarios y m\u00e1s trabajos. El trabajo es el verdadero motor de la econom\u00eda y son los trabajadores y sobre todo el movimiento sindical en su conjunto quienes deben tener un rol protag\u00f3nico en toda discusi\u00f3n sobre reforma de los reg\u00edmenes laborales. Por ello acompa\u00f1amos a la CGT en las acciones previstas para los d\u00edas 17 y 24 de marzo, as\u00ed como en la huelga y las manifestaciones que<\/p>\n<\/div>\n<\/div>\n<\/div>\n<div class=\"page\" title=\"Page 2\">\n<div class=\"layoutArea\" style=\"text-align: justify;\">\n<div class=\"column\">\n<p>tendr\u00e1n lugar el 31 del corriente. Al mismo tiempo, instamos a un apoyo coordinado de todo el movimiento obrero mundial para hacer frente a la tendencia de flexibilizaci\u00f3n y desregulaci\u00f3n del mercado laboral, preservando los puestos de trabajo y los derechos que nos corresponden como trabajadores.<\/p>\n<\/div>\n<\/div>\n<div class=\"layoutArea\" style=\"text-align: justify;\">\n<div class=\"column\">\n<p>Saludos fraternos,<\/p>\n<\/div>\n<\/div>\n<div class=\"layoutArea\">\n<div class=\"column\">\n<p style=\"text-align: justify;\">Adolfo \u201cFito\u201d Aguirre<br \/>\nSecretario de Relaciones Internacionales<br \/>\nCentral de Trabajadores de la Argentina (CTA-Aut\u00f3noma)<\/p>\n<\/div>\n<\/div>\n<\/div>\n","protected":false},"excerpt":{"rendered":"Desde la CTA-Aut\u00f3noma expresamos nuestra preocupaci\u00f3n ante los intentos del gobierno franc\u00e9s de aprobar la ley de reforma laboral y nos solidarizamos con \n<a class=\"moretag\" href=\"https:\/\/ctainternacionales.org\/?p=3371\"> [...]<\/a>","protected":false},"author":1,"featured_media":0,"comment_status":"closed","ping_status":"closed","sticky":false,"template":"","format":"standard","meta":{"ngg_post_thumbnail":0,"footnotes":""},"categories":[],"tags":[],"class_list":["post-3371","post","type-post","status-publish","format-standard","hentry"],"_links":{"self":[{"href":"https:\/\/ctainternacionales.org\/index.php?rest_route=\/wp\/v2\/posts\/3371","targetHints":{"allow":["GET"]}}],"collection":[{"href":"https:\/\/ctainternacionales.org\/index.php?rest_route=\/wp\/v2\/posts"}],"about":[{"href":"https:\/\/ctainternacionales.org\/index.php?rest_route=\/wp\/v2\/types\/post"}],"author":[{"embeddable":true,"href":"https:\/\/ctainternacionales.org\/index.php?rest_route=\/wp\/v2\/users\/1"}],"replies":[{"embeddable":true,"href":"https:\/\/ctainternacionales.org\/index.php?rest_route=%2Fwp%2Fv2%2Fcomments&post=3371"}],"version-history":[{"count":4,"href":"https:\/\/ctainternacionales.org\/index.php?rest_route=\/wp\/v2\/posts\/3371\/revisions"}],"predecessor-version":[{"id":3377,"href":"https:\/\/ctainternacionales.org\/index.php?rest_route=\/wp\/v2\/posts\/3371\/revisions\/3377"}],"wp:attachment":[{"href":"https:\/\/ctainternacionales.org\/index.php?rest_route=%2Fwp%2Fv2%2Fmedia&parent=3371"}],"wp:term":[{"taxonomy":"category","embeddable":true,"href":"https:\/\/ctainternacionales.org\/index.php?rest_route=%2Fwp%2Fv2%2Fcategories&post=3371"},{"taxonomy":"post_tag","embeddable":true,"href":"https:\/\/ctainternacionales.org\/index.php?rest_route=%2Fwp%2Fv2%2Ftags&post=3371"}],"curies":[{"name":"wp","href":"https:\/\/api.w.org\/{rel}","templated":true}]}}