{"id":3364,"date":"2016-03-14T14:12:15","date_gmt":"2016-03-14T17:12:15","guid":{"rendered":"http:\/\/www.ctainternacionales.org\/?p=3364"},"modified":"2016-03-14T14:34:10","modified_gmt":"2016-03-14T17:34:10","slug":"encuentro-formativo-cadenas-de-suministro-en-las-empresas-transnacionales","status":"publish","type":"post","link":"https:\/\/ctainternacionales.org\/?p=3364","title":{"rendered":"Encuentro formativo  Cadenas de suministro en las empresas transnacionales"},"content":{"rendered":"<p>Estimados compa\u00f1eros y compa\u00f1eras, <a href=\"http:\/\/www.ctainternacionales.org\/wp-content\/uploads\/2016\/03\/quien_controlara_laeconomia_verde2_0.jpg\" rel=\"attachment wp-att-3365\"><img loading=\"lazy\" decoding=\"async\" class=\"aligncenter size-thumbnail wp-image-3365\" src=\"http:\/\/www.ctainternacionales.org\/wp-content\/uploads\/2016\/03\/quien_controlara_laeconomia_verde2_0-307x196.jpg\" alt=\"quien_controlara_laeconomia_verde2_0\" width=\"307\" height=\"196\" \/><\/a><br \/>\ntenemos el agrado de dirigirnos a ustedes para invitarlos al Encuentro formativo y charla-debate Cadenas de suministro en las empresas transnacionales: la importancia de la sindicalizaci\u00f3n.<br \/>\nEn el contexto de las precedentes actividades y encuentros realizados como parte del cap\u00edtulo nacional de la Campa\u00f1a Internacional Paremos la codicia corporativa (Alto a la codicia corporativa) impulsada por la Confederaci\u00f3n Sindical Internacional y la CTA &#8211; A, tenemos el agrado de invitarlos a un encuentro a realizarse el d\u00eda jueves 17 de marzo a las 10hs. en la Sala de reuniones del 1er piso de la sede de CTA &#8211; Nacional (Lima 609).<br \/>\nEsta actividad de car\u00e1cter formativo tiene el objetivo de conocer, comprender y debatir sobre la importancia de la sindicalizaci\u00f3n al interior de las cadenas de suministro para hacer frente a la estrategia de explotaci\u00f3n y avasallamiento a los derechos de los trabajadores que emprenden las empresas transnacionales en todo el mundo.<br \/>\nEl encuentro se extender\u00e1 desde las 10 hasta las 13.30 hs.<\/p>\n<p>Contaremos con la participaci\u00f3n de los siguientes expositores:<\/p>\n<p>Tom\u00e1s Raffo (Economista IPyPP)<\/p>\n<p>Ricardo Peidro (Secretario Adjunto CTA &#8211; A y Secretario General AAPM)<\/p>\n<p>Luis Campos (Observatorio de Derecho Social CTA &#8211; A)<\/p>\n<p>Bruno Dobrusin (Colaborador Secretar\u00eda de Relaciones Internacionales CTA- A)<\/p>\n<p>Tambi\u00e9n contaremos con la proyecci\u00f3n de un material audiovisual relativo a la precarizaci\u00f3n de los trabajadores a trav\u00e9s de las cadenas de suministro.<\/p>\n<p>Culminaremos el seminario con un intercambio de experiencias entre los presentes y un debate sobre las perspectivas a futuro para continuar avanzando en el objetivo de controlar el poder de las empresas transnacionales.<\/p>\n<p>*Rogamos confirmar presencia via mail<br \/>\nSaludos cordiales,<\/p>\n","protected":false},"excerpt":{"rendered":"Estimados compa\u00f1eros y compa\u00f1eras, tenemos el agrado de dirigirnos a ustedes para invitarlos al Encuentro formativo y charla-debate Cadenas de suministro en las \n<a class=\"moretag\" href=\"https:\/\/ctainternacionales.org\/?p=3364\"> [...]<\/a>","protected":false},"author":1,"featured_media":0,"comment_status":"closed","ping_status":"closed","sticky":false,"template":"","format":"standard","meta":{"ngg_post_thumbnail":0,"footnotes":""},"categories":[],"tags":[],"class_list":["post-3364","post","type-post","status-publish","format-standard","hentry"],"_links":{"self":[{"href":"https:\/\/ctainternacionales.org\/index.php?rest_route=\/wp\/v2\/posts\/3364","targetHints":{"allow":["GET"]}}],"collection":[{"href":"https:\/\/ctainternacionales.org\/index.php?rest_route=\/wp\/v2\/posts"}],"about":[{"href":"https:\/\/ctainternacionales.org\/index.php?rest_route=\/wp\/v2\/types\/post"}],"author":[{"embeddable":true,"href":"https:\/\/ctainternacionales.org\/index.php?rest_route=\/wp\/v2\/users\/1"}],"replies":[{"embeddable":true,"href":"https:\/\/ctainternacionales.org\/index.php?rest_route=%2Fwp%2Fv2%2Fcomments&post=3364"}],"version-history":[{"count":1,"href":"https:\/\/ctainternacionales.org\/index.php?rest_route=\/wp\/v2\/posts\/3364\/revisions"}],"predecessor-version":[{"id":3366,"href":"https:\/\/ctainternacionales.org\/index.php?rest_route=\/wp\/v2\/posts\/3364\/revisions\/3366"}],"wp:attachment":[{"href":"https:\/\/ctainternacionales.org\/index.php?rest_route=%2Fwp%2Fv2%2Fmedia&parent=3364"}],"wp:term":[{"taxonomy":"category","embeddable":true,"href":"https:\/\/ctainternacionales.org\/index.php?rest_route=%2Fwp%2Fv2%2Fcategories&post=3364"},{"taxonomy":"post_tag","embeddable":true,"href":"https:\/\/ctainternacionales.org\/index.php?rest_route=%2Fwp%2Fv2%2Ftags&post=3364"}],"curies":[{"name":"wp","href":"https:\/\/api.w.org\/{rel}","templated":true}]}}