{"id":3358,"date":"2016-03-10T23:57:41","date_gmt":"2016-03-11T02:57:41","guid":{"rendered":"http:\/\/www.ctainternacionales.org\/?p=3358"},"modified":"2016-03-11T00:04:07","modified_gmt":"2016-03-11T03:04:07","slug":"manifiesto-de-la-cut-csa-y-csi-en-defensa-del-lula-simbolo-de-la-lucha-y-de-la-inclusion-social","status":"publish","type":"post","link":"https:\/\/ctainternacionales.org\/?p=3358","title":{"rendered":"Manifiesto de la CUT, CSA y CSI \u00abEn defensa de Lula, s\u00edmbolo de la lucha y de la inclusi\u00f3n social\u00bb"},"content":{"rendered":"<p style=\"text-align: justify;\">La CUT, CSA y CSI emitieron un comunicado en defensa del ex Presidente de Brasil, compa\u00f1ero Lula Da Silva. El mismo fue apoyado por centrales de todo el mundo. Entre otros dirigentes, Pablo Micheli y Adolfo Aguirre firmaron la declaraci\u00f3n que ACTA lo reproduce su totalidad.<!--more--><\/p>\n<p style=\"text-align: justify;\">Brasil vive un momento decisivo para la supervivencia de la democracia. Sectores conservadores utilizan el poder judicial y los grandes conglomerados de comunicaci\u00f3n para perseguir al ex-presidente Lula y a sus familiares con una campa\u00f1a s\u00f3rdida de mentiras y acusaciones sin pruebas<\/p>\n<p style=\"text-align: justify;\">La lucha es entre el partido de la exclusi\u00f3n, liderado por los neoliberales que quieren volver al gobierno, contra el partido de la inclusi\u00f3n, que hace 13 a\u00f1os promueve justicia, inclusi\u00f3n social y distribuci\u00f3n del ingreso en nuestro pa\u00eds.<\/p>\n<p style=\"text-align: justify;\">Con el fin de imposibilitar la candidatura del l\u00edder operario, los medios, comandados por solo seis familias, resona desinformaci\u00f3n y reproduce de manera generalizada manipulaciones y distorsiones de los hechos. Pero jam\u00e1s conseguir\u00e1n extinguir la realidad: Lula fue el mejor presidente de la Rep\u00fablica del Brasil, democr\u00e1tico-popular y laboralista. Lula es un ejemplo de desprendimiento, de est\u00edmulo para la lucha, un s\u00edmbolo colectivo de la conquista de la clase trabajadora y de los m\u00e1s necesitados.<\/p>\n<p style=\"text-align: justify;\"><a href=\"http:\/\/www.ctainternacionales.org\/wp-content\/uploads\/2016\/03\/ImageProxy.mvc_.jpeg\" rel=\"attachment wp-att-3359\"><img loading=\"lazy\" decoding=\"async\" class=\"aligncenter size-thumbnail wp-image-3359\" src=\"http:\/\/www.ctainternacionales.org\/wp-content\/uploads\/2016\/03\/ImageProxy.mvc_-307x205.jpeg\" alt=\"ImageProxy.mvc\" width=\"307\" height=\"205\" \/><\/a>En defensa de Lula, s\u00edmbolo de lucha e inclusi\u00f3n social<br \/>\nDesde el inicio de la trayectoria contra la dictadura militar a fines de los a\u00f1os\u00b470 y por la redemocratizaci\u00f3n de Brasil, el nombre Luiz In\u00e1cio Lula da Silva se convirti\u00f3 en un ejemplo de determinaci\u00f3n, en un s\u00edmbolo de lucha y justicia para la clase trabajadora y, sobre todo, para los m\u00e1s pobres.<\/p>\n<p style=\"text-align: justify;\">Sea en el comando de los paros hist\u00f3ricos que estremecieron los pilares del r\u00e9gimen militar, o en el enfrentamiento a las persecuciones y abusos de su polic\u00eda; Lula siempre ha demostrado discernimiento y serenidad para seguir adelante, impulsando lo mejor que hay en cada uno para la construcci\u00f3n de un nuevo tiempo, contribuyendo mucho con la fundaci\u00f3n de la CUT, del PT y con la lucha por las libertades democr\u00e1ticas.<\/p>\n<p style=\"text-align: justify;\">Los a\u00f1os han pasado y el l\u00edder metal\u00fargico se convirti\u00f3 en presidente de la Rep\u00fablica, realizando dos gobiernos considerados por todos los marcos hist\u00f3ricos de crecimiento econ\u00f3mico, con valorizaci\u00f3n del trabajo y distribuci\u00f3n del ingreso.<\/p>\n<p style=\"text-align: justify;\">Avanzando aceleradamente en mejoras sociales, el PBI brasile\u00f1o se convirti\u00f3 en el s\u00e9ptimo del mundo. El aumento real del salario m\u00ednimo en el gobierno Lula fue de 53,6% cuando se han generado m\u00e1s de 15 millones de nuevos empleos formales, y retirados 40 millones de brasile\u00f1os de la miseria.<\/p>\n<p style=\"text-align: justify;\">Durante su gobierno, m\u00e1s de seis millones de empleadas dom\u00e9sticas \u2013 hist\u00f3ricamente marginadas en nuestra sociedad \u2013 empezaron a tener sus derechos reconocidos.<\/p>\n<p style=\"text-align: justify;\">Con determinaci\u00f3n, Lula ha invertido en la integraci\u00f3n latinoamericana, en el estrechamiento de lazos con los pa\u00edses africanos y en la consolidaci\u00f3n de relaciones internacionales m\u00e1s equitativas, acogiendo de brazos abiertos a los refugiados, fortaleciendo la autodeterminaci\u00f3n de los pueblos, realizando relaciones sin mandonismo ni subordinaci\u00f3n, sosteniendo con firmeza la bandera del entendimiento y de la coexistencia pac\u00edfica en un mundo de guerra.<\/p>\n<p style=\"text-align: justify;\">Frente a estos hechos, denunciamos la s\u00f3rdida y liviana campa\u00f1a movida por sectores conservadores que utilizan el poder judicial y los medios para perseguir al el ex-presidente y a su familia. Los mismos que apoyar\u00e1n la dictadura y todo tipo de desgobiernos contra la soberan\u00eda y la democracia, son ahora los que quieren manchar su relevante figura para imposibilitar su presencia en el escenario pol\u00edtico nacional y implantar el retroceso neoliberal, privatista y excluyente.<\/p>\n<p style=\"text-align: justify;\">Porque tenemos confianza en la ejemplar trayectoria de Lula y porque sabemos que sus bienes son completamente compatibles con su renta, alzamos nuestra voz para que los golpistas nunca m\u00e1s tengan vez.<\/p>\n<p style=\"text-align: justify;\">Sharan Burrow Secretar\u00eda General CSI &#8211; Confederaci\u00f3n Sindical Internacional Pa\u00eds\/Territ\u00f3rio: Global<\/p>\n<p style=\"text-align: justify;\">Jo\u00e3o Felicio Presidente CSI &#8211; Confederaci\u00f3n Sindical Internacional Pa\u00eds\/Territ\u00f3rio: Global<\/p>\n<p style=\"text-align: justify;\">Victor B\u00e1ez Secret\u00e1rio-Geral CSA &#8211; Confederaci\u00f3n Sindical de Trabajadores e Trabajadoras das Am\u00e9ricas Pa\u00eds\/Territ\u00f3rio: Am\u00e9ricas<\/p>\n<p style=\"text-align: justify;\">Kwasi Adu-amankwah Secret\u00e1rio-Geral CSI \u00c1frica &#8211; Confederaci\u00f3n Sindical Internacional Pa\u00eds\/Territ\u00f3rio: \u00c1frica<\/p>\n<p style=\"text-align: justify;\">Hassan Yussuff Presidente CSA &#8211; Confederaci\u00f3n Sindical de Trabajadores e Trabajadoras das Am\u00e9ricas Pa\u00eds\/Territ\u00f3rio: Am\u00e9ricas<\/p>\n<p style=\"text-align: justify;\">Luca Vicentini Secretario General Confederaci\u00f3n Europa de Sindicatos &#8211; CES Pa\u00eds\/Territ\u00f3rio: Europa<\/p>\n<p style=\"text-align: justify;\">Philip Jennings Secretario general UNI Global Union &#8211; Sindicato Global Servi\u00e7os Pa\u00eds\/Territ\u00f3rio: Global<\/p>\n<p style=\"text-align: justify;\">Fernando Lopes Secretario General Adjunto IndustriALL Pa\u00eds\/Territ\u00f3rio: Global<\/p>\n<p style=\"text-align: justify;\">Nilton Freitas Representante Regional ICM &#8211; Internacional de Trabajadores da Construcci\u00f3n de la Madera Pa\u00eds\/Territ\u00f3rio: Global<\/p>\n<p style=\"text-align: justify;\">Adriana Rosenzvaig Secret\u00e1ria Regional UNI &#8211; Sindicato Global Servicios-Am\u00e9ricas Pa\u00eds\/Territ\u00f3rio: Am\u00e9ricas<\/p>\n<p style=\"text-align: justify;\">Ruben Cortina Presidente UNI &#8211; Sindicato Global Servicios Am\u00e9ricas Pa\u00eds\/Territ\u00f3rio: Am\u00e9ricas<\/p>\n<p style=\"text-align: justify;\">Antonio Jara Secret\u00e1rio-geral CCSCS &#8211; Cordenadora de Centrais Sindicais do Cone Sul Pa\u00eds\/Territ\u00f3rio: Am\u00e9ricas<\/p>\n<p style=\"text-align: justify;\">Joc\u00e9lio Drummond Secret\u00e1rio Regional ISP &#8211; Internacional de Servicios P\u00fablicos Pa\u00eds\/Territ\u00f3rio: Global<\/p>\n<p style=\"text-align: justify;\">Jan Willem Goudriaan Secretario general EPSU &#8211; European Federation of Public Services Union Pa\u00eds\/Territ\u00f3rio: Europa<\/p>\n<p style=\"text-align: justify;\">Vagner Freitas Presidente CUT- Central \u00danica dos Trabajadores Pa\u00eds\/Territ\u00f3rio: Brasil<\/p>\n<p style=\"text-align: justify;\">Sergio Nobre Secretario general CUT- Central \u00danica dos Trabajadores Pa\u00eds\/Territ\u00f3rio: Brasil<\/p>\n<p style=\"text-align: justify;\">Antonio de Lisboa Secretario de Relaciones Internacionales CUT- Central \u00danica dos Trabajaadores Pa\u00eds\/Territ\u00f3rio: Brasil<\/p>\n<p style=\"text-align: justify;\">Ariovaldo de Camargo Secretario de Relaciones Internacionales CUT- Central \u00danica dos Trabajadores Pa\u00eds\/Territ\u00f3rio: Brasil<\/p>\n<p style=\"text-align: justify;\">Juruna Carlos Gon\u00e7alves Secretario General For\u00e7a Sindical Pa\u00eds\/Territ\u00f3rio: Brasil<\/p>\n<p style=\"text-align: justify;\">Cathy Feingold Secretario de Relaciones Internacionales AFL-CIO &#8211; American Federation of Labor and Congress of Industrial Organizations Pa\u00eds\/Territ\u00f3rio: Estados Unidos<\/p>\n<p style=\"text-align: justify;\">Laurent Berger Secret\u00e1rio-Geral CFDT &#8211; Conf\u00e9d\u00e9ration Fran\u00e7aise D\u00e9mocratique du Travail Pa\u00eds\/Territ\u00f3rio: Fran\u00e7a<\/p>\n<p style=\"text-align: justify;\">Frances O\u2019Grady Secretario General TUC &#8211; Trades Union Congress Pa\u00eds\/Territ\u00f3rio: Reino Unido<\/p>\n<p style=\"text-align: justify;\">Rafael Lamas Chefe do Departamento Internacional FGTB &#8211; F\u00e9d\u00e9ration G\u00e9n\u00e9rale du Travail de Belgique Pa\u00eds\/Territ\u00f3rio: B\u00e9lgica<\/p>\n<p style=\"text-align: justify;\">Hugo Yasky Secretario General CTA &#8211; Central de Trabajadores de la Argentina Pa\u00eds\/Territ\u00f3rio: Argentina<\/p>\n<p style=\"text-align: justify;\">Juan Carlos Schmidt Moyano Secretario General CGT &#8211; Confederaci\u00f3n General del Trabajo Pa\u00eds\/Territ\u00f3rio: Argentina<\/p>\n<p style=\"text-align: justify;\">Pablo Micheli Secretario General CTA Aut\u00f3noma &#8211; Central de Trabajadores de la Argentina Autonoma Pa\u00eds\/Territ\u00f3rio: Argentina<\/p>\n<p style=\"text-align: justify;\">Antonio Cal\u00f3 Secretario General UOM &#8211; Uni\u00f3n Obrera Metal\u00fargica Pa\u00eds\/Territ\u00f3rio: Argentina<\/p>\n<p style=\"text-align: justify;\">F\u00e9lix A. Ovejero Torres Secretario Internacional e Cooperaci\u00f3n CCOO &#8211; Comisiones Obreras Pa\u00eds\/Territ\u00f3rio: Espa\u00f1a<\/p>\n<p style=\"text-align: justify;\">Fernando Pereira Presidente PIT-CNT &#8211; Plenaria Intersindical de los Trabajadores e Convenci\u00f3n Nacional dos Trabajadores Pa\u00eds\/Territ\u00f3rio: Uruguay<\/p>\n<p style=\"text-align: justify;\">Marcelo Abdala Secretario Geral PIT-CNT &#8211; Plenaria Intersindical de los Trabajadores e Convenci\u00f3n Nacional dos Trabajadores Pa\u00eds\/Territ\u00f3rio: Uruguay<\/p>\n<p style=\"text-align: justify;\">Fernando Gambera Secret\u00e1rio de Rela\u00e7\u00f5es Internacionais PIT-CNT &#8211; Plenaria Intersindical de los Trabajadores e Convenci\u00f3n Nacional dos Trabajadores Pa\u00eds\/Territ\u00f3rio: Uruguay<\/p>\n<p style=\"text-align: justify;\">Lucie Martineau Presidente Geral SFPQ &#8211; Sindicato de la Funci\u00f3n P\u00fablica de la Rep\u00fablica de Qu\u00e9bec Pa\u00eds\/Territ\u00f3rio: Canad\u00e1<\/p>\n<p style=\"text-align: justify;\">Margarita Lopes Presidenta Sintraacquavalle &#8211; Sindicato de Trabajadores y Empleados deAcquavalle Pa\u00eds\/Territ\u00f3rio: Colombia<\/p>\n<p style=\"text-align: justify;\">Hildebrando Pe\u00f1a Molina Presidente SINTRAMBIENTE &#8211; Sindicado Industrial de Trabajadores de Costa Rica de Bananas e afins livre. Pa\u00eds\/Territ\u00f3rio: Colombia<\/p>\n<p style=\"text-align: justify;\">Luis Henrique Valderrama ADEA &#8211; Asociaci\u00f3n de Servidores P\u00fablicos de Antioquia Pa\u00eds\/Territ\u00f3rio: Col\u00f4mbia<\/p>\n<p style=\"text-align: justify;\">Sofia Espinosa Ortiz Presidenta UNEB &#8211; Uni\u00f3n Nacional de Empleados Bancarios Pa\u00eds\/Territ\u00f3rio: Colombia<\/p>\n<p style=\"text-align: justify;\">Michiel Hernandez Presidente Sintracobol &#8211; Sindicato dos Trabajadores de la Empresa Chiquita Brands International Pa\u00eds\/Territ\u00f3rio: Costa Rica<\/p>\n<p style=\"text-align: justify;\">Remigio Hurtado Chac\u00f3n Presidente CONASEP &#8211; Confederaci\u00f3n Nacional de Servidores P\u00fablicos del Ecuador Pa\u00eds\/Territ\u00f3rio: Ecuador<\/p>\n<p style=\"text-align: justify;\">Julio Salazar Secretario de Acci\u00f3n Internacional USO &#8211; Uni\u00f3n Sindical Obrera Pa\u00eds\/Territ\u00f3rio: Espa\u00f1a<\/p>\n<p style=\"text-align: justify;\">Juan Mendoza Diretor ISCOD-UGT &#8211; Instituto Sindical de Cooperaci\u00f3n al Desarrollo Pa\u00eds\/Territ\u00f3rio: Espa\u00f1a<\/p>\n<p style=\"text-align: justify;\">Joz\u00e9 Moncho Je Boan CIG &#8211; Confederaci\u00f3n Intersidical Gallega Pa\u00eds\/Territ\u00f3rio: Espa\u00f1a<\/p>\n<p style=\"text-align: justify;\">Teresa Casertano CWA &#8211; Communications Workers of America Pa\u00eds\/Territ\u00f3rio: Estados Unidos<\/p>\n<p style=\"text-align: justify;\">Jennifer Cox PPEHRC &#8211; Poor People\u2019s Economic Human Rights Campaign Pa\u00eds\/Territ\u00f3rio: Estados Unidos<\/p>\n<p style=\"text-align: justify;\">Dominique St Eloi Coordenador Geral CNOHA &#8211; Central National des Ouvriers Ha\u00eftiens Pa\u00eds\/Territ\u00f3rio: Haiti<\/p>\n<p style=\"text-align: justify;\">Scott Courtney Diretor de Organiza\u00e7\u00e3o Sindical SEIU &#8211; Sindicato Internacional de Trabajadores de Servicio Pa\u00eds\/Territ\u00f3rio: Estados Unidos<\/p>\n<p style=\"text-align: justify;\">Jos\u00e9 Ouvera UNITE Pa\u00eds\/Territ\u00f3rio: M\u00e9xico<\/p>\n<p style=\"text-align: justify;\">Guillermo Pulga Secret\u00e1rio-geral CTRP &#8211; Confederaci\u00f3n de Trabajadores de la Rep\u00fablica de Panam\u00e1 Pa\u00eds\/Territ\u00f3rio: Panam\u00e1<\/p>\n<p style=\"text-align: justify;\">F\u00e1tima Rallo Secretario General Consejo de Organizaiones Sociales e Populares del Paraguay Pa\u00eds\/Territ\u00f3rio: Paraguai<\/p>\n<p style=\"text-align: justify;\">Wilfredo Ponce Castro Secret\u00e1rio Geral ESSALUD &#8211; Federaci\u00f3n Centro Uni\u00f3n de Trabajadores del Seguro Social de Salud Pa\u00eds\/Territ\u00f3rio: Per\u00fa<\/p>\n<p style=\"text-align: justify;\">Rafael Abreu Presidente CNUS &#8211; Consejo Nacional de Unidad Sindical Pa\u00eds\/Territ\u00f3rio: Rep\u00fablica Dominicana<\/p>\n<p style=\"text-align: justify;\">Fito Aguirre Secret\u00e1rio de Rela\u00e7\u00f5es Internacionais CTA Aut\u00f4noma &#8211; Central de Trabajadores de la Argentina Autonoma Pa\u00eds\/Territ\u00f3rio: Argentina<\/p>\n<p style=\"text-align: justify;\">Roberto Baradel Secret\u00e1rio de Relaciones Internacionais CTA &#8211; Central de Trabajadores de la Argentina Pa\u00eds\/Territ\u00f3rio: Argentina<\/p>\n<p style=\"text-align: justify;\">Francisco Gutierrez Secretario general UOM &#8211; Uni\u00f3n Obrera Metal\u00fargica &#8211; Quilmes Pa\u00eds\/Territ\u00f3rio: Argentina<\/p>\n<p style=\"text-align: justify;\">Abel Francisco Furlan Secret\u00e1rio-geral UOM &#8211; Uni\u00f3n Obrera Metal\u00fargica &#8211; Campana Pa\u00eds\/Territ\u00f3rio: Argentina<\/p>\n<p style=\"text-align: justify;\">Osvaldo Lobato Secretario general UOM &#8211; Uni\u00f3n Obrera Metal\u00fargica &#8211; San Mart\u00edn Pa\u00eds\/Territ\u00f3rio: Argentina<\/p>\n<p style=\"text-align: justify;\">Gerardo Martinez Secretario de Relaciones Internacionales CGT &#8211; Confederaci\u00f3n General del Trabajo Pa\u00eds\/Territ\u00f3rio: Argentina<\/p>\n<p style=\"text-align: justify;\">Candice Johnson CWA &#8211; Communications Workers of America Pa\u00eds\/Territ\u00f3rio: Estados Unidos<\/p>\n<p style=\"text-align: justify;\">Yvan Ricordeau Respons\u00e1vel de Relaciones Internacionales CFDT &#8211; Confederati\u00f3n Francesa Damocratica de Travail Pa\u00eds\/Territ\u00f3rio: Francia<\/p>\n<p style=\"text-align: justify;\">Masuku Bongani Secret\u00e1rio de Rela\u00e7\u00f5es Internacionais COSATU &#8211; Congreso Sudafricano de Sindicatos Pa\u00eds\/Territ\u00f3rio: \u00c1frica do Sul<\/p>\n<p style=\"text-align: justify;\">Nordin Fatah Secretario de Relaciones Internacionales FDT- Federaci\u00f3n Democr\u00e1tica de Trabajadores Pa\u00eds\/Territ\u00f3rio: Marrocos<\/p>\n<p style=\"text-align: justify;\">Haroldo H. Fernandez C. Secret\u00e1rio Geral Sintrambiente &#8211; Valle Pa\u00eds\/Territ\u00f3rio: Colombia<\/p>\n<p style=\"text-align: justify;\">Maria Laura Benit\u00e9z Secret\u00e1ria Adjunta APUBA &#8211; Asociaci\u00f3n de Personal Noo docente de Buenos Aires Pa\u00eds\/Territ\u00f3rio: Argentina<\/p>\n<p style=\"text-align: justify;\">Jamal Juma Coordenador Geralda Campanha BDS e Defesa da Terra BDS- Boicote Desinvestimento e San\u00e7\u00f5es a Israel Pa\u00eds\/Territ\u00f3rio: Palestina<\/p>\n<p style=\"text-align: justify;\">Muhammad Bleidi Presidente Nova Federaci\u00f3n de sindicatos Pa\u00eds\/Territ\u00f3rio: Palestina<\/p>\n<p style=\"text-align: justify;\">Hamouda Taufik Conselho F\u00f3rum Social do Magreb-Macherek Pa\u00eds\/Territ\u00f3rio: Magreb-Macherek<\/p>\n<p style=\"text-align: justify;\">Omar Auton Secret\u00e1rio Regional Uni\u00f3n de Persona Civil Pa\u00eds\/Territ\u00f3rio: Argentina<\/p>\n<p style=\"text-align: justify;\">Carlos Galeano Secret\u00e1rio Geral ANDEPH &#8211; Asociaci\u00f3n Nacional de los Empleados P\u00fablicos de Honduras Pa\u00eds\/Territ\u00f3rio: Honduras<\/p>\n<p style=\"text-align: justify;\">Jacques L\u00e9tourneau Presidente Confederaci\u00f3n Nacional de Sindicatos do Quebec &#8211; CSN Pa\u00eds\/Territ\u00f3rio: Quebec<\/p>\n<p style=\"text-align: justify;\">Vernor Arguedas Cadedr\u00e1tico Universidad Costa Rica e Partido Frente Amplio Pa\u00eds\/Territ\u00f3rio: Costa Rica<\/p>\n","protected":false},"excerpt":{"rendered":"La CUT, CSA y CSI emitieron un comunicado en defensa del ex Presidente de Brasil, compa\u00f1ero Lula Da Silva. El mismo fue apoyado \n<a class=\"moretag\" href=\"https:\/\/ctainternacionales.org\/?p=3358\"> [...]<\/a>","protected":false},"author":1,"featured_media":0,"comment_status":"closed","ping_status":"closed","sticky":false,"template":"","format":"standard","meta":{"ngg_post_thumbnail":0,"footnotes":""},"categories":[],"tags":[],"class_list":["post-3358","post","type-post","status-publish","format-standard","hentry"],"_links":{"self":[{"href":"https:\/\/ctainternacionales.org\/index.php?rest_route=\/wp\/v2\/posts\/3358","targetHints":{"allow":["GET"]}}],"collection":[{"href":"https:\/\/ctainternacionales.org\/index.php?rest_route=\/wp\/v2\/posts"}],"about":[{"href":"https:\/\/ctainternacionales.org\/index.php?rest_route=\/wp\/v2\/types\/post"}],"author":[{"embeddable":true,"href":"https:\/\/ctainternacionales.org\/index.php?rest_route=\/wp\/v2\/users\/1"}],"replies":[{"embeddable":true,"href":"https:\/\/ctainternacionales.org\/index.php?rest_route=%2Fwp%2Fv2%2Fcomments&post=3358"}],"version-history":[{"count":2,"href":"https:\/\/ctainternacionales.org\/index.php?rest_route=\/wp\/v2\/posts\/3358\/revisions"}],"predecessor-version":[{"id":3361,"href":"https:\/\/ctainternacionales.org\/index.php?rest_route=\/wp\/v2\/posts\/3358\/revisions\/3361"}],"wp:attachment":[{"href":"https:\/\/ctainternacionales.org\/index.php?rest_route=%2Fwp%2Fv2%2Fmedia&parent=3358"}],"wp:term":[{"taxonomy":"category","embeddable":true,"href":"https:\/\/ctainternacionales.org\/index.php?rest_route=%2Fwp%2Fv2%2Fcategories&post=3358"},{"taxonomy":"post_tag","embeddable":true,"href":"https:\/\/ctainternacionales.org\/index.php?rest_route=%2Fwp%2Fv2%2Ftags&post=3358"}],"curies":[{"name":"wp","href":"https:\/\/api.w.org\/{rel}","templated":true}]}}