{"id":3351,"date":"2016-03-09T16:59:21","date_gmt":"2016-03-09T19:59:21","guid":{"rendered":"http:\/\/www.ctainternacionales.org\/?p=3351"},"modified":"2016-03-11T00:00:32","modified_gmt":"2016-03-11T03:00:32","slug":"una-disputa-por-los-derechos-humanos","status":"publish","type":"post","link":"https:\/\/ctainternacionales.org\/?p=3351","title":{"rendered":"Una disputa por los derechos humanos -Fito Aguirre-"},"content":{"rendered":"<p style=\"text-align: justify;\">La fugacidad con que actualmente la rapidez de las comunicaciones a lo largo y ancho del planeta nos permite transitar de un tema a otro, a veces se vuelve un obst\u00e1culo para recordar la importancia de algunos problemas urgentes que desaparecen de la agenda tan r\u00e1pido como surge una nueva primicia en los medios de comunicaci\u00f3n masivos.<!--more--><\/p>\n<p style=\"text-align: justify;\"><a href=\"http:\/\/www.ctainternacionales.org\/wp-content\/uploads\/2016\/03\/Parte-2-1.2.jpeg\" rel=\"attachment wp-att-3352\"><img loading=\"lazy\" decoding=\"async\" class=\"aligncenter size-thumbnail wp-image-3352\" src=\"http:\/\/www.ctainternacionales.org\/wp-content\/uploads\/2016\/03\/Parte-2-1.2-307x216.jpeg\" alt=\"Parte 2-1.2\" width=\"307\" height=\"216\" \/><\/a>En ese sentido, elegimos poner la lupa en una cuesti\u00f3n particularmente apremiante, porque al calor de los tiras y aflojes de la diplomacia y la pol\u00edtica exterior se cuece el drama de numerosos trabajadores y trabajadoras, familias, ni\u00f1os y ni\u00f1as que arriesgan su vida con la esperanza de encontrar un futuro mejor al cruzar las costas de Siria, Libia u otras regiones de Oriente Medio y \u00c1frica asediadas por la guerra y la crisis humanitaria: nos referimos a la crisis migratoria que hoy le quita el sue\u00f1o a Europa.<\/p>\n<p style=\"text-align: justify;\">El primer escollo que debemos superar para poder reflexionar en profundidad y seriamente c\u00f3mo resolver un problema de semejante envergadura para las vidas de miles de personas consiste en recalcar, una vez m\u00e1s, que hablamos de una crisis que se relata como europea pero tiene su foco en los pa\u00edses de origen de los migrantes, asolados por guerras por el control de recursos estrat\u00e9gicos y conflictos \u00e9tnico-religiosos. Y a su vez, ata\u00f1e a un problema m\u00e1s general que es el de la movilidad de las personas a trav\u00e9s del mundo. Movilidad que no alcanza el mismo grado de libertad -y esto no nos sorprende- que la de capitales, bienes y servicios.<\/p>\n<p style=\"text-align: justify;\">Asistimos a pomposas cumbres de diplom\u00e1ticos y funcionarios de pa\u00edses miembros de la Uni\u00f3n Europea para discutir soluciones: los mayores resultados han sido el establecimiento de \u00abcuotas\u00bb m\u00e1ximas de personas que los pa\u00edses miembros se comprometen a\u00a0albergar\u00a0, sin la respuesta que amerita el problema de origen.<\/p>\n<p style=\"text-align: justify;\">Seamos claros, mientras observamos como se articulan mecanismos de cooperaci\u00f3n y coordinaci\u00f3n supranacionales para dar respuestas globales al comercio interregional y las m\u00e1s audaces transacciones financieras entre polos opuestos del globo, no ha habido a\u00fan una sola iniciativa para promover una respuesta global al drama de todos aquellos migrantes que ven vulnerados sus derechos a la libre circulaci\u00f3n y a elegir donde apostar por construir sus vidas sin ser estigmatizados, expulsados, atacados o explotados con consecuencias incluso mortales.<\/p>\n<p style=\"text-align: justify;\">Mientras que los medios de comunicaci\u00f3n masivos casi no reflejan el estado de situaci\u00f3n actual, dando a entender que la crisis ha mejorado, se ha quintuplicado el n\u00famero de migrantes que han arribado a Europa durante febrero pasado respecto al mismo per\u00edodo del a\u00f1o anterior. Asimismo, de los 160.000 refugiados que esperan asilo en la UE entre Alemania, Finlandia y Francia apenas superan los 250 migrantes acogidos formalmente con estatus de refugiados. A\u00fan m\u00e1s, durante el \u00faltimo trimestre de 2015 se han rechazado masivamente las solicitudes de estatus de refugiado en Francia (74%), Reino Unido (63%) y Alemania (50%).<\/p>\n<p style=\"text-align: justify;\">Si bien aqu\u00ed tomamos el caso particular de la migraci\u00f3n hacia Europa, el problema de la libre circulaci\u00f3n de las personas es transversal a todo el planeta m\u00e1s all\u00e1 de la regi\u00f3n. Sin embargo, vemos que las soluciones adoptadas frente a la crisis migratoria se han basado principalmente en respuestas nacionales, decididas unilateralmente sin consensuar una pol\u00edtica con los pa\u00edses de origen de los ciudadanos migrantes: 2015 fue el a\u00f1o de los \u00abmuros\u00bb y por ello mismo tambi\u00e9n el a\u00f1o de la verg\u00fcenza y la desidia. A la par del crecimiento exponencial de la crisis migratoria en todo el mundo, se han construido vallas y muros bajo el deshonesto pretexto de \u00abproteger a los refugiados\u00bb y \u00abevitar una cat\u00e1strofe humanitaria\u00bb, intentando esconder un expl\u00edcito chauvinismo con cada ladrillo que se sumaba a esos nefastos muros. Marruecos, Ceuta-Melilla, Cisjordania, Hungria, Macedonia, Francia, T\u00fanez, Austr\u00eda e incluso Argentina han elegido el camino de medidas efectistas de corto plazo que no resuelven los principales riesgos de la migracion y la vulnerabilidad de los migrantes. Motivo por el cual los migrantes alimentan las redes globales de trata y tr\u00e1fico de personas, engrosan la cifra de personas explotadas, privadas de sus derechos fundamentales, y culminan en muchos casos en la muerte.<\/p>\n<p style=\"text-align: justify;\">El caso de Argentina es parad\u00f3jico: se ha erigido un muro en la zona de frontera de la ciudad de Posadas -en el Norte argentino, zona fronteriza con Paraguay-, el cu\u00e1l no podemos menos que repudiar porque significa una verg\u00fcenza para el Mercosur, un retroceso para la integraci\u00f3n regional y un atentado contras las comunidades de ambas orillas.<\/p>\n<p style=\"text-align: justify;\"><a href=\"http:\/\/www.ctainternacionales.org\/wp-content\/uploads\/2016\/03\/Parte-2.3.jpeg\" rel=\"attachment wp-att-3353\"><img loading=\"lazy\" decoding=\"async\" class=\"aligncenter size-thumbnail wp-image-3353\" src=\"http:\/\/www.ctainternacionales.org\/wp-content\/uploads\/2016\/03\/Parte-2.3-307x173.jpeg\" alt=\"Parte 2.3\" width=\"307\" height=\"173\" \/><\/a>Cada uno de estos muros en todo el mundo significa la vulneraci\u00f3n de todos los derechos que reclamamos: a migrar, no migrar, a permanecer y a retornar libremente. Todas estas respuestas inmediatistas convierten a los migrantes en rehenes del azar al que son sometidos cada vez que una valla les impide escapar de su situaci\u00f3n de vulnerabilidad o su estatuto de refugiados les es negado. Hablamos de familias que son separadas, ni\u00f1os que pierden contacto con sus padres y tienen que valerse por s\u00ed solos, sin protecci\u00f3n frente a la amenaza del abuso y avasallamiento de sus derechos humanos m\u00e1s fundamentales.<\/p>\n<p style=\"text-align: justify;\">Al d\u00eda de hoy, 11 mil ni\u00f1os y ni\u00f1as han fallecido ahogados en busca de un mejor futuro escapando de guerras, asedios exteriores por motivos geopoliticos de las grandes potencias y crisis humanitaria. Una vez m\u00e1s instamos a todos los gobiernos a concebir la cuesti\u00f3n migratoria como fundamental para el respeto de los DDHH y en particular los derechos de j\u00f3venes, adolescentes y ni\u00f1os con una mirada centrada en la libre circulaci\u00f3n, el derecho a migrar, no migrar, a permanecer y a retornar libremente, tal como proponemos a trav\u00e9s de la Plataforma de Desarrollo de las Am\u00e9ricas (PLADA) desde la CTA- A. No puede haber m\u00e1s lugar a la estigmatizaci\u00f3n, persecuci\u00f3n y desplazamiento de los migrantes.<\/p>\n<p style=\"text-align: justify;\">No podemos permitir un mundo donde el dinero circule con mayor libertad que las personas.<\/p>\n<p style=\"text-align: justify;\"><span style=\"color: #000000;\">Adolfo \u00abFito Aguirre\u00bb Secretario de Internacionales CTA-A\u00a0<\/span><\/p>\n","protected":false},"excerpt":{"rendered":"La fugacidad con que actualmente la rapidez de las comunicaciones a lo largo y ancho del planeta nos permite transitar de un tema \n<a class=\"moretag\" href=\"https:\/\/ctainternacionales.org\/?p=3351\"> [...]<\/a>","protected":false},"author":1,"featured_media":0,"comment_status":"closed","ping_status":"closed","sticky":false,"template":"","format":"standard","meta":{"ngg_post_thumbnail":0,"footnotes":""},"categories":[],"tags":[],"class_list":["post-3351","post","type-post","status-publish","format-standard","hentry"],"_links":{"self":[{"href":"https:\/\/ctainternacionales.org\/index.php?rest_route=\/wp\/v2\/posts\/3351","targetHints":{"allow":["GET"]}}],"collection":[{"href":"https:\/\/ctainternacionales.org\/index.php?rest_route=\/wp\/v2\/posts"}],"about":[{"href":"https:\/\/ctainternacionales.org\/index.php?rest_route=\/wp\/v2\/types\/post"}],"author":[{"embeddable":true,"href":"https:\/\/ctainternacionales.org\/index.php?rest_route=\/wp\/v2\/users\/1"}],"replies":[{"embeddable":true,"href":"https:\/\/ctainternacionales.org\/index.php?rest_route=%2Fwp%2Fv2%2Fcomments&post=3351"}],"version-history":[{"count":3,"href":"https:\/\/ctainternacionales.org\/index.php?rest_route=\/wp\/v2\/posts\/3351\/revisions"}],"predecessor-version":[{"id":3362,"href":"https:\/\/ctainternacionales.org\/index.php?rest_route=\/wp\/v2\/posts\/3351\/revisions\/3362"}],"wp:attachment":[{"href":"https:\/\/ctainternacionales.org\/index.php?rest_route=%2Fwp%2Fv2%2Fmedia&parent=3351"}],"wp:term":[{"taxonomy":"category","embeddable":true,"href":"https:\/\/ctainternacionales.org\/index.php?rest_route=%2Fwp%2Fv2%2Fcategories&post=3351"},{"taxonomy":"post_tag","embeddable":true,"href":"https:\/\/ctainternacionales.org\/index.php?rest_route=%2Fwp%2Fv2%2Ftags&post=3351"}],"curies":[{"name":"wp","href":"https:\/\/api.w.org\/{rel}","templated":true}]}}