{"id":3313,"date":"2016-03-04T20:06:31","date_gmt":"2016-03-04T23:06:31","guid":{"rendered":"http:\/\/www.ctainternacionales.org\/?p=3313"},"modified":"2016-03-11T00:05:44","modified_gmt":"2016-03-11T03:05:44","slug":"la-cta-autonoma-se-movilizo-a-la-embajada-de-honduras-en-la-argentina","status":"publish","type":"post","link":"https:\/\/ctainternacionales.org\/?p=3313","title":{"rendered":"La CTA Aut\u00f3noma se moviliz\u00f3 a la Embajada de Honduras en la Argentina"},"content":{"rendered":"<p><a href=\"http:\/\/www.ctainternacionales.org\/wp-content\/uploads\/2016\/03\/IMG_2257.jpg\" rel=\"attachment wp-att-3314\"><img loading=\"lazy\" decoding=\"async\" class=\"aligncenter size-thumbnail wp-image-3314\" src=\"http:\/\/www.ctainternacionales.org\/wp-content\/uploads\/2016\/03\/IMG_2257-307x205.jpg\" alt=\"IMG_2257\" width=\"307\" height=\"205\" \/><\/a>Con motivo de repudiar el asesinato de Berta C\u00e1ceres, defensora incansable de los derechos humanos, activista ambiental, y cofundadora del Consejo Nacional de Organizaciones Populares e Ind\u00edgenas de Honduras (COPINH), la CTA &#8211; Aut\u00f3noma se moviliz\u00f3 ayer junto con otras organizaciones y movimientos sociales, a la sede de la Embajada de Honduras en la Argentina. En esta acci\u00f3n, que cont\u00f3 con la presencia de Pablo Micheli, adem\u00e1s de expresar la solidaridad de la Central con el pueblo de honduras, se hizo o\u00edr el grito de justicia ante los m\u00faltiples ataques a los luchadores sociales en toda la regi\u00f3n.<!--more--><\/p>\n<div class=\"AppContainer\">\n<div id=\"c_base\" class=\"c_base\">\n<div id=\"c_content\" class=\"c_main\">\n<div id=\"pageContent\">\n<div id=\"pageInbox\" class=\"v-Page\">\n<div id=\"inboxControl0f\">\n<div class=\"containsYSizerBar\">\n<div class=\"ContentRight WithRightRail FullView\" data-link=\"class{:~tag.contentRightClass(Layout.IsFullView, Layout.ReadingPaneMode)}\">\n<div class=\"ContentRightInner t_mbgc t_qtc t_urtc\">\n<div id=\"inboxControl0fv-ReadMessageContainer\" class=\"v-ReadMessageContainer slideOnResize\" tabindex=\"-1\">\n<div class=\"c-ReadMessage\" data-link=\"class{readMessageClass: ~tag.Show}\">\n<div id=\"ReadMessageScrollableSection\" class=\"rmMessages ClearBoth\" tabindex=\"-1\">\n<div id=\"readMessagePartControl5701f\" class=\"c-ReadMessagePart ReadMsgContainer HasLayout ClearBoth HideShadows FullPart NoHistory Read RmIc\" data-link=\"class{:~tag.getHeaderCssClass(IsConversationPart, IsRead, IsDraft, IsTrustedSender, Items.length)}\">\n<div class=\"c-ReadMessagePartBody\" data-link=\"class{getClass:IsBodyExpanded}\">\n<div class=\"readMsgBody\">\n<div id=\"bodyreadMessagePartBodyControl5706f\" class=\"ExternalClass MsgBodyContainer\" data-link=\"class{:~tag.cssClasses(PlainText, IsContentFiltered)}\">\n<div dir=\"ltr\">\n<div id=\"ecxboite_onglet_1\" class=\"\">\n<div id=\"ecxvoir\" class=\"\">\n<div id=\"ecxwysiwyg\">\n<div class=\"\">\n<div class=\"\" dir=\"ltr\">\n<p><a href=\"http:\/\/www.ctainternacionales.org\/wp-content\/uploads\/2016\/03\/IMG_2278.jpg\" rel=\"attachment wp-att-3315\"><img loading=\"lazy\" decoding=\"async\" class=\"aligncenter size-thumbnail wp-image-3315\" src=\"http:\/\/www.ctainternacionales.org\/wp-content\/uploads\/2016\/03\/IMG_2278-307x205.jpg\" alt=\"IMG_2278\" width=\"307\" height=\"205\" \/><\/a>Tambi\u00e9n particip\u00f3 activamente la compa\u00f1era Nora Corti\u00f1as, Madre de Plaza de Mayo y referente internacional de la lucha por los derechos humanos, as\u00ed como oradores de m\u00faltiples organizaciones de defensa de los derechos de los pueblos originarios y los bienes naturales.<\/p>\n<p>Adem\u00e1s de tender los m\u00e1s sinceros lazos de solidaridad con el pueblo hondure\u00f1o, exhortamos al Estado de Honduras a hacer frente ante este cobarde ataque investigando y asegurando la justicia y sanci\u00f3n correspondiente a todos los responsables materiales e intelectuales del asesinato de Berta C\u00e1ceres y de todos y todas aquellos defensores y defensoras de derechos humanos que han sido v\u00edctimas de la violencia en su actividad. Por \u00faltimo, exigimos el fin a la persecuci\u00f3n y criminalizaci\u00f3n todos los luchadores sociales, defensores de los derechos humanos y la justicia social y ambiental.<\/p>\n<\/div>\n<\/div>\n<\/div>\n<\/div>\n<\/div>\n<\/div>\n<\/div>\n<\/div>\n<\/div>\n<\/div>\n<\/div>\n<\/div>\n<\/div>\n<\/div>\n<div class=\"v-InboxFooterContainer\"><\/div>\n<\/div>\n<div id=\"RightRailContainer\" class=\"c-RightRail RightRailContainerWidth t_sbgc\"><\/div>\n<div class=\"reauthenticationDiv\"><\/div>\n<\/div>\n<\/div>\n<\/div>\n<\/div>\n<\/div>\n<\/div>\n<div id=\"m_whm\"><\/div>\n<div id=\"m_mm\"><\/div>\n<\/div>\n<p><iframe loading=\"lazy\" id=\"silentLoginFrame1\" src=\"https:\/\/login.skype.com\/login\/silent?response_type=postmessage&amp;client_id=580081&amp;redirect_uri=https%3A%2F%2Fbay172.mail.live.com%2F&amp;state=silentloginsdk_1457130968382&amp;_accept=1.0&amp;_nc=1457130968382&amp;partner=999\" width=\"1px\" height=\"1px\" frameborder=\"0\"><\/iframe><\/p>\n","protected":false},"excerpt":{"rendered":"Con motivo de repudiar el asesinato de Berta C\u00e1ceres, defensora incansable de los derechos humanos, activista ambiental, y cofundadora del Consejo Nacional de \n<a class=\"moretag\" href=\"https:\/\/ctainternacionales.org\/?p=3313\"> [...]<\/a>","protected":false},"author":1,"featured_media":0,"comment_status":"closed","ping_status":"closed","sticky":false,"template":"","format":"standard","meta":{"ngg_post_thumbnail":0,"footnotes":""},"categories":[],"tags":[],"class_list":["post-3313","post","type-post","status-publish","format-standard","hentry"],"_links":{"self":[{"href":"https:\/\/ctainternacionales.org\/index.php?rest_route=\/wp\/v2\/posts\/3313","targetHints":{"allow":["GET"]}}],"collection":[{"href":"https:\/\/ctainternacionales.org\/index.php?rest_route=\/wp\/v2\/posts"}],"about":[{"href":"https:\/\/ctainternacionales.org\/index.php?rest_route=\/wp\/v2\/types\/post"}],"author":[{"embeddable":true,"href":"https:\/\/ctainternacionales.org\/index.php?rest_route=\/wp\/v2\/users\/1"}],"replies":[{"embeddable":true,"href":"https:\/\/ctainternacionales.org\/index.php?rest_route=%2Fwp%2Fv2%2Fcomments&post=3313"}],"version-history":[{"count":2,"href":"https:\/\/ctainternacionales.org\/index.php?rest_route=\/wp\/v2\/posts\/3313\/revisions"}],"predecessor-version":[{"id":3318,"href":"https:\/\/ctainternacionales.org\/index.php?rest_route=\/wp\/v2\/posts\/3313\/revisions\/3318"}],"wp:attachment":[{"href":"https:\/\/ctainternacionales.org\/index.php?rest_route=%2Fwp%2Fv2%2Fmedia&parent=3313"}],"wp:term":[{"taxonomy":"category","embeddable":true,"href":"https:\/\/ctainternacionales.org\/index.php?rest_route=%2Fwp%2Fv2%2Fcategories&post=3313"},{"taxonomy":"post_tag","embeddable":true,"href":"https:\/\/ctainternacionales.org\/index.php?rest_route=%2Fwp%2Fv2%2Ftags&post=3313"}],"curies":[{"name":"wp","href":"https:\/\/api.w.org\/{rel}","templated":true}]}}