{"id":3306,"date":"2016-03-04T18:07:28","date_gmt":"2016-03-04T21:07:28","guid":{"rendered":"http:\/\/www.ctainternacionales.org\/?p=3306"},"modified":"2016-03-11T00:06:20","modified_gmt":"2016-03-11T03:06:20","slug":"comunicado-en-solidaridad-con-el-companero-lula-da-silva-lulavalealuta","status":"publish","type":"post","link":"https:\/\/ctainternacionales.org\/?p=3306","title":{"rendered":"Comunicado en solidaridad con el compa\u00f1ero Lula da Silva  #LulaValeALuta"},"content":{"rendered":"<p style=\"text-align: justify;\"><a href=\"http:\/\/www.ctainternacionales.org\/wp-content\/uploads\/2016\/03\/lula-povo002.jpg\" rel=\"attachment wp-att-3307\"><img loading=\"lazy\" decoding=\"async\" class=\"aligncenter size-thumbnail wp-image-3307\" src=\"http:\/\/www.ctainternacionales.org\/wp-content\/uploads\/2016\/03\/lula-povo002-307x204.jpg\" alt=\"lula-povo002\" width=\"307\" height=\"204\" \/><\/a>Desde la Secretar\u00eda de Relaciones Internacionales de la CTA-Aut\u00f3noma expresamos nuestro repudio y preocupaci\u00f3n ante los \u00faltimos hechos desarrollados en Brasil, donde el ex presidente Lula da Silva ha sido llevado de manera \u201ccoercitiva\u201d a prestar declaraci\u00f3n en la sede de la Polic\u00eda Federal, en el aeropuerto de Congonhas, en el marco del caso de corrupci\u00f3n de Petrobras conocido como \u201cPetrol\u00e3o\u201d. Este acto, que incluy\u00f3 el allanamiento de la casa de Lula, y del Instituto Lula, realizado con un gran despliegue policial, resulta completamente injustificado teniendo en cuenta que no existe prueba alguna de que el ex presidente haya cometido ning\u00fan acto il\u00edcito, adem\u00e1s de que en ning\u00fan momento se ha negado a prestar declaraci\u00f3n ni a brindar informaciones cuando le han sido formalmente solicitadas.<br \/>\nEste espect\u00e1culo medi\u00e1tico, que no tiene sustento legal busca manchar y desleg\u00edtimar a uno de los principales referentes del pueblo brasilero que tanto ha realizado para reducir la pobreza de su pa\u00eds, reivindicar los derechos de los trabajadores y las trabajadoras y para fortalecer la integraci\u00f3n latinoamericana. Por ello, denunciamos que se trata de una persecuci\u00f3n pol\u00edtica, que tiene como fin montar un despliegue medi\u00e1tico a fin de difamar al ex presidente Lula da Silva y a la mism\u00edsima presidenta de Brasil, Dilma Roussef.<br \/>\nLos trabajadores y trabajadores de Argentina nos mantenemos alerta para defender y apoyar al compa\u00f1ero Lula da Silva en estos dif\u00edciles momentos, y en especial para defender la democracia por sobre los intentos de las corporaciones econ\u00f3micas, medi\u00e1ticas y pol\u00edticas de desestabilizar al actual gobierno brasilero.<\/p>\n","protected":false},"excerpt":{"rendered":"Desde la Secretar\u00eda de Relaciones Internacionales de la CTA-Aut\u00f3noma expresamos nuestro repudio y preocupaci\u00f3n ante los \u00faltimos hechos desarrollados en Brasil, donde el \n<a class=\"moretag\" href=\"https:\/\/ctainternacionales.org\/?p=3306\"> [...]<\/a>","protected":false},"author":1,"featured_media":0,"comment_status":"closed","ping_status":"closed","sticky":false,"template":"","format":"standard","meta":{"ngg_post_thumbnail":0,"footnotes":""},"categories":[],"tags":[],"class_list":["post-3306","post","type-post","status-publish","format-standard","hentry"],"_links":{"self":[{"href":"https:\/\/ctainternacionales.org\/index.php?rest_route=\/wp\/v2\/posts\/3306","targetHints":{"allow":["GET"]}}],"collection":[{"href":"https:\/\/ctainternacionales.org\/index.php?rest_route=\/wp\/v2\/posts"}],"about":[{"href":"https:\/\/ctainternacionales.org\/index.php?rest_route=\/wp\/v2\/types\/post"}],"author":[{"embeddable":true,"href":"https:\/\/ctainternacionales.org\/index.php?rest_route=\/wp\/v2\/users\/1"}],"replies":[{"embeddable":true,"href":"https:\/\/ctainternacionales.org\/index.php?rest_route=%2Fwp%2Fv2%2Fcomments&post=3306"}],"version-history":[{"count":3,"href":"https:\/\/ctainternacionales.org\/index.php?rest_route=\/wp\/v2\/posts\/3306\/revisions"}],"predecessor-version":[{"id":3363,"href":"https:\/\/ctainternacionales.org\/index.php?rest_route=\/wp\/v2\/posts\/3306\/revisions\/3363"}],"wp:attachment":[{"href":"https:\/\/ctainternacionales.org\/index.php?rest_route=%2Fwp%2Fv2%2Fmedia&parent=3306"}],"wp:term":[{"taxonomy":"category","embeddable":true,"href":"https:\/\/ctainternacionales.org\/index.php?rest_route=%2Fwp%2Fv2%2Fcategories&post=3306"},{"taxonomy":"post_tag","embeddable":true,"href":"https:\/\/ctainternacionales.org\/index.php?rest_route=%2Fwp%2Fv2%2Ftags&post=3306"}],"curies":[{"name":"wp","href":"https:\/\/api.w.org\/{rel}","templated":true}]}}