{"id":3280,"date":"2016-02-25T15:29:06","date_gmt":"2016-02-25T18:29:06","guid":{"rendered":"http:\/\/www.ctainternacionales.org\/?p=3280"},"modified":"2016-02-25T15:58:15","modified_gmt":"2016-02-25T18:58:15","slug":"con-la-plaza-de-mayo-llena-el-paro-de-estatales-se-hizo-sentir-en-todo-el-pais","status":"publish","type":"post","link":"https:\/\/ctainternacionales.org\/?p=3280","title":{"rendered":"Con la Plaza de Mayo llena, el paro de estatales se hizo sentir en todo el pa\u00eds"},"content":{"rendered":"<p>M\u00e1s de 50mil trabajadores de los m\u00e1s amplios sectores se movilizaron hoy a Plaza de Mayo en el marco del paro nacional convocado por ATE y los gremios estatales FESPROSA, CONADU HIist\u00f3rica, Judiciales y la Federaci\u00f3n Nacional Docente, que tambi\u00e9n integran la CTA Aut\u00f3noma. Bajo la consigna \u201cni un despido m\u00e1s, ni un trabajador menos\u201d, se exigi\u00f3 al gobierno nacional el cese de los despidos y la reincorporaci\u00f3n de los m\u00e1s de 20 mil cesanteados en el Estado Nacional, los gobiernos provinciales y municipales. Tambi\u00e9n hubo masivas movilizaciones en las principales capitales de provincias y localidades a lo largo y ancho del pa\u00eds.<!--more--><\/p>\n<p><a href=\"http:\/\/www.ctainternacionales.org\/wp-content\/uploads\/2016\/02\/Plaza-corte.jpg\"><img loading=\"lazy\" decoding=\"async\" class=\"aligncenter size-thumbnail wp-image-3281\" src=\"http:\/\/www.ctainternacionales.org\/wp-content\/uploads\/2016\/02\/Plaza-corte-307x172.jpg\" alt=\"Plaza-corte\" width=\"307\" height=\"172\" \/><\/a><\/p>\n<p>&nbsp;<\/p>\n<p>Apenas pasada la media ma\u00f1ana comenzaron a sentirse en todas las calles del microcentro porte\u00f1o los bombos que anunciaban la llegada de columnas de trabajadores a la intersecci\u00f3n de 9 de julio y Avenida de Mayo, donde las bengalas te\u00f1\u00edan el cielo de color verde.<\/p>\n<p>Miles y miles de trabajadores estatales pararon la administraci\u00f3n p\u00fablica, el poder judicial, los hospitales, las escuelas y universidades en todo el pa\u00eds y se movilizaron de Ushuaia a La Quiaca. En la Ciudad Aut\u00f3noma de Buenos Aires una inmensa columna que integraba a trabajadores de los m\u00e1s amplios sectores moviliz\u00f3 por Avenida de Mayo para llegar a la plaza y reclamar el cese de los despidos y la reincorporaci\u00f3n de los m\u00e1s de 20mil trabajadores que fueron cesanteados en el Estado nacional, provinciales y municipales.<\/p>\n<p>\u201cHoy m\u00e1s que nunca son tiempos en que tenemos que estar todos juntos, para pararle la mano al gobierno de Macri que est\u00e1 haciendo desastres, y para poder construir un gran paro nacional con movilizaci\u00f3n que haga frente a lo que est\u00e1 pasando\u201d, dijo a ACTA Pablo Micheli, Secretario General de la CTA Aut\u00f3noma.<\/p>\n<p>Por su parte, Ricardo Peidro explic\u00f3 a esta Agencia: \u201cEl ajuste que se traduce en despidos y rebaja salarial a trav\u00e9s de la inflaci\u00f3n, no es un problema s\u00f3lo de los estatales, es un avance sobre toda la clase. El Gobierno, que es quien tiene que garantizar la dignidad de los trabajadores, despide compa\u00f1eros, y da luz verde para que se profudincen los despidos y las suspensiones en el sector privado\u201d.<\/p>\n<p>Acto en Plaza de Mayo<br \/>\nAnte una multitud y ciento de banderas, se llev\u00f3 a cabo el acto en la Plaza de Mayo. El primer orador fue el secretario General de ATE Nacional, Hugo \u201cCachorro\u201d Godoy, quien denunci\u00f3 el ajuste en el Estado nacional, provinciales y municipales, su implicancia sobre la discusi\u00f3n paritaria y la importancia de la unidad de toda la clase en esta etapa, que debe darse con debate militante y solidaridad.<\/p>\n<p>Adem\u00e1s convoc\u00f3: \u201cEn esta autonom\u00eda, en esta libertad, en esta democracia, en esta unidad nos tenemos que fortalecer y multiplicar. Porque este es el camino de la victoria para conquistar la felicidad del pueblo argentino\u201d.<\/p>\n<p>El secretario General de ATE Capital, Daniel Catalano, salud\u00f3 la movilizaci\u00f3n y ley\u00f3 una carta enviada desde el Penal de Mujeres de San Salvador de Jujuy, por la dirigente Milagro Sala, quien se encuentra detenida desde hace 40 d\u00edas en un claro ejercicio de criminalizaci\u00f3n de la protesta social.<\/p>\n<p>Jorge Yabkowsky, secretario General de FESPROSA y Secretario de Salud Laboral de la CTA, se refiri\u00f3 al ajuste en el \u00e1mbito de la salud p\u00fablica, describiendo acerca de la voluntad pol\u00edtica de este gobierno de financiar los emprendimientos sojeros, mineros, inmobiliario y petroleros en detrimento de los derechos de los trabajadores y de la salud del pueblo: \u201cqueremos una salud para todos en una patria para todos\u201d, sentenci\u00f3 el dirigente.<\/p>\n<p>Por la Federaci\u00f3n de Docentes, Investigadores y Creadores Universitarios (CONADU Hist\u00f3rica-CTA), habl\u00f3 su secretario General Luis Tiscornia, quien describi\u00f3 la situaci\u00f3n de los m\u00e1s de 130mil docentes universitarios y preuniversitarios: \u201cSi ATE est\u00e1 luchando contra los despidos, despu\u00e9s seguimos nosotros\u201d, afirm\u00f3 al tiempo que denunci\u00f3 la precarizaci\u00f3n laboral en las universidades nacionales y las paritarias reci\u00e9n en junio: \u201cpara que no nos unamos con los docentes de las escuelas\u2013 que tienen su paritaria en marzo &#8211; hace dos a\u00f1os firmaron un acuerdo paritario por 16 meses.\u201d.<\/p>\n<p>Los judiciales se hicieron escuchar a trav\u00e9s de la voz del secretario General de la Federaci\u00f3n Judicial Argentina, Hugo Blasco, qui\u00e9n adem\u00e1s es Secretario de Derechos Humanos de la CTA: \u201cLos judiciales repudiamos los despidos en todo el pa\u00eds en todos los niveles del Estado, pero tambi\u00e9n la precarizaci\u00f3n en el empleo, por paritaria libres y contra la criminalizaci\u00f3n de la protesta. Debemos unificarnos para potenciar nuestros reclamos en un contexto pol\u00edtico sumamente dif\u00edcil\u201d.<\/p>\n<p>La Federaci\u00f3n Nacional Docente march\u00f3 en todo el pa\u00eds en el marco de las paritarias, donde el gobierno intenta poner un tope salarial y dejar librada a la capacidad de cada provincia las condiciones de los trabajadores del sector.<\/p>\n<p>Cerr\u00f3 el acto el secretario General de la CTA y ATE Provincia de Buenos Aires, Oscar \u201cColo\u201d de Isasi quien valor\u00f3 la magnitud de la movilizaci\u00f3n y la unidad de los m\u00e1s amplios sectores: \u201cHoy debemos celebrar que fuimos capaces de hacernos cargo de todas las luchas a lo largo y ancho del pa\u00eds y darle el oxigeno que necesitan\u201d, anim\u00f3 de Isasi a la vez que convoc\u00f3 a toda la militancia a movilizar el pr\u00f3ximo 29 de febrero, d\u00eda en que empezar\u00edan las clases en la mayor\u00eda de las provincias.<\/p>\n<p>Estuvieron tambi\u00e9n estibadores portuarios; periodistas de SIPREBA; trabajadores de Cresta Roja; ferroviarios; organizaciones territoriales, ambientales y de derechos humanos. Infaltable, se encontraba la Madre de Plaza de Mayo-L\u00ednea Fundadora Nora Corti\u00f1as.<\/p>\n<p><a href=\"http:\/\/www.ctainternacionales.org\/wp-content\/uploads\/2016\/02\/images-1.jpeg\"><img loading=\"lazy\" decoding=\"async\" class=\"aligncenter size-full wp-image-3275\" src=\"http:\/\/www.ctainternacionales.org\/wp-content\/uploads\/2016\/02\/images-1.jpeg\" alt=\"images-1\" width=\"287\" height=\"176\" \/><\/a><\/p>\n<p>Solidaridad internacional<br \/>\nJulio Fuentes, Presidente de la Confederaci\u00f3n Latinoamericana y el Caribe de Trabajadores Estatales \u2013CLATE- y secretario Adjunto de ATE, agradeci\u00f3 la solidaridad enviada desde la Confederaci\u00f3n Sindical Internacional, la Confederaci\u00f3n de Sindicatos de Trabajadores de las Am\u00e9ricas, la CGT de Francia, la Confederaci\u00f3n Sindical Vasca y la Uni\u00f3n de Sindicatos Obreros y la Confederaci\u00f3n Sindical de Comisiones Obreras de Espa\u00f1a.<\/p>\n<p>Asimismo, Fuentes mencion\u00f3 a los dirigentes internacionales presentes en la movilizaci\u00f3n, entre ellos, Jos\u00e9 Lorenzo de la CUT de Brasil; Ra\u00fal de la Puente, Presidente de la Agrupaci\u00f3n Nacional de Empleados Fiscales de Chile; y Luigi Bazzano, dirigente de la Confederaci\u00f3n de Organizaciones de Funcionarios del Estado de Uruguay y Secretario General de la CLATE, quien habl\u00f3 en nombre de todos.<\/p>\n<p>&nbsp;<\/p>\n","protected":false},"excerpt":{"rendered":"M\u00e1s de 50mil trabajadores de los m\u00e1s amplios sectores se movilizaron hoy a Plaza de Mayo en el marco del paro nacional convocado \n<a class=\"moretag\" href=\"https:\/\/ctainternacionales.org\/?p=3280\"> [...]<\/a>","protected":false},"author":1,"featured_media":0,"comment_status":"closed","ping_status":"closed","sticky":false,"template":"","format":"standard","meta":{"ngg_post_thumbnail":0,"footnotes":""},"categories":[],"tags":[],"class_list":["post-3280","post","type-post","status-publish","format-standard","hentry"],"_links":{"self":[{"href":"https:\/\/ctainternacionales.org\/index.php?rest_route=\/wp\/v2\/posts\/3280","targetHints":{"allow":["GET"]}}],"collection":[{"href":"https:\/\/ctainternacionales.org\/index.php?rest_route=\/wp\/v2\/posts"}],"about":[{"href":"https:\/\/ctainternacionales.org\/index.php?rest_route=\/wp\/v2\/types\/post"}],"author":[{"embeddable":true,"href":"https:\/\/ctainternacionales.org\/index.php?rest_route=\/wp\/v2\/users\/1"}],"replies":[{"embeddable":true,"href":"https:\/\/ctainternacionales.org\/index.php?rest_route=%2Fwp%2Fv2%2Fcomments&post=3280"}],"version-history":[{"count":1,"href":"https:\/\/ctainternacionales.org\/index.php?rest_route=\/wp\/v2\/posts\/3280\/revisions"}],"predecessor-version":[{"id":3283,"href":"https:\/\/ctainternacionales.org\/index.php?rest_route=\/wp\/v2\/posts\/3280\/revisions\/3283"}],"wp:attachment":[{"href":"https:\/\/ctainternacionales.org\/index.php?rest_route=%2Fwp%2Fv2%2Fmedia&parent=3280"}],"wp:term":[{"taxonomy":"category","embeddable":true,"href":"https:\/\/ctainternacionales.org\/index.php?rest_route=%2Fwp%2Fv2%2Fcategories&post=3280"},{"taxonomy":"post_tag","embeddable":true,"href":"https:\/\/ctainternacionales.org\/index.php?rest_route=%2Fwp%2Fv2%2Ftags&post=3280"}],"curies":[{"name":"wp","href":"https:\/\/api.w.org\/{rel}","templated":true}]}}