{"id":3270,"date":"2016-02-14T22:29:15","date_gmt":"2016-02-15T01:29:15","guid":{"rendered":"http:\/\/www.ctainternacionales.org\/?p=3270"},"modified":"2016-02-14T22:29:47","modified_gmt":"2016-02-15T01:29:47","slug":"endeudamiento-y-ajuste-marcan-primeros-dos-meses-del-gobierno","status":"publish","type":"post","link":"https:\/\/ctainternacionales.org\/?p=3270","title":{"rendered":"Endeudamiento y ajuste marcan primeros dos meses del Gobierno"},"content":{"rendered":"<p>En sus dos primeros meses en la presidencia de Argentina, Mauricio Macri ha priorizado el ajuste de la econom\u00eda y el endeudamiento, mientras gobierna por decreto en detrimento de los sectores populares y la industria, dijo a Sputnik N\u00f3vosti el ex diputado de izquierdas Claudio Lozano.<!--more--><\/p>\n<p><a href=\"http:\/\/www.ctainternacionales.org\/wp-content\/uploads\/2016\/02\/1781303.jpg\"><img loading=\"lazy\" decoding=\"async\" class=\"aligncenter size-thumbnail wp-image-3271\" src=\"http:\/\/www.ctainternacionales.org\/wp-content\/uploads\/2016\/02\/1781303-307x204.jpg\" alt=\"DEF161011LOZANO7\" width=\"307\" height=\"204\" \/><\/a>\u201cLo que vemos es una combinaci\u00f3n peligrosa de ajuste con un fuerte autoritarismo pol\u00edtico\u201d, sostuvo Lozano, economista y director del Instituto de Pensamiento y Pol\u00edticas P\u00fablicas (IPyPP), un centro de pensamiento vinculado a la independiente Central de Trabajadores de la Argentina (CTA Aut\u00f3noma) que contribuy\u00f3 a fundar.<\/p>\n<p>Desde que asumi\u00f3 su cargo el 10 de diciembre de 2015, Macri aprovech\u00f3 el receso del Congreso para legislar mediante decretos e intentar llenar dos vacantes en la Corte Suprema de Justicia, crear ministerios y deshacer medidas aprobadas en el Parlamento, como las leyes de Servicios de Comunicaci\u00f3n Audiovisual y de Tecnolog\u00eda Digital.<\/p>\n<p>Macri tambi\u00e9n emiti\u00f3 decretos de necesidad y urgencia para asuntos que no lo requer\u00edan. A trav\u00e9s de uno de ellos, declar\u00f3 la emergencia en seguridad nacional en un texto que da v\u00eda libre al derribo de aviones \u201chostiles\u201d en territorio nacional.<\/p>\n<p>\u201cEstas cuestiones merec\u00edan un debate parlamentario, pero el Congreso brill\u00f3 por su ausencia y no hubo sesiones extraordinarias hasta ahora\u201d, se\u00f1al\u00f3 Lozano.<\/p>\n<p>La criminalizaci\u00f3n de la protesta, a\u00f1adi\u00f3 el exdiputado, es otro rasgo del Poder Ejecutivo de Macri.<\/p>\n<p>El opositor puso como ejemplo los operativos contra la movilizaci\u00f3n en diciembre de trabajadores cesanteados por la empresa av\u00edcola Cresta Roja, contra empleados p\u00fablicos despedidos en la capital bonaerense de La Plata que protestaron a comienzos de enero, o incluso el modo en que fue detenida la dirigente social Milagro Sala tambi\u00e9n el mes pasado.<\/p>\n<p>\u201cArgentina quer\u00eda cambiar lo que ocurr\u00eda (entre 2007 y 2015, durante la administraci\u00f3n de Cristina Fern\u00e1ndez de Kirchner), pero la direcci\u00f3n que ha tomado este Gobierno va a entrar en colisi\u00f3n con buena parte de los intereses que esta sociedad tiene\u201d, reflexion\u00f3 el director de IPyPP.<\/p>\n<p>Seg\u00fan Lozano, Argentina pas\u00f3 de una etapa de estancamiento econ\u00f3mico, que prevalec\u00eda desde 2011, a una fase recesiva.<\/p>\n<p>A la depreciaci\u00f3n del peso, que en diciembre perdi\u00f3 44,3 por ciento de su valor frente al d\u00f3lar, hay que a\u00f1adir la eliminaci\u00f3n de los impuestos a la exportaci\u00f3n de cereales y la reducci\u00f3n a los de la venta de soja.<\/p>\n<p>Ello representa \u201cuna transferencia brutal de recursos a los sectores exportadores\u201d, seg\u00fan Lozano.<\/p>\n<p>Esa transferencia ha sido calculada por el IPyPP en 128.868 millones de pesos (unos 9.000 millones de d\u00f3lares), que equivalen a tres por ciento de Producto Interno Bruto (PIB) \u201cpara agigantar la rentabilidad de los exportadores en un contexto donde la demanda mundial no se encuentra en situaci\u00f3n de dinamismo\u201d.<\/p>\n<p>As\u00ed se origin\u00f3 una aceleraci\u00f3n de los precios, con el consiguiente retraso del poder adquisitivo de asalariados, jubilados y trabajadores aut\u00f3nomos. \u201cEsto deprime la demanda dom\u00e9stica, por lo que las condiciones para la recuperaci\u00f3n de la actividad desaparecen\u201d, observ\u00f3 el ex legislador.<\/p>\n<p>Sobre la oferta gubernamental de pagar a los fondos buitre 6.500 millones de d\u00f3lares, Lozano la consider\u00f3 muy generosa, pues el capital original era de 1.900 millones de d\u00f3lares, y el Gobierno acept\u00f3 devolver m\u00e1s de 242 por ciento ese valor: reconoce el 100 por ciento del capital y de los intereses, m\u00e1s 40 por ciento de los costos punitorios.<\/p>\n<p>Aprovechando la baja deuda del pa\u00eds en relaci\u00f3n con el PIB que hered\u00f3 de la gesti\u00f3n anterior, Macri intenta compensar la recesi\u00f3n con el endeudamiento, seg\u00fan Lozano.<\/p>\n<p>\u201cAs\u00ed quiere sostener alg\u00fan plan de obra p\u00fablica que compense el deterioro de la actividad, cuando buena parte de esas operaciones pueden resolverse con cuestiones de orden local y no con divisas\u201d, afirm\u00f3.<\/p>\n<p>El Gobierno tambi\u00e9n ha aumentado las tarifas de la electricidad, recortando los subsidios.<\/p>\n<p>\u201cDetr\u00e1s de la liberaci\u00f3n del subsidio, se mantiene el subsidio a las petroleras, principales responsables de la crisis energ\u00e9tica por la falta de inversi\u00f3n y la depredaci\u00f3n de los recursos hidrocarbur\u00edferos\u201d, critic\u00f3 Lozano.<\/p>\n<p>El Gobierno plantea ahora la subida en los precios del gas mientras mantiene la fragmentaci\u00f3n del sistema energ\u00e9tico entre petroleras, generadoras, transportistas y distribuidoras, \u201clo que supone crear una cascada de rentabilidades\u201d, cuando el Estado ya subsidia al sector pagando el barril de crudo al doble del precio internacional, observ\u00f3.<\/p>\n<p>Lozano record\u00f3 que una de las promesas del actual presidente fue un acuerdo social que pusiera en discusi\u00f3n la evoluci\u00f3n de los precios, un compromiso que no ha cumplido.<\/p>\n<p>\u201cSi el Estado no asume alg\u00fan grado de control sobre los d\u00f3lares que ingresan y dependemos solo de los exportadores, Argentina est\u00e1 maniatada a la especulaci\u00f3n de los sectores que quieran hacer (empresas) mineras, aceiteras, cerealeras y petroleras, que manejan la torta de d\u00f3lares que el pa\u00eds genera\u201d, concluy\u00f3.<\/p>\n","protected":false},"excerpt":{"rendered":"En sus dos primeros meses en la presidencia de Argentina, Mauricio Macri ha priorizado el ajuste de la econom\u00eda y el endeudamiento, mientras \n<a class=\"moretag\" href=\"https:\/\/ctainternacionales.org\/?p=3270\"> [...]<\/a>","protected":false},"author":1,"featured_media":0,"comment_status":"closed","ping_status":"closed","sticky":false,"template":"","format":"standard","meta":{"ngg_post_thumbnail":0,"footnotes":""},"categories":[],"tags":[],"class_list":["post-3270","post","type-post","status-publish","format-standard","hentry"],"_links":{"self":[{"href":"https:\/\/ctainternacionales.org\/index.php?rest_route=\/wp\/v2\/posts\/3270","targetHints":{"allow":["GET"]}}],"collection":[{"href":"https:\/\/ctainternacionales.org\/index.php?rest_route=\/wp\/v2\/posts"}],"about":[{"href":"https:\/\/ctainternacionales.org\/index.php?rest_route=\/wp\/v2\/types\/post"}],"author":[{"embeddable":true,"href":"https:\/\/ctainternacionales.org\/index.php?rest_route=\/wp\/v2\/users\/1"}],"replies":[{"embeddable":true,"href":"https:\/\/ctainternacionales.org\/index.php?rest_route=%2Fwp%2Fv2%2Fcomments&post=3270"}],"version-history":[{"count":1,"href":"https:\/\/ctainternacionales.org\/index.php?rest_route=\/wp\/v2\/posts\/3270\/revisions"}],"predecessor-version":[{"id":3272,"href":"https:\/\/ctainternacionales.org\/index.php?rest_route=\/wp\/v2\/posts\/3270\/revisions\/3272"}],"wp:attachment":[{"href":"https:\/\/ctainternacionales.org\/index.php?rest_route=%2Fwp%2Fv2%2Fmedia&parent=3270"}],"wp:term":[{"taxonomy":"category","embeddable":true,"href":"https:\/\/ctainternacionales.org\/index.php?rest_route=%2Fwp%2Fv2%2Fcategories&post=3270"},{"taxonomy":"post_tag","embeddable":true,"href":"https:\/\/ctainternacionales.org\/index.php?rest_route=%2Fwp%2Fv2%2Ftags&post=3270"}],"curies":[{"name":"wp","href":"https:\/\/api.w.org\/{rel}","templated":true}]}}