{"id":3264,"date":"2016-02-14T22:23:10","date_gmt":"2016-02-15T01:23:10","guid":{"rendered":"http:\/\/www.ctainternacionales.org\/?p=3264"},"modified":"2016-02-14T22:26:03","modified_gmt":"2016-02-15T01:26:03","slug":"el-sindicalismo-argentino-solidario-con-los-8-trabajadores-de-airbus","status":"publish","type":"post","link":"https:\/\/ctainternacionales.org\/?p=3264","title":{"rendered":"El sindicalismo argentino solidario con los 8 trabajadores de Airbus"},"content":{"rendered":"<p style=\"text-align: justify;\">El sindicalismo argentino realiz\u00f3 una acci\u00f3n frente a la Embajada de Espa\u00f1a contra la judicializaci\u00f3n de los 8 trabajadores de Airbus que enfrentan un juicio penal por realizar huelgas y reclamos sindicales, donde podr\u00edan ser sentenciados a m\u00e1s de 8 a\u00f1os de c\u00e1rcel.<!--more--><\/p>\n<p style=\"text-align: justify;\"><a href=\"http:\/\/www.ctainternacionales.org\/wp-content\/uploads\/2016\/02\/Foto02W-4.jpg\"><img loading=\"lazy\" decoding=\"async\" class=\"aligncenter size-thumbnail wp-image-3266\" src=\"http:\/\/www.ctainternacionales.org\/wp-content\/uploads\/2016\/02\/Foto02W-4-307x167.jpg\" alt=\"Foto02W-4\" width=\"307\" height=\"167\" \/><\/a>La actividad impulsada por la CTA Aut\u00f3noma, la CTA de los Trabajadores y la CGT cont\u00f3 con el acompa\u00f1amiento de la Coordinadora de Centrales Sindicales del Cono Sur (CCSCS) y de la Confederaci\u00f3n Latinoamericana y del Caribe de Trabajadores del Estado (CLATE), y cont\u00f3 con un importante n\u00famero de dirigentes y referentes de esos sectores.<\/p>\n<p style=\"text-align: justify;\">Adolfo \u201cFito\u201d Aguirre en su calidad de Secretario de Relaciones Internacionales, junto a su par de la CTA de los Trabajadores, Roberto Baradel y Antonio Jara, Secretario General de la CCSCS y representando a la CGT; se reunieron con el Embajador Estanislao de Grandes Pascual y le entregaron declaraciones del sindicalismo argentino, de la Coordinadora de Centrales Sindicales del Cono Sur (CCSCS) y de la Confederaci\u00f3n Latinoamericana y del Caribe de Trabajadores del Estado (CLATE).<\/p>\n<p style=\"text-align: justify;\">\u201cLe expresamos el repudio de todo el sindicalismo argentino a la persecuci\u00f3n sindical que se le est\u00e1 realizando a los dirigentes en Espa\u00f1a. Pero adem\u00e1s manifestamos que el juicio que se est\u00e1 realizando en Madrid a los 8 dirigentes de Airbus, es injusto porque se estigmatiza al sindicalismo por el hecho de protestar, por aplicar un derecho fundamental como es el derecho a huelga\u201d, explic\u00f3 Aguirre al salir de la reuni\u00f3n.<\/p>\n<p style=\"text-align: justify;\">Asimismo afirm\u00f3: \u201cLo que le hemos dicho al embajador es que con esta actitud de estigmatizar, lo que se ha hecho es retroceder un siglo, porque se habilita al poder judicial -que es independiente pero cuenta con el poder pol\u00edtico para accionar- a que utilicen el c\u00f3digo penal para evitar que los trabajadores protesten. Proponer encarcelamiento a trabajadores, es un atentado tambi\u00e9n a la democracia, ya que las herramientas sindicales son fundamentales para su desarrollo\u201d.<\/p>\n<p style=\"text-align: justify;\">Por su parte, el Embajador se comprometi\u00f3 a enviar las declaraciones con el protocolo correspondiente a Espa\u00f1a e informar all\u00e1 sobre lo que piensa el sindicalismo argentino.<\/p>\n<p style=\"text-align: justify;\">Por la conducci\u00f3n de la CTA Aut\u00f3noma estuvieron presentes, Adolfo \u201cFito\u201d Aguirre, Ricardo Peidro, Carolina Ocar, Daniel Jorajur\u00eda, Carlos Custer, Claudia Baigorria, Mario Barrios, Horacio Meguira. Tambi\u00e9n se acercaron el Secretario General y Adjunto de CONADU Hist\u00f3rica y otros referentes de la CTA.<\/p>\n<p style=\"text-align: justify;\">Fotos: Walter Piedras<\/p>\n","protected":false},"excerpt":{"rendered":"El sindicalismo argentino realiz\u00f3 una acci\u00f3n frente a la Embajada de Espa\u00f1a contra la judicializaci\u00f3n de los 8 trabajadores de Airbus que enfrentan \n<a class=\"moretag\" href=\"https:\/\/ctainternacionales.org\/?p=3264\"> [...]<\/a>","protected":false},"author":1,"featured_media":0,"comment_status":"closed","ping_status":"closed","sticky":false,"template":"","format":"standard","meta":{"ngg_post_thumbnail":0,"footnotes":""},"categories":[],"tags":[],"class_list":["post-3264","post","type-post","status-publish","format-standard","hentry"],"_links":{"self":[{"href":"https:\/\/ctainternacionales.org\/index.php?rest_route=\/wp\/v2\/posts\/3264","targetHints":{"allow":["GET"]}}],"collection":[{"href":"https:\/\/ctainternacionales.org\/index.php?rest_route=\/wp\/v2\/posts"}],"about":[{"href":"https:\/\/ctainternacionales.org\/index.php?rest_route=\/wp\/v2\/types\/post"}],"author":[{"embeddable":true,"href":"https:\/\/ctainternacionales.org\/index.php?rest_route=\/wp\/v2\/users\/1"}],"replies":[{"embeddable":true,"href":"https:\/\/ctainternacionales.org\/index.php?rest_route=%2Fwp%2Fv2%2Fcomments&post=3264"}],"version-history":[{"count":3,"href":"https:\/\/ctainternacionales.org\/index.php?rest_route=\/wp\/v2\/posts\/3264\/revisions"}],"predecessor-version":[{"id":3269,"href":"https:\/\/ctainternacionales.org\/index.php?rest_route=\/wp\/v2\/posts\/3264\/revisions\/3269"}],"wp:attachment":[{"href":"https:\/\/ctainternacionales.org\/index.php?rest_route=%2Fwp%2Fv2%2Fmedia&parent=3264"}],"wp:term":[{"taxonomy":"category","embeddable":true,"href":"https:\/\/ctainternacionales.org\/index.php?rest_route=%2Fwp%2Fv2%2Fcategories&post=3264"},{"taxonomy":"post_tag","embeddable":true,"href":"https:\/\/ctainternacionales.org\/index.php?rest_route=%2Fwp%2Fv2%2Ftags&post=3264"}],"curies":[{"name":"wp","href":"https:\/\/api.w.org\/{rel}","templated":true}]}}