{"id":3261,"date":"2016-02-08T20:55:52","date_gmt":"2016-02-08T23:55:52","guid":{"rendered":"http:\/\/www.ctainternacionales.org\/?p=3261"},"modified":"2016-02-08T20:57:10","modified_gmt":"2016-02-08T23:57:10","slug":"campana-paremos-la-codicia-de-las-corporaciones-controlemos-el-poder-de-las-empresas-transnacionales","status":"publish","type":"post","link":"https:\/\/ctainternacionales.org\/?p=3261","title":{"rendered":"Campa\u00f1a: \u00abParemos la codicia de las corporaciones, controlemos el poder de las empresas transnacionales\u00bb"},"content":{"rendered":"<p>Este mi\u00e9rcoles 3 de febrero, Adolfo \u201cFito\u201d Aguirre, Secretario de Relaciones Internacionales de la CTA-Aut\u00f3noma recibi\u00f3 a Kirstine Drew, asesora del TUAC, la Comisi\u00f3n Sindical Consultiva ante la Organizaci\u00f3n para la Cooperaci\u00f3n y el Desarrollo Econ\u00f3mico (OCDE) para tratar el tema de los despidos en la empresa multinacional Bayer y para dar seguimiento a la campa\u00f1a \u201cParemos la codicia de las corporaciones, controlemos el poder de las empresas transnacionales\u201d, impulsada por la CTA- A con el apoyo de la CSI.<!--more--><\/p>\n<p><a href=\"http:\/\/www.ctainternacionales.org\/wp-content\/uploads\/2016\/02\/fito-8-1.jpg\"><img loading=\"lazy\" decoding=\"async\" class=\"aligncenter size-thumbnail wp-image-3262\" src=\"http:\/\/www.ctainternacionales.org\/wp-content\/uploads\/2016\/02\/fito-8-1-307x230.jpg\" alt=\"fito-8-1\" width=\"307\" height=\"230\" \/><\/a>El TUAC que es una interfaz para el movimiento sindical dentro de la estructura de la OCDE tiene como una de sus misiones intervenir en las denuncias contra las empresas multinacionales que incumplen con los Lineamientos de la OCDE para empresas multinacionales. Estos lineamientos intentan poner un l\u00edmite al accionar de estas empresas, y entre otros puntos, destacan la importancia del reconocimiento de los derechos de los trabajadores a organizarse y a que se respete la libertad sindical.<\/p>\n<p>Kirstine Drew, una de las m\u00e1s importantes expertas en estas tem\u00e1tica, en la reuni\u00f3n con Adolfo \u00abFito\u00bb Aguirre y el equipo de la Secretar\u00eda de Relaciones Internacionales de la CTA Aut\u00f3noma trat\u00f3 el tema de la denuncia que se est\u00e1 impulsando desde la Asociaci\u00f3n Agentes de Propaganda M\u00e9dica (AAPM-CTA) y de la Secretar\u00eda de Relaciones Internacionales contra la empresa multinacional Bayer ante la OCDE por incumplimiento de los \u201cLineamientos de la OCDE para empresas multinacionales\u201d por los despidos masivos que realiz\u00f3 en el mes de enero, dejando en la calle a 20 compa\u00f1eros y compa\u00f1eras visitadores m\u00e9dicos.<\/p>\n<p>En la reuni\u00f3n junto a Kirstine Drew, \u00abFito\u00bb Aguirre reafirm\u00f3 la necesidad de que los trabajadores se organicen para pasar a la ofensiva contra las empresas transnacionales que dictan las pol\u00edticas a los gobiernos y que socavan los derechos de los trabajadores.<\/p>\n<p>En ese sentido Fito Aguirre afirm\u00f3: \u201cDesde la CTA- A lanzamos el a\u00f1o pasado junto a la CSI la campa\u00f1a Paremos la codicia de las corporaciones, controlemos el poder de las empresas transnacionales. Los despidos masivos que Bayer est\u00e1 realizando son muestra de esta codicia, porque que a la vez que la industria farmac\u00e9utica es uno de los sectores que m\u00e1s crece y acumula, despide a trabajadores como m\u00e9todo de ajuste. Estas pr\u00e1cticas no las dejaremos pasar y seguiremos promoviendo la campa\u00f1a y denunciando a estas empresas en la calle y ante el Ministerio de Trabajo pero tambi\u00e9n ante organismos internacionales como la OCDE\u201d.<\/p>\n<p>Por este tema tambi\u00e9n, Ricardo Peidro, Secretario General de AAPM y Secretario Adjunto de la CTA-A, junto a Bruno Dobrusin y Sabrina Haboba, del equipo de la Secretar\u00eda de Relaciones Internacionales, mantuvieron una reuni\u00f3n en Canciller\u00eda en la ma\u00f1ana del mi\u00e9rcoles, con los representantes del Punto Nacional de Contacto de la OCDE para expresarse sobre el accionar de la empresa Bayer y para dar impulso a la denuncia por los despidos.<\/p>\n<p>* Equipo de Comunicaci\u00f3n d<\/p>\n","protected":false},"excerpt":{"rendered":"Este mi\u00e9rcoles 3 de febrero, Adolfo \u201cFito\u201d Aguirre, Secretario de Relaciones Internacionales de la CTA-Aut\u00f3noma recibi\u00f3 a Kirstine Drew, asesora del TUAC, la \n<a class=\"moretag\" href=\"https:\/\/ctainternacionales.org\/?p=3261\"> [...]<\/a>","protected":false},"author":1,"featured_media":0,"comment_status":"closed","ping_status":"closed","sticky":false,"template":"","format":"standard","meta":{"ngg_post_thumbnail":0,"footnotes":""},"categories":[],"tags":[],"class_list":["post-3261","post","type-post","status-publish","format-standard","hentry"],"_links":{"self":[{"href":"https:\/\/ctainternacionales.org\/index.php?rest_route=\/wp\/v2\/posts\/3261","targetHints":{"allow":["GET"]}}],"collection":[{"href":"https:\/\/ctainternacionales.org\/index.php?rest_route=\/wp\/v2\/posts"}],"about":[{"href":"https:\/\/ctainternacionales.org\/index.php?rest_route=\/wp\/v2\/types\/post"}],"author":[{"embeddable":true,"href":"https:\/\/ctainternacionales.org\/index.php?rest_route=\/wp\/v2\/users\/1"}],"replies":[{"embeddable":true,"href":"https:\/\/ctainternacionales.org\/index.php?rest_route=%2Fwp%2Fv2%2Fcomments&post=3261"}],"version-history":[{"count":1,"href":"https:\/\/ctainternacionales.org\/index.php?rest_route=\/wp\/v2\/posts\/3261\/revisions"}],"predecessor-version":[{"id":3263,"href":"https:\/\/ctainternacionales.org\/index.php?rest_route=\/wp\/v2\/posts\/3261\/revisions\/3263"}],"wp:attachment":[{"href":"https:\/\/ctainternacionales.org\/index.php?rest_route=%2Fwp%2Fv2%2Fmedia&parent=3261"}],"wp:term":[{"taxonomy":"category","embeddable":true,"href":"https:\/\/ctainternacionales.org\/index.php?rest_route=%2Fwp%2Fv2%2Fcategories&post=3261"},{"taxonomy":"post_tag","embeddable":true,"href":"https:\/\/ctainternacionales.org\/index.php?rest_route=%2Fwp%2Fv2%2Ftags&post=3261"}],"curies":[{"name":"wp","href":"https:\/\/api.w.org\/{rel}","templated":true}]}}