{"id":3258,"date":"2016-02-08T20:41:57","date_gmt":"2016-02-08T23:41:57","guid":{"rendered":"http:\/\/www.ctainternacionales.org\/?p=3258"},"modified":"2016-02-08T20:52:15","modified_gmt":"2016-02-08T23:52:15","slug":"la-huelga-no-es-delito-solidaridad-argentina-con-los-8-de-airbus-espana","status":"publish","type":"post","link":"https:\/\/ctainternacionales.org\/?p=3258","title":{"rendered":"La huelga no es delito, solidaridad argentina con los 8 de Airbus Espa\u00f1a"},"content":{"rendered":"<p>Durante los d\u00edas 9 y 12 de febrero ser\u00e1n llevados a juicio en Espa\u00f1a los 8 compa\u00f1eros sindicalistas de la empresa transnacional Airbus por haber ejercido el derecho de huelga. Fueron imputados luego de participar en una movilizaci\u00f3n frente a las puertas de la empresa en Getafe, Madrid, donde adem\u00e1s la protesta fue brutalmente reprimida por la polic\u00eda durante la huelga general del 29 de septiembre de 2010 convocada contra la reforma laboral que ten\u00eda como uno de los objetivos, abaratar los despidos.<!--more--><\/p>\n<p><a href=\"http:\/\/www.ctainternacionales.org\/wp-content\/uploads\/2016\/02\/espana-4.jpg\"><img loading=\"lazy\" decoding=\"async\" class=\"aligncenter size-full wp-image-3259\" src=\"http:\/\/www.ctainternacionales.org\/wp-content\/uploads\/2016\/02\/espana-4.jpg\" alt=\"espana-4\" width=\"301\" height=\"427\" \/><\/a>La fiscal\u00eda pide para cada compa\u00f1ero una condena de 8 a\u00f1os y tres meses de prisi\u00f3n, ampar\u00e1ndose en un art\u00edculo del c\u00f3digo penal obsoleto y que va en consonancia con el montaje de una pol\u00edtica represiva y de censura que incluye la Ley de Seguridad Ciudadana (Ley mordaza) y el nuevo C\u00f3digo Penal que rige en Espa\u00f1a.<\/p>\n<p>\u201cLa CTA Aut\u00f3noma, junto a referentes de las otras centrales de trabajadores de Argentina expresa su solidaridad y el repudio a la persecuci\u00f3n de los dirigentes sindicales espa\u00f1oles\u201d, expres\u00f3 Adolfo \u201cFito\u201d Aguirre, secretario de Relaciones Internacionales de la CTA.<\/p>\n<p>-\u00bfPor qu\u00e9 la CTA Aut\u00f3noma forma parte de esta movida internacional?<\/p>\n<p>&#8211; Es que lo que est\u00e1 en juego en el juicio contra los \u201c8 de Airbus\u201d no es menor: el derecho a huelga y la libertad sindical. El derecho de huelga es un derecho fundamental de todos los trabajadores y trabajadoras, reconocido en el \u00e1mbito internacional y en las constituciones nacionales de todos los Estados. Es adem\u00e1s la principal herramienta de acci\u00f3n colectiva de los trabajadores y de sus representantes gremiales para poder hacer frente a los atropellos patronales. Este es un caso testigo a nivel mundial ya que muestra la asociaci\u00f3n que hay entre los Estados y el capital transnacional.<\/p>\n<p>-\u00bfCre\u00e9s que hay una ofensiva de los patrones a nivel global?<\/p>\n<p>&#8211; Claramente. Buscan condicionarnos de manera que se opere un abaratamiento de la mano de obra, de los costos que pagan por despidos y de que ni tengamos el derecho a la protesta y a la huelga que es en definitiva el \u00fanico camino para dirimir los conflictos. De otro modo, esto ser\u00eda la dictadura de la patronal. Fijate en el tratado TPP que acaban de firmar en Nueva Zelanda va en este sentido. Quieren instalar un nuevo orden mundial y nosotros, desde Argentina, nos solidarizamos con los compa\u00f1eros y lo denunciamos y nos plantamos en resistencia.<\/p>\n<p>-\u00bfC\u00f3mo van a ser las actividades en Buenos Aires?<\/p>\n<p>&#8211; El juicio es este martes 9 y se extiende hasta el viernes 12. Lo que hemos acordado con las centrales espa\u00f1olas como la USO, Comisiones Obreras y UGT es que hoy martes 11 vamos a concentrar en la embajada de Espa\u00f1a en Buenos Aires y una delegaci\u00f3n integrada por dirigentes de todas las centrales obreras argentinas van a entregar un documento demandando el cese de la criminalizaci\u00f3n de \u201c Los ocho de Airbus\u201d y nuestra completa solidaridad con la lucha que los compa\u00f1eros llevan adelante por la defensa de los derechos laborales. Todo esto en el marco de la movilizaci\u00f3n que este d\u00eda tambi\u00e9n se va a estar desarrollando en Madrid.<\/p>\n","protected":false},"excerpt":{"rendered":"Durante los d\u00edas 9 y 12 de febrero ser\u00e1n llevados a juicio en Espa\u00f1a los 8 compa\u00f1eros sindicalistas de la empresa transnacional Airbus \n<a class=\"moretag\" href=\"https:\/\/ctainternacionales.org\/?p=3258\"> [...]<\/a>","protected":false},"author":1,"featured_media":0,"comment_status":"closed","ping_status":"closed","sticky":false,"template":"","format":"standard","meta":{"ngg_post_thumbnail":0,"footnotes":""},"categories":[],"tags":[],"class_list":["post-3258","post","type-post","status-publish","format-standard","hentry"],"_links":{"self":[{"href":"https:\/\/ctainternacionales.org\/index.php?rest_route=\/wp\/v2\/posts\/3258","targetHints":{"allow":["GET"]}}],"collection":[{"href":"https:\/\/ctainternacionales.org\/index.php?rest_route=\/wp\/v2\/posts"}],"about":[{"href":"https:\/\/ctainternacionales.org\/index.php?rest_route=\/wp\/v2\/types\/post"}],"author":[{"embeddable":true,"href":"https:\/\/ctainternacionales.org\/index.php?rest_route=\/wp\/v2\/users\/1"}],"replies":[{"embeddable":true,"href":"https:\/\/ctainternacionales.org\/index.php?rest_route=%2Fwp%2Fv2%2Fcomments&post=3258"}],"version-history":[{"count":1,"href":"https:\/\/ctainternacionales.org\/index.php?rest_route=\/wp\/v2\/posts\/3258\/revisions"}],"predecessor-version":[{"id":3260,"href":"https:\/\/ctainternacionales.org\/index.php?rest_route=\/wp\/v2\/posts\/3258\/revisions\/3260"}],"wp:attachment":[{"href":"https:\/\/ctainternacionales.org\/index.php?rest_route=%2Fwp%2Fv2%2Fmedia&parent=3258"}],"wp:term":[{"taxonomy":"category","embeddable":true,"href":"https:\/\/ctainternacionales.org\/index.php?rest_route=%2Fwp%2Fv2%2Fcategories&post=3258"},{"taxonomy":"post_tag","embeddable":true,"href":"https:\/\/ctainternacionales.org\/index.php?rest_route=%2Fwp%2Fv2%2Ftags&post=3258"}],"curies":[{"name":"wp","href":"https:\/\/api.w.org\/{rel}","templated":true}]}}