{"id":3249,"date":"2016-02-03T01:58:26","date_gmt":"2016-02-03T04:58:26","guid":{"rendered":"http:\/\/www.ctainternacionales.org\/?p=3249"},"modified":"2016-02-03T02:01:00","modified_gmt":"2016-02-03T05:01:00","slug":"la-matanza-de-curuguaty-fue-planeada-por-los-herederos-politicos-de-stroessner","status":"publish","type":"post","link":"https:\/\/ctainternacionales.org\/?p=3249","title":{"rendered":"\u201cLa matanza de Curuguaty fue planeada por los herederos pol\u00edticos de Stroessner\u00bb"},"content":{"rendered":"<p style=\"text-align: justify;\">Amelio Sisco denuncia La tortura y las ejecuciones de los campesinos<\/p>\n<p style=\"text-align: justify;\"><em>Por Leonardo Wexell Severo &#8211; Nicol\u00e0s Honigesz-<\/em><\/p>\n<p style=\"text-align: justify;\"><a href=\"http:\/\/www.ctainternacionales.org\/wp-content\/uploads\/2016\/02\/774739_10208694055414323_5300551101164865996_o.jpg\"><img loading=\"lazy\" decoding=\"async\" class=\"aligncenter size-thumbnail wp-image-3250\" src=\"http:\/\/www.ctainternacionales.org\/wp-content\/uploads\/2016\/02\/774739_10208694055414323_5300551101164865996_o-307x172.jpg\" alt=\"774739_10208694055414323_5300551101164865996_o\" width=\"307\" height=\"172\" \/><\/a><br \/>\nEl integrante del equipo de defensores de campesinos presos pol\u00edticos planteados por la \u00abjusticia\u00bb Paraguay en el banquillo, Amelio Sisco, nos concedi\u00f3 esta entrevista en el albergue Mercedes Virgen; donde los campesinos el cumplen arresto domiciliario, a excepci\u00f3n de Rub\u00e9n Villalba, detenido en Tacumb\u00fa, tambi\u00e9n en la capital.<br \/>\n\u201cEl objetivo de la tortura y las ejecuciones de los sin tierra era invalidar la reforma agraria y la lucha de los movimientos sociales en Paraguay\u00bb, inform\u00f3 el abogado Amelio Sisco, durante la Cumbre Social del Mercosur celebrada recientemente en Asunci\u00f3n.<!--more--><br \/>\nLa masacre de Curuguaty se llev\u00f3 a cabo despu\u00e9s de la \u00abconfrontaci\u00f3n\u00bb entre 324 polic\u00edas fuertemente armados y 60 agricultores &#8211; la mitad de ellos mujeres, ni\u00f1os y ancianos &#8211; el 15 de junio de 2012. La sangre derramada por la Polic\u00eda Nacional y el GEO (Grupo de Operaciones Especiales) &#8211; entrenado por militares y t\u00e9cnicos de la CIA- Estados Unidos, abri\u00f3 el camino para la destituci\u00f3n del presidente Fernando Lugo una semana despu\u00e9s. Con la presencia de representantes de Argentina, Bolivia, Brasil, Paraguay, Uruguay y Venezuela, en la Cumbre Social del Mercosur, pidieron \u00abla liberaci\u00f3n inmediata de los presos pol\u00edticos de Curuguaty\u00bb.<br \/>\nLas tierras en cuesti\u00f3n fueron ocupadas ilegalmente por la familia de Blas Riquelme, (ex presidente del Partido Colorado) &#8211; durante el gobierno de facto del dictador Alfredo Stroessner, quien gobern\u00f3 el pa\u00eds con mano de hierro durante 35 a\u00f1os entre 1954 y 1989 &#8211; la causa est\u00e1 en manos del Fiscal Jalil Rachid, amigo de la familia Riquelme e hijo de un senador del Partido Colorado (que gan\u00f3 las \u00faltimas elecciones presidenciales), Blader Rachid, quien sostiene que los campesinos son los responsables de la masacre.<br \/>\nCuruguaty es una tierra p\u00fablica reclamada por la empresa Campos Morumbi, propiedad de la familia Riquelme, vinculado a la dictadura de Alfredo Stroessner.<\/p>\n<p style=\"text-align: justify;\">&#8211;<strong>\u00bfC\u00f3mo se explica una balacera sobre campesinos en un sitio que debe asignarse a la reforma agraria?<\/strong><\/p>\n<p style=\"text-align: justify;\"><a href=\"http:\/\/www.ctainternacionales.org\/wp-content\/uploads\/2016\/02\/masacre-curuguaty.jpg\"><img loading=\"lazy\" decoding=\"async\" class=\"aligncenter size-thumbnail wp-image-3252\" src=\"http:\/\/www.ctainternacionales.org\/wp-content\/uploads\/2016\/02\/masacre-curuguaty-307x230.jpg\" alt=\"masacre-curuguaty\" width=\"307\" height=\"230\" \/><\/a><br \/>\n&#8211; Primero hay que dejar en claro que Campos Morumbi no es una empresa sino una organizaci\u00f3n criminal, y que la tierra ocupada por los campesinos son p\u00fablicas. Por lo tanto, nunca podr\u00edan haber sido objeto de un desalojo, especialmente por la forma en que se hizo. La presencia de campesinos trabajando la tierra incomoda el trafico de drogas. Infelizmente el mismo fiscal Rachid Jalil, que condena a los sin tierra, no hizo nada para investigar Riquelme cuando se encontraron 40 hect\u00e1reas de marihuana en Campos Morumbi. Es el el mismo lugar, donde se sospecha que tambi\u00e9n se encuentra el mayor laboratorio de pasta de coca en la regi\u00f3n. El lugar, esta gestionado por Pe\u00f1as Gambas abogado de la familia Riquelme; Hay grupos de matones con abundantes antecedentes criminales. Hay aviones y hangares pista de aterrizaje donde nadie puede llegar y m\u00faltiples de denuncias presentadas de personas asesinadas, sin que la prensa divulgue absolutamente nada.<\/p>\n<p style=\"text-align: justify;\"><strong>-\u00bfQu\u00e9 pas\u00f3 el 15 de junio del 2012?<\/strong><\/p>\n<p style=\"text-align: justify;\">&#8211; Los campesinos fueron informados que hab\u00edan al menos un infiltrado en la toma de tierras , y se sabia que el d\u00eda 14, hab\u00eda una orden precisa de que grupos militares con armas de guerra matar\u00eda a tres agentes: uno era Rub\u00e9n Villalba, otro de apellido Ortiz y otro con el nombre de Pindu que eran los l\u00edderes mas fuertes.<\/p>\n<p style=\"text-align: justify;\">-Una vez alertado \u00bfqu\u00e9 hicieron los campesinos?<\/p>\n<p style=\"text-align: justify;\">&#8211; Ten\u00edan solamente m\u00e1scaras para cubrir la boca para evitar los gases y pintura para la cara para que no pudieran identificar a los campesinos. Se resolvi\u00f3 que Rub\u00e9n Villalba saliese para que nos sea asesinado. La informaci\u00f3n no era tan consistente con los otros dos l\u00edderes. En la madrugada, comenzaron a ponerse sal en las mascaras &#8211; para evitar los efectos de la gran cantidad de gases lacrim\u00f3genos &#8211; y pintadas para que la polic\u00eda no pudo identificar si estaba o no una Villalba Rub\u00e9n en el sitio.<br \/>\n-Hab\u00eda una peque\u00f1a reuni\u00f3n de comando de acci\u00f3n militar, en el lugar, para definir c\u00f3mo actuar\u00edan.<br \/>\n&#8211; Se reunieron en el complejo \u201cLos campos Morumbi\u201d el fiscal Ninfa Aguilar, comandante de la Polic\u00eda Nacional; Arnaldo Sanabria, y el jefe del GEO (Grupo de Operaciones Especiales) Erven Lovera. En un momento dan la orden de que deb\u00edan disparar a los campesinos. Erven Lovera entrar\u00eda en el Norte, mientras que un polic\u00eda de apellido Gamarra entrar\u00eda por el Sur y se escucha de un video que est\u00e1 en youtube, publicado por ABC Color, que Lovera dice: \u201cUstedes invaden por este lado y nosotros atropellamos por el otro. En algunas conversaciones, en un c\u00edrculo cerrado, entre el fiscal Sanabria y Erven Lovera, dicen \u201cque su \u00abcliente\u00bb disparar\u00eda uno o dos tiros de escopeta. En nuestra opini\u00f3n, este \u00abcliente\u00bb era una persona encubierta entre los sin tierra y este infiltrado har\u00eda los dos primeros disparos\u201d; Esto dar\u00eda el pretexto para que la polic\u00eda abriera fuego. En un momento dado, vemos a Lovera levantando su pulgar izquierdo y que esa era la se\u00f1al de que ah\u00ed se encontar\u00eda Rub\u00e9n Villalba, y dar la orden para que el helic\u00f3ptero, tambi\u00e9n disparara. Es decir, impl\u00edcitamente, dijo que esperaran la se\u00f1al para matar a Rub\u00e9n Villalba. Lo qu\u00e9 Lovera no sab\u00eda era que su muerte tambi\u00e9n era parte de un plan m\u00e1s ambicioso, y su muerte tendr\u00eda un impacto incluso m\u00e1s profundo en el p\u00fablico. Los seis de los muertos eran polic\u00edas del equipo de Lovera. En mi opini\u00f3n, \u00e9l sab\u00eda que s\u00f3lo una parte del rompecabezas y no pensaba que ser\u00edan desechados tal fue como sucedi\u00f3.<br \/>\n-Pero el plan se qued\u00f3 sin control.<br \/>\n&#8211; El helic\u00f3ptero ten\u00eda problemas de visibilidad en el puente. As\u00ed que Lovera decide pasar el puente e ir a un lugar m\u00e1s claro donde se encontraban los campesinos. El ten\u00eda que llegar se\u00f1alar a Villalba y retirarse, pero no tuve la oportunidad. Se mezcl\u00f3 con los campesinos y es all\u00ed donde caen los campesinos y la polic\u00eda ametrallada, incluido Lovera. La primera foto que fue tomada es de Villalba, quien cay\u00f3 inconsciente.<\/p>\n<p style=\"text-align: justify;\"><strong>-\u00bfHab\u00eda una recompensa por Villalba?<\/strong><\/p>\n<p style=\"text-align: justify;\">&#8211; Era un premio a la muerte de Villalba. Los grandes productores de soja y grandes latifundistas, hicieron una vaquita para poner fin a las luchas sociales y a la lucha por la reforma agraria. Esta fue la forma en que hab\u00edan planeado. Lovera va y le dice al piloto que deb\u00eda estar a un lado del puente para esperar los primeros disparos y entrar para ejecutar a quien ten\u00edan que ejecutar. Ten\u00edan que matar Rub\u00e9n Villalba. El jefe Sanabria dice en la reuni\u00f3n: \u201caqu\u00ed la cabeza es Rub\u00e9n Villalba\u201d. Hay otros con orden de captura, dice el fiscal, citando a Ortega y Pindu. Y queda claro que el objetivo era incriminar a los campesinos con dos primeros disparos para justificar los asesinatos.<br \/>\nFueron dos frentes: el de Lovera y el de Gamarra. En ambos lados hab\u00eda una disputa de qui\u00e9n llevar\u00eda el premio mayor. Hab\u00eda una rivalidad entre FOPE (fuerza operaciones polic\u00eda especializados) y el GEO, que son las tropas de elite que utilizan fusiles Galil, con los que la mayoria murieron. Esta evidencia en manos de la fiscal\u00eda desaparecieron, ellos dicen que fueron ejecutados a balazos de escopeta, que no cabe. El error de Lovera precisamente fue no salir porque hubo un forcejeo entre polic\u00edas y campesinos que se encontraban all\u00ed. Se escucharon dos disparos y luego comienzan a caer los campesinos ametrallados y tambi\u00e9n los polic\u00edas. Los campesinos heridos en la espalda y la cabeza,a la izquierda y los flancos derecho, y la polic\u00eda de la misma manera en el sentido contrario, la cabeza y los lados izquierdo y derecho. \u201cEl trabajo sali\u00f3 mal\u201d.<\/p>\n<p style=\"text-align: justify;\"><strong>-Las fuerzas del Estado al servicio del gran capital, una tragedia que se repite.<\/strong><\/p>\n<p style=\"text-align: justify;\">&#8211; Esto me recuerda a un evento que tuvo lugar en a\u00f1o 89, despu\u00e9s de la ca\u00edda de la dictadura de Stroessner, cuando los trabajadores de Itaip\u00fa protagonizaron una larga huelga. El gobierno en general Rodr\u00edguez no pudo ganarles. Esto cre\u00f3 dificultades para las empresas de Wasmozy [Juan Carlos Wasmosy Monti, que se convertir\u00eda en presidente del pa\u00eds desde 1993 hasta 1998] .Un grupo de asesinos fue enviado Asunci\u00f3n. Ellos estaban atrincherados en una colina, en un lugar alto, para matar a dos dirigentes, uno de ellos Eugenio Lisboa, a quien conoci. La diferencia era que los francotiradores ten\u00edan que matar a los l\u00edderes y salir del lugar. Asesinar a los l\u00edderes de la huelga para que esta termine y poder despedir al resto de los trabajadores. En esa ocasi\u00f3n el trabajo sali\u00f3 como hab\u00eda sido planeado por las fuerzas asesinas. Pero en Curuguaty fueron dos grupos. Solo ten\u00edan que morir tres o cuatro campesinos como m\u00e1ximo. Est\u00e1 claro que la polic\u00eda pretend\u00eda matar, y tenemos las pruebas. El jefe Sanabria dijo claramente: \u201cmi problema es tener que disparar desde la retaguardia\u201d.<br \/>\nAdem\u00e1s de las suposiciones hay innumerables pruebas del intento de encubrir la responsabilidad de la polic\u00eda en la masacre como la desaparici\u00f3n de las im\u00e1genes de helic\u00f3ptero que sobrevol\u00f3 el lugar durante toda la acci\u00f3n y m\u00e1s recientemente, la muerte del piloto en la v\u00edspera de su testimonio&#8230;<br \/>\nTodo grupo policial lleva gente que filma y tienen c\u00e1maras de video, m\u00e1s all\u00e1 de lo que fue filmado por la polic\u00eda con sus tel\u00e9fonos celulares. As\u00ed que no hay im\u00e1genes de la parte norte, donde estaba Erven Lovera, el lugar donde murieron los primeros campesinos y polic\u00edas. En el lado norte s\u00f3lo ven unas pocas mujeres campesinas que tomaron el lugar y algunos agricultores con hoces, machetes y palos, as\u00ed como tres o cuatro, escopetas viejas oxidadas. Hicieron desaparecer todas las pruebas. Las im\u00e1genes del helic\u00f3ptero fueron borrados. Incluso la polic\u00eda reconoci\u00f3 que hab\u00eda material grabado pero cuando vieron que hubo una matanza de polic\u00edas y campesinos con las propias armas Adem\u00e1s, de las ejecuciones a los campesinos que fueron perseguidos monte adentro hicieron desaparecer la evidencia.<br \/>\nHay im\u00e1genes incriminatorias sobre la agresi\u00f3n que se filtraron Ellos armaron un escenario, para divulgar a la prensa; las \u00abautoridades\u00bb hablaban con un micr\u00f3fono para que los campesinos se rindan, dec\u00edan que les ser\u00edan garantizados sus derechos y que estar\u00edan seguros. Pero alguien instalo un micr\u00f3fono en medio de los comandantes de acci\u00f3n y grab\u00f3 lo que en realidad sucedi\u00f3. El periodista Pablo Medina, m\u00e1s tarde asesinado, pudo haber puesto a alguien o escucho algo que no deb\u00eda. Era corresponsal de ABC Color y fue ejecutado poco despu\u00e9s, con su asistente Antonia Almada, en un camino rural Curuguaty. Un abogado espa\u00f1ol, Airton Mart\u00ednez, que acompa\u00f1a y es testigo del proceso, le hab\u00eda preguntado por los materiales gr\u00e1ficos, fotos e im\u00e1genes, y Medina dijo que no los ten\u00eda, pero que hab\u00eda enviado todo a la ABC y que no quer\u00eda comprometerse. Mart\u00ednez le pregunt\u00f3: \u00bfCu\u00e1l es el problema? \u00bfQuieres vender tus cosas? Y Medina respondi\u00f3 que el problema no era el dinero, que le hab\u00edan matado a dos hermanos, \u201cy no quiero ser el siguiente\u201d, dijo el abogado.<\/p>\n<p style=\"text-align: justify;\"><strong>-Hay una secuencia de muertes&#8230;<\/strong><\/p>\n<p style=\"text-align: justify;\">&#8211; M\u00e1s tarde tambi\u00e9n mataron al dirigente campesino Vidal Vega, quien sigui\u00f3 de cerca los procedimientos de Curuguaty por el INDERT (Instituto Nacional de Desarrollo Rural y Tierras). Tambi\u00e9n murieron otros, pero s\u00f3lo voy a citar el caso del piloto del helic\u00f3ptero, que supuestamente ten\u00eda una aver\u00eda. Entonces enviaron el helic\u00f3ptero de Ciudad del Este para ser reparado en Asunci\u00f3n. \u00a1Una locura!. El helic\u00f3ptero tendr\u00eda que quedar en el lugar y el mec\u00e1nico, ir all\u00ed y no al rev\u00e9s.<br \/>\n-Con estas pruebas y evidencias \u00bfPodemos tener confianza en que se har\u00e1 justicia?<br \/>\n&#8211; Nos enfrentamos a un proceso totalmente viciado, con muchas falsificaciones y fraudes dirigidos a la criminalizaci\u00f3n de los campesinos, que son v\u00edctimas y criminalizaci\u00f3n de los movimientos sociales. La prueba es que no hay un s\u00f3lo polic\u00eda o el director en el banquillo, s\u00f3lo los trabajadores que quieren un pedazo de tierra para plantar. De ah\u00ed la importancia de la presi\u00f3n p\u00fablica, la solidaridad internacional para que se haga justicia y los verdaderos criminales no queden impunes.<\/p>\n<p style=\"text-align: justify;\"><strong>Por: Leonardo Wexell Severo y Nicol\u00e1s Honigesz<\/strong><\/p>\n<p style=\"text-align: justify;\"><strong>Secretaria de Internacionales de la CTA\u00a0<\/strong><\/p>\n","protected":false},"excerpt":{"rendered":"Amelio Sisco denuncia La tortura y las ejecuciones de los campesinos Por Leonardo Wexell Severo &#8211; Nicol\u00e0s Honigesz- El integrante del equipo de \n<a class=\"moretag\" href=\"https:\/\/ctainternacionales.org\/?p=3249\"> [...]<\/a>","protected":false},"author":1,"featured_media":0,"comment_status":"closed","ping_status":"closed","sticky":false,"template":"","format":"standard","meta":{"ngg_post_thumbnail":0,"footnotes":""},"categories":[],"tags":[],"class_list":["post-3249","post","type-post","status-publish","format-standard","hentry"],"_links":{"self":[{"href":"https:\/\/ctainternacionales.org\/index.php?rest_route=\/wp\/v2\/posts\/3249","targetHints":{"allow":["GET"]}}],"collection":[{"href":"https:\/\/ctainternacionales.org\/index.php?rest_route=\/wp\/v2\/posts"}],"about":[{"href":"https:\/\/ctainternacionales.org\/index.php?rest_route=\/wp\/v2\/types\/post"}],"author":[{"embeddable":true,"href":"https:\/\/ctainternacionales.org\/index.php?rest_route=\/wp\/v2\/users\/1"}],"replies":[{"embeddable":true,"href":"https:\/\/ctainternacionales.org\/index.php?rest_route=%2Fwp%2Fv2%2Fcomments&post=3249"}],"version-history":[{"count":4,"href":"https:\/\/ctainternacionales.org\/index.php?rest_route=\/wp\/v2\/posts\/3249\/revisions"}],"predecessor-version":[{"id":3254,"href":"https:\/\/ctainternacionales.org\/index.php?rest_route=\/wp\/v2\/posts\/3249\/revisions\/3254"}],"wp:attachment":[{"href":"https:\/\/ctainternacionales.org\/index.php?rest_route=%2Fwp%2Fv2%2Fmedia&parent=3249"}],"wp:term":[{"taxonomy":"category","embeddable":true,"href":"https:\/\/ctainternacionales.org\/index.php?rest_route=%2Fwp%2Fv2%2Fcategories&post=3249"},{"taxonomy":"post_tag","embeddable":true,"href":"https:\/\/ctainternacionales.org\/index.php?rest_route=%2Fwp%2Fv2%2Ftags&post=3249"}],"curies":[{"name":"wp","href":"https:\/\/api.w.org\/{rel}","templated":true}]}}