{"id":3238,"date":"2016-01-31T23:27:52","date_gmt":"2016-02-01T02:27:52","guid":{"rendered":"http:\/\/www.ctainternacionales.org\/?p=3238"},"modified":"2016-02-01T00:16:03","modified_gmt":"2016-02-01T03:16:03","slug":"movilizacion-de-visitadores-medicos-a-la-embajada-de-alemania-por-cesantias-en-bayer","status":"publish","type":"post","link":"https:\/\/ctainternacionales.org\/?p=3238","title":{"rendered":"Movilizaci\u00f3n de Visitadores M\u00e9dicos a la Embajada de Alemania por cesant\u00edas en Bayer"},"content":{"rendered":"<p style=\"text-align: justify;\">La Asociaci\u00f3n Agentes de Propaganda M\u00e9dica de la Rep\u00fablica Argentina (AAPM-CTA) junto a la Federaci\u00f3n Argentina de Agentes de Propaganda M\u00e9dica (FAAPROME-CTA) se movilizaron ayer a la Embajadaa de Alemania en Buenos Aires para reclamar por los despidos en el Laboratorio Bayer<!--more--><\/p>\n<p style=\"text-align: justify;\"><a href=\"http:\/\/www.ctainternacionales.org\/wp-content\/uploads\/2016\/01\/16-01-29_01-1.jpg\"><img loading=\"lazy\" decoding=\"async\" class=\"aligncenter size-thumbnail wp-image-3239\" src=\"http:\/\/www.ctainternacionales.org\/wp-content\/uploads\/2016\/01\/16-01-29_01-1-307x230.jpg\" alt=\"16-01-29_01-1\" width=\"307\" height=\"230\" \/><\/a>El gremio de los Visitadores M\u00e9dicos se moviliz\u00f3 ayer a la ma\u00f1ana a las puertas de la Embajada de Alemania, donde Ricardo Peidro y Salvador Agliano, como representantes del sindicato y Araceli P\u00e9rez, en su car\u00e1cter de delegada del Laboratorio Bayer, se reunieron con Daniel Krull, Ministro Consejero de la Embajada alemana, y M\u00f3nica Brendecke, oficial del Departamento Econ\u00f3mico-Energ\u00eda-Cooperaci\u00f3n-Sociales.<\/p>\n<p style=\"text-align: justify;\">En la reuni\u00f3n se advirti\u00f3 sobre la mala fe negocial del laboratorio que, tras haber realizado supuestos \u00abretiros voluntarios\u00bb a fines del a\u00f1o pasado, se hab\u00eda comprometido a no despedir a ning\u00fan empleado en una reuni\u00f3n con los delegados, autoridades del sindicato y miembros del Ministerio de Trabajo.<\/p>\n<p style=\"text-align: justify;\">La empresa no s\u00f3lo incumpli\u00f3 esa negociaci\u00f3n, sino que lo hizo con el agravante de que entre los despedidos hay personas enfermas o con familliares bajo tratamiento por enfermedades graves.<\/p>\n<p style=\"text-align: justify;\">Con el fin de evitar la situaci\u00f3n de desamparo para estas familias y acompa\u00f1ar el reclamo de la reincorporaci\u00f3n de todos los despedidos\/as, se solicit\u00f3 a las autoridades de la embajada alemana su intervenci\u00f3n en el conflicto a trav\u00e9s de una carta entregada en mano en la reuni\u00f3n.<\/p>\n<p style=\"text-align: justify;\">Esta acci\u00f3n de la AAPM de la RA acompa\u00f1a la denuncia presentada internacionalmente con la CTA Aut\u00f3noma, con el acompa\u00f1amiento de la Central Sindical de las Am\u00e9ricas (CSA) y la Central Sindical Internacional (CSI) ante la Organizaci\u00f3n para la Cooperaci\u00f3n y el Desarrollo (OCDE) de origen alem\u00e1n. La Uni\u00f3n Latinoamericacana de Visitadores M\u00e9dicos (ULaViM) y UNI Global Union tambi\u00e9n han expresado su solidaridad con nuestra lucha.<\/p>\n<p style=\"text-align: justify;\">En la reuni\u00f3n, los representante del gobierno alem\u00e1n se comprometieron a reunirse con autoridades del Laboratorio para trasladar a la empresa el petitorio presentado.<\/p>\n<p style=\"text-align: justify;\">AAPM-CTA seguir\u00e1 exigiendo la reincorporaci\u00f3n de los despedidos y profundizar\u00e1 las medidas de fuerza la semana pr\u00f3xima con la convocatoria a movilizaciones y paros a nivel nacional.<\/p>\n<p style=\"text-align: justify;\">Fuente: www.apm.org.ar<\/p>\n<p style=\"text-align: justify;\">* Equipo de Comunicaci\u00f3n de la Asociaci\u00f3n Agentes de Propaganda M\u00e9dica (AAPM-CTA)<\/p>\n","protected":false},"excerpt":{"rendered":"La Asociaci\u00f3n Agentes de Propaganda M\u00e9dica de la Rep\u00fablica Argentina (AAPM-CTA) junto a la Federaci\u00f3n Argentina de Agentes de Propaganda M\u00e9dica (FAAPROME-CTA) se \n<a class=\"moretag\" href=\"https:\/\/ctainternacionales.org\/?p=3238\"> [...]<\/a>","protected":false},"author":1,"featured_media":0,"comment_status":"closed","ping_status":"closed","sticky":false,"template":"","format":"standard","meta":{"ngg_post_thumbnail":0,"footnotes":""},"categories":[],"tags":[],"class_list":["post-3238","post","type-post","status-publish","format-standard","hentry"],"_links":{"self":[{"href":"https:\/\/ctainternacionales.org\/index.php?rest_route=\/wp\/v2\/posts\/3238","targetHints":{"allow":["GET"]}}],"collection":[{"href":"https:\/\/ctainternacionales.org\/index.php?rest_route=\/wp\/v2\/posts"}],"about":[{"href":"https:\/\/ctainternacionales.org\/index.php?rest_route=\/wp\/v2\/types\/post"}],"author":[{"embeddable":true,"href":"https:\/\/ctainternacionales.org\/index.php?rest_route=\/wp\/v2\/users\/1"}],"replies":[{"embeddable":true,"href":"https:\/\/ctainternacionales.org\/index.php?rest_route=%2Fwp%2Fv2%2Fcomments&post=3238"}],"version-history":[{"count":1,"href":"https:\/\/ctainternacionales.org\/index.php?rest_route=\/wp\/v2\/posts\/3238\/revisions"}],"predecessor-version":[{"id":3240,"href":"https:\/\/ctainternacionales.org\/index.php?rest_route=\/wp\/v2\/posts\/3238\/revisions\/3240"}],"wp:attachment":[{"href":"https:\/\/ctainternacionales.org\/index.php?rest_route=%2Fwp%2Fv2%2Fmedia&parent=3238"}],"wp:term":[{"taxonomy":"category","embeddable":true,"href":"https:\/\/ctainternacionales.org\/index.php?rest_route=%2Fwp%2Fv2%2Fcategories&post=3238"},{"taxonomy":"post_tag","embeddable":true,"href":"https:\/\/ctainternacionales.org\/index.php?rest_route=%2Fwp%2Fv2%2Ftags&post=3238"}],"curies":[{"name":"wp","href":"https:\/\/api.w.org\/{rel}","templated":true}]}}