{"id":3233,"date":"2016-01-27T15:23:13","date_gmt":"2016-01-27T18:23:13","guid":{"rendered":"http:\/\/www.ctainternacionales.org\/?p=3233"},"modified":"2016-01-27T15:23:28","modified_gmt":"2016-01-27T18:23:28","slug":"la-cta-solidaria-con-los-8-de-airbus-en-espana","status":"publish","type":"post","link":"https:\/\/ctainternacionales.org\/?p=3233","title":{"rendered":"La CTA solidaria con los 8 de Airbus en Espa\u00f1a"},"content":{"rendered":"<p>Desde la Secretar\u00eda de Relaciones Internacionales de la CTA-Aut\u00f3noma \u00abrepudiamos y denunciamos la persecuci\u00f3n pol\u00edtica que est\u00e1n sufriendo compa\u00f1eros sindicalistas de Espa\u00f1a, en particular los 8 de Airbus quienes ir\u00e1n a juicio este 9 de febrero y podr\u00edan ser encarcelados por el mero hecho de reclamar por sus leg\u00edtimos derechos\u00bb.<!--more--><\/p>\n<p><a href=\"http:\/\/www.ctainternacionales.org\/wp-content\/uploads\/2016\/01\/trabajadores-Airbus-Foto-OLMO-CALVO_EDIIMA20140221_0358_13.jpg\"><img loading=\"lazy\" decoding=\"async\" class=\"aligncenter size-thumbnail wp-image-3234\" src=\"http:\/\/www.ctainternacionales.org\/wp-content\/uploads\/2016\/01\/trabajadores-Airbus-Foto-OLMO-CALVO_EDIIMA20140221_0358_13-307x172.jpg\" alt=\"trabajadores-Airbus-Foto-OLMO-CALVO_EDIIMA20140221_0358_13\" width=\"307\" height=\"172\" \/><\/a>\u00abLos 8 de Airbus, el nombre que se les da a un grupo de 8 sindicalistas todos ellos miembros del comit\u00e9 de empresa de Airbus, ser\u00e1n juzgados por los incidentes ocurridos durante la manifestaci\u00f3n en las puertas de la empresa, en Getafe (Madrid), que fuera brutalmente reprimida por la polic\u00eda, durante la huelga general del 29 de septiembre de 2010 contra la reforma laboral que tuvo como consecuencia directa abaratar los despidos, desprotegiendo de esta forma a los trabajadores. La Fiscal\u00eda pide para cada compa\u00f1ero 8 a\u00f1os y 3 meses de c\u00e1rcel, lo que suma un total de 66 a\u00f1os de c\u00e1rcel, pena absurda, injusta y elocuente de la persecuci\u00f3n pol\u00edtica que se est\u00e1 ejerciendo. Se amparan para ello en art\u00edculos del c\u00f3digo penal que no hab\u00edan sido utilizados desde la peor \u00e9poca franquista, y va en consonancia con el montaje de una pol\u00edtica represiva y de censura que incluye la Ley de Seguridad Ciudadana (Ley mordaza) y el nuevo C\u00f3digo Penal.<\/p>\n<p>El caso de estos 8 compa\u00f1eros no es un caso aislado sino que es fruto de un ciclo represivo y persecutorio que se inici\u00f3 en Espa\u00f1a en 2010, que busca criminalizar la protesta social a fin de disciplinar al movimiento obrero y a los movimientos sociales, y que se da en el marco de una pol\u00edtica privatista, de desmantelamiento del Estado y de precarizaci\u00f3n laboral profunda en toda Espa\u00f1a. Ya suman m\u00e1s de 300 compa\u00f1eros y compa\u00f1eras con causas judiciales por participar de huelgas generales, sectoriales o de empresa, es decir por ejercer un derecho constitucional y fundamental como es el derecho a huelga.<\/p>\n<p>La ofensiva contra el derecho a huelga, es una ofensiva global que se est\u00e1 dando con fuerza en el mundo entero, el sindicalismo responde por eso con la solidaridad internacional que le es caracter\u00edstica para decir con fuerza que el derecho a huelga no se toca ni en Espa\u00f1a ni en Argentina, ni en ning\u00fan lado y para reafirmar que si nos tocan a uno nos tocan a todos\u00bb.<\/p>\n<p>Por ello, Adolfo \u201cFito\u201d Aguirre, secretario de Relaciones Internacionales de la CTA-Aut\u00f3noma, se comprometi\u00f3 con los compa\u00f1eros de Comisiones Obreras (CCOO) Espa\u00f1a, a realizar la m\u00e1s amplia difusi\u00f3n de este aberrante juicio, que atenta contra la libertad y la democracia sindical y \u00abestamos gestionando con las dem\u00e1s centrales sindicales argentinas una acci\u00f3n conjunta para denunciar esta intolerable situaci\u00f3n ante la Embajada de Espa\u00f1a en la Argentina\u00bb.<\/p>\n<p>&nbsp;<\/p>\n<p>&nbsp;<\/p>\n","protected":false},"excerpt":{"rendered":"Desde la Secretar\u00eda de Relaciones Internacionales de la CTA-Aut\u00f3noma \u00abrepudiamos y denunciamos la persecuci\u00f3n pol\u00edtica que est\u00e1n sufriendo compa\u00f1eros sindicalistas de Espa\u00f1a, en \n<a class=\"moretag\" href=\"https:\/\/ctainternacionales.org\/?p=3233\"> [...]<\/a>","protected":false},"author":1,"featured_media":0,"comment_status":"closed","ping_status":"closed","sticky":false,"template":"","format":"standard","meta":{"ngg_post_thumbnail":0,"footnotes":""},"categories":[],"tags":[],"class_list":["post-3233","post","type-post","status-publish","format-standard","hentry"],"_links":{"self":[{"href":"https:\/\/ctainternacionales.org\/index.php?rest_route=\/wp\/v2\/posts\/3233","targetHints":{"allow":["GET"]}}],"collection":[{"href":"https:\/\/ctainternacionales.org\/index.php?rest_route=\/wp\/v2\/posts"}],"about":[{"href":"https:\/\/ctainternacionales.org\/index.php?rest_route=\/wp\/v2\/types\/post"}],"author":[{"embeddable":true,"href":"https:\/\/ctainternacionales.org\/index.php?rest_route=\/wp\/v2\/users\/1"}],"replies":[{"embeddable":true,"href":"https:\/\/ctainternacionales.org\/index.php?rest_route=%2Fwp%2Fv2%2Fcomments&post=3233"}],"version-history":[{"count":1,"href":"https:\/\/ctainternacionales.org\/index.php?rest_route=\/wp\/v2\/posts\/3233\/revisions"}],"predecessor-version":[{"id":3235,"href":"https:\/\/ctainternacionales.org\/index.php?rest_route=\/wp\/v2\/posts\/3233\/revisions\/3235"}],"wp:attachment":[{"href":"https:\/\/ctainternacionales.org\/index.php?rest_route=%2Fwp%2Fv2%2Fmedia&parent=3233"}],"wp:term":[{"taxonomy":"category","embeddable":true,"href":"https:\/\/ctainternacionales.org\/index.php?rest_route=%2Fwp%2Fv2%2Fcategories&post=3233"},{"taxonomy":"post_tag","embeddable":true,"href":"https:\/\/ctainternacionales.org\/index.php?rest_route=%2Fwp%2Fv2%2Ftags&post=3233"}],"curies":[{"name":"wp","href":"https:\/\/api.w.org\/{rel}","templated":true}]}}