{"id":3226,"date":"2016-01-22T20:04:20","date_gmt":"2016-01-22T23:04:20","guid":{"rendered":"http:\/\/www.ctainternacionales.org\/?p=3226"},"modified":"2016-01-22T20:09:39","modified_gmt":"2016-01-22T23:09:39","slug":"la-cta-a-ene-foro-internacional-en-la-cut-chile","status":"publish","type":"post","link":"https:\/\/ctainternacionales.org\/?p=3226","title":{"rendered":"La CTA-A en el foro Internacional de la CUT-Chile"},"content":{"rendered":"<p><a href=\"http:\/\/www.ctainternacionales.org\/wp-content\/uploads\/2016\/01\/IMG-20160122-WA0005.jpg\"><img loading=\"lazy\" decoding=\"async\" class=\"aligncenter size-thumbnail wp-image-3228\" src=\"http:\/\/www.ctainternacionales.org\/wp-content\/uploads\/2016\/01\/IMG-20160122-WA0005-307x172.jpg\" alt=\"IMG-20160122-WA0005\" width=\"307\" height=\"172\" \/><\/a>La CTA-A participo del Foro internacional en Chile con la presencia de Adolfo \u201cFito\u201d Aguirre secretario de internacionales de la CTA-A<\/p>\n<p>En el marco de las actividades previas a la apertura del X Congreso Nacional de la CUT, se realiz\u00f3 el seminario internacional: \u201c\u201dSustentabilidad en el Mundo del Trabajo\u201d y una muestra de intercambio cultural que comprendi\u00f3 la participaci\u00f3n de los grupos Inti-Illimani, Bafona, murga intercultural con actores de Sidarte y grupos folkl\u00f3ricos de Per\u00fa y Hait\u00ed.<!--more--><\/p>\n<p>El objetivo principal del foro internacional \u2013organizado por la secretar\u00eda de Relaciones Internacionales de la CUT con la colaboraci\u00f3n de la Fundaci\u00f3n Friedrich Ebert- apunt\u00f3 a conocer las complejidades del mundo de trabajo que vive Am\u00e9rica y Europa y la derechizaci\u00f3n de los pa\u00edses de la regi\u00f3n a partir de lo que est\u00e1 ocurriendo en Brasil, Argentina, Venezuela, Paraguay.<\/p>\n<p>\u201cEncontramos pertinente poner en el \u00e1mbito internacional, los temas que estamos desarrollando en Chile. La Reforma Laboral tiene que ver con un proceso en Am\u00e9rica. La derechizaci\u00f3n de la econom\u00eda y la pol\u00edtica tiene que ver con una arremetida de la derecha econ\u00f3mica en la Regi\u00f3n por eso es pertinente colocar el tema del sindicalismo nacional en un contexto internacional\u201d, se\u00f1al\u00f3 el coordinador del seminario y consejero de la CUT, Claudio Urrutia.<\/p>\n<p>En el foro participaron panelistas de organizaciones sindicales de Estados Unidos, Italia, Espa\u00f1a, Argentina y Brasil, quienes expusieron sobre sus respectivas realidades, experiencias y desaf\u00edos que abordar en un mundo globalizado. Asimismo se abord\u00f3 la \u201cEvoluci\u00f3n y perspectiva del trabajo migrante\u201d.<\/p>\n<p>Por su Parte Fito Aguirre en su participaci\u00f3n en el panel An\u00e1lisis sobre la pol\u00edtica sindical en la regi\u00f3n; dijo que: \u201cDebemos enfrentar la crimilizaci\u00f3n de la protesta a nivel global y priorizar las luchas para enfrentar a gobiernos que representen los inter\u00e9ses de las multinacionales\u201d.<\/p>\n<p><a href=\"http:\/\/www.ctainternacionales.org\/wp-content\/uploads\/2016\/01\/IMG-20160122-WA0002.jpg\"><img loading=\"lazy\" decoding=\"async\" class=\"aligncenter size-thumbnail wp-image-3227\" src=\"http:\/\/www.ctainternacionales.org\/wp-content\/uploads\/2016\/01\/IMG-20160122-WA0002-307x172.jpg\" alt=\"IMG-20160122-WA0002\" width=\"307\" height=\"172\" \/><\/a><\/p>\n<p>En el panel sobre la \u201cDerechizaci\u00f3n de la pol\u00edtica en la Regi\u00f3n y los desaf\u00edos para un nuevo modelo sindical\u201d, expusieron Jo\u00e2o Felicio, presidente de la Confederaci\u00f3n Sindical Internacional (CSI); V\u00edctor B\u00e1ez, secretario General de la Confederaci\u00f3n Sindical de Trabajadores\/as de las Am\u00e9ricas (CSA) y B\u00e1rbara Figueroa, presidenta de la CUT.<\/p>\n<p>Figueroa, valor\u00f3 este encuentro internacional, se\u00f1alando que \u201cde alguna manera, entrega el contexto de nuestro debate que no solo est\u00e1 radicado en la coyuntura nacional. Nos permite dar el contexto internacional regional que d\u00e9 mayores insumos, mayores elementos\u201d.<\/p>\n<p>La dirigenta, explic\u00f3 que la ofensiva de los sectores conservadores y neoliberales \u201cnos desaf\u00eda a buscar estrategias cada vez m\u00e1s innovadoras pero tambi\u00e9n de mayor ofensiva para enfrentar esta arremetida y eso pasa no solo por m\u00e1s acciones de movilizaci\u00f3n, por una acci\u00f3n m\u00e1s decidida en las calles, de mostrarnos mucho m\u00e1s y desde ah\u00ed mostrar nuestra fuerza\u201d. Pero tambi\u00e9n, agreg\u00f3, se debe ser capaz de \u201carticular propuestas para la Regi\u00f3n (\u2026) que se puedan constituir en demandas transversales respecto de modelos de desarrollo sostenible que enfrenten a esta l\u00f3gica del modelo de ganancia sin considerar el desarrollo del medioambiente del cuidado del planeta. Es decir, poder no solamente ser esta voz activa en la movilizaci\u00f3n sino tambi\u00e9n transformarnos en sujeto y motor de desarrollo que tambi\u00e9n plantea alternativa y propuestas a las pol\u00edticas que hoy se est\u00e1n promoviendo\u201d.<\/p>\n<p>En tanto el presidente de la CSI, categ\u00f3ricamente indic\u00f3 que no se concibe la Democracia \u201csin el fortalecimiento del movimiento sindical. Un pa\u00eds democr\u00e1tico con un movimiento sindical flaco no es democr\u00e1tico. Por eso, el fortalecimiento de la organizaci\u00f3n sindical es fundamental en una sociedad que se pretende democr\u00e1tica. Por eso es para m\u00ed es motivo de orgullo tener en Chile un movimiento sindical fuerte con una central sindical como la CUT \u201c.<\/p>\n<p>Felicio, agreg\u00f3 que la democracia a\u00fan no est\u00e1 consolidada en Am\u00e9rica Latina y que si bien el movimiento sindical no es un partido pol\u00edtico s\u00ed debe tener \u201cuna actuaci\u00f3n pol\u00edtica en la sociedad con el objetivo de consolidar la democracia y consolidar una democracia autom\u00e1ticamente se consolida un movimiento sindical fuerte, un movimiento sindical enraizado en la base: un movimiento sindical clasista porque un movimiento sindical defiende una clase social y por m\u00e1s que lo queramos o no, la verdad es que hay clases sociales antag\u00f3nicas y tenemos que defender la clase social que representamos que son los trabajadores y trabajadoras de Chile, de Am\u00e9rica Latina y del mundo. Queremos construir un movimiento sindical que tenga esa comprensi\u00f3n Queremos construir una Am\u00e9rica Latina m\u00e1s democr\u00e1tica, una Am\u00e9rica Latina que distribuya agenda\u201d.<\/p>\n<p>Para V\u00edctor Ba\u00e9z, el movimiento sindical enfrenta una lucha global por los derechos de los trabajadores y trabajadoras contra un modelo injusto: \u201ceste modelo neoliberal, ha ensanchado la lucha, la ha globalizado y nosotros tenemos el deber de responder tambi\u00e9n globalmente. Tenemos que tener propuestas nacionales pero tambi\u00e9n propuestas globales y una visi\u00f3n global alternativa a este modelo explotador y neoliberal\u201d.<\/p>\n<p>En ese contexto, precis\u00f3 que el proceso de reforma laboral que se est\u00e1 viviendo en Chile, \u201cpuede tener repercusiones internacionales para bien si es que se gana esta lucha pero, no podemos permitirnos el lujo de perder esta lucha por el derecho a huelga porque eso va a tener repercusiones muy negativas para el movimiento sindical a nivel internacional\u201d.<\/p>\n<p>A su juicio, el sindicalismo debe responder a los principios de sustentabilidad y sostenibilidad: \u201cnosotros queremos un mundo durable como clase trabajadora queremos un mundo mejor (\u2026) el capitalismo quiere tragarse el mundo ahora a cambio de dinero, quiere destruir el mundo hoy, no le importa a qu\u00e9 precio con tal de ganar dinero. Ese es el debate que a nivel mundial, el debate pol\u00edtico debemos dar para enfrentar a las grandes empresas y el capital financiero que est\u00e1 depredando este mundo y que est\u00e1 siendo insostenible este mundo\u201d.<\/p>\n<p>&nbsp;<\/p>\n<p>Fuente CUT chile-<\/p>\n<p>&nbsp;<\/p>\n<p>&nbsp;<\/p>\n","protected":false},"excerpt":{"rendered":"La CTA-A participo del Foro internacional en Chile con la presencia de Adolfo \u201cFito\u201d Aguirre secretario de internacionales de la CTA-A En el \n<a class=\"moretag\" href=\"https:\/\/ctainternacionales.org\/?p=3226\"> [...]<\/a>","protected":false},"author":1,"featured_media":0,"comment_status":"closed","ping_status":"closed","sticky":false,"template":"","format":"standard","meta":{"ngg_post_thumbnail":0,"footnotes":""},"categories":[],"tags":[],"class_list":["post-3226","post","type-post","status-publish","format-standard","hentry"],"_links":{"self":[{"href":"https:\/\/ctainternacionales.org\/index.php?rest_route=\/wp\/v2\/posts\/3226","targetHints":{"allow":["GET"]}}],"collection":[{"href":"https:\/\/ctainternacionales.org\/index.php?rest_route=\/wp\/v2\/posts"}],"about":[{"href":"https:\/\/ctainternacionales.org\/index.php?rest_route=\/wp\/v2\/types\/post"}],"author":[{"embeddable":true,"href":"https:\/\/ctainternacionales.org\/index.php?rest_route=\/wp\/v2\/users\/1"}],"replies":[{"embeddable":true,"href":"https:\/\/ctainternacionales.org\/index.php?rest_route=%2Fwp%2Fv2%2Fcomments&post=3226"}],"version-history":[{"count":4,"href":"https:\/\/ctainternacionales.org\/index.php?rest_route=\/wp\/v2\/posts\/3226\/revisions"}],"predecessor-version":[{"id":3232,"href":"https:\/\/ctainternacionales.org\/index.php?rest_route=\/wp\/v2\/posts\/3226\/revisions\/3232"}],"wp:attachment":[{"href":"https:\/\/ctainternacionales.org\/index.php?rest_route=%2Fwp%2Fv2%2Fmedia&parent=3226"}],"wp:term":[{"taxonomy":"category","embeddable":true,"href":"https:\/\/ctainternacionales.org\/index.php?rest_route=%2Fwp%2Fv2%2Fcategories&post=3226"},{"taxonomy":"post_tag","embeddable":true,"href":"https:\/\/ctainternacionales.org\/index.php?rest_route=%2Fwp%2Fv2%2Ftags&post=3226"}],"curies":[{"name":"wp","href":"https:\/\/api.w.org\/{rel}","templated":true}]}}