{"id":3206,"date":"2015-12-28T14:51:03","date_gmt":"2015-12-28T17:51:03","guid":{"rendered":"http:\/\/www.ctainternacionales.org\/?p=3206"},"modified":"2015-12-28T15:12:23","modified_gmt":"2015-12-28T18:12:23","slug":"la-cta-autonoma-acompana-la-huelga-general-en-paraguay-contra-el-gobierno-de-horacio-cartes","status":"publish","type":"post","link":"https:\/\/ctainternacionales.org\/?p=3206","title":{"rendered":"La CTA &#8211; Aut\u00f3noma acompa\u00f1a la huelga general en Paraguay contra el gobierno de Horacio Cartes"},"content":{"rendered":"<p><a href=\"http:\/\/www.ctainternacionales.org\/wp-content\/uploads\/2015\/12\/IMG_1342.jpg\"><img loading=\"lazy\" decoding=\"async\" class=\"aligncenter size-thumbnail wp-image-3207\" src=\"http:\/\/www.ctainternacionales.org\/wp-content\/uploads\/2015\/12\/IMG_1342-307x172.jpg\" alt=\"IMG_1342\" width=\"307\" height=\"172\" \/><\/a>Durante las jornadas del 21 y 22 de diciembre, en el marco de una nueva Cumbre de Presidentes del MERCOSUR y en contexto de una alta conflictividad por la persecuci\u00f3n y la criminalizaci\u00f3n de la protesta social en Paraguay, la CTA &#8211; A\u00fatonoma se hizo presente para tomar contacto con los protagonistas y dar apoyo a la protesta.<\/p>\n<p>Nicol\u00e1s Honigesz, asesor de la Secretar\u00eda de Relaciones Internacionales, se traslad\u00f3 hasta Asunci\u00f3n para recoger el testimonio de la segunda huelga general organizada en contra del gobierno de Cartes, por parte de campesinos, estudiantes y centrales sindicales. y dar lugar a un documental sobre la libertad sindical y la situaci\u00f3n que atraviesa el Paraguay junto al Compa\u00f1ero Comunicador Leonardo Wexell de la CUT de Brasil. en el contexto de la red sindical de Comunicaci\u00f3n (SINDCOM) de la Confederaci\u00f3n Sindical de las Am\u00e9ricas CSA.<!--more--><\/p>\n<p>Luego del intento de destrabar la propuesta huelga general para el 21 y 22 de diciembre a trav\u00e9s de una frustrada reuni\u00f3n tripartita el d\u00eda 15 del corriente, recogimos el testimonio de Bernardo Rojas, presidente de la Central \u00danica de Trabajadores Aut\u00e9ntica (CUT &#8211; A), qui\u00e9n afirm\u00f3 que tras varias horas de di\u00e1logo \u00abno pudimos llegar a ning\u00fan acuerdo, ya que los reclamos planteados no fueron respondidos\u00bb. El dirigente critic\u00f3 que el Ministerio del Interior no tenga una respuesta positiva sobre la libertad sindical establecida en la Constituci\u00f3n Nacional y los convenios internacionales para los registros de los sindicatos.<\/p>\n<p>La huelga que tuvo su inicio en la Plaza de la democracia, naci\u00f3 de la necesidad de dar a conocer la preocupante situaci\u00f3n que se est\u00e1 viviendo en Paraguay bajo el gobierno de Horacio Cartes, de modo que las delegaciones de los pa\u00edses hermanos del MERCOSUR sean concientes de las luchas que est\u00e1n teniendo lugar actualmente en el pa\u00eds. De otro modo, la reuni\u00f3n resultar\u00eda una pantomima que discute de espaldas a los pueblos.<\/p>\n<p style=\"text-align: justify;\">La masiva iniciativa fue encabezada por las tres centrales obreras con el apoyo de organizaciones campesinas y estudiantiles. Tambi\u00e9n se sumaron a esta gran huelga otros sectores sociales tales como taxistas, funcionarios p\u00fablicos, cooperativistas, m\u00fasicos, artistas e intelectuales, trabajadores del transporte p\u00fablico y camioneros, cuidadanos sin techos, entre otros.<\/p>\n<p style=\"text-align: justify;\">Los principales reclamos que amalgamaron a aquellos sectores para la medida de fuerza fueron la exigencia de un aumento salarial del 25%, una rebaja del pasaje en el transporte p\u00fablico, inscripci\u00f3n de sindicatos en el Ministerio del Trabajo, cr\u00e9ditos blandos para taxistas, eliminaci\u00f3n del doble peaje, el cese en el uso de agrot\u00f3xicos, un impuesto a la soja, mejoras en el sistema de salud y de jubilaci\u00f3n, una partida presupuestaria del 7% del PBI para educaci\u00f3n, reposici\u00f3n de choferes de la L\u00ednea 49 y una reforma universitaria.<\/p>\n<p style=\"text-align: justify;\">El gobierno decidi\u00f3 desconocer las demandas e intentar maquillar la situaci\u00f3n mediante su recurso habitual, un refuerzo de la seguridad sumado a una apuesta por la criminalizaci\u00f3n de quienes se manifiesten: el Ministro del Interior, Francisco De Vargas, hab\u00eda anunciado que \u201ctriplicar\u00edan\u201d los mecanismos de seguridad durante la Cumbre del Mercosur y la huelga general. Sobre los posibles cierres de rutas, el ministro amenaz\u00f3 con detenciones a los huelguistas, mostrando abiertamente su intento de criminalizar la protesta social como soluci\u00f3n a los conflictos. En los distintos puntos de concentraci\u00f3n de trabajadores que tuvieron focos en las ciudades mas importantes del Paraguay, las zonas estuvieron \u201ccustodiadas\u201d por exagerada y provocativamente cantidad de efectivos con armas de plomo y sin identificaci\u00f3n ademas de los camiones hidrantes y el ejercito en alerta de salir a reprimir si gobierno as\u00ed lo dispusiese.<a href=\"http:\/\/www.ctainternacionales.org\/wp-content\/uploads\/2015\/12\/1915332_1008365869220750_4736689233606499141_n.jpg\"><img loading=\"lazy\" decoding=\"async\" class=\"aligncenter size-thumbnail wp-image-3209\" src=\"http:\/\/www.ctainternacionales.org\/wp-content\/uploads\/2015\/12\/1915332_1008365869220750_4736689233606499141_n-307x279.jpg\" alt=\"1915332_1008365869220750_4736689233606499141_n\" width=\"307\" height=\"279\" \/><\/a><\/p>\n<p style=\"text-align: justify;\">En l\u00ednea con sus pares del gobierno, Guillermo Sosa, Ministro del Trabajo asegur\u00f3 d\u00edas atr\u00e1s que la huelga no guardaba relaci\u00f3n con reclamos laborales sino m\u00e1s bien ten\u00eda una ra\u00edz pol\u00edtica. \u201cLos reclamos no tienen una ra\u00edz laboral, es algo que no cierra con las leg\u00edtimas reivindicaciones de trabajadores, se trata de una huelga de car\u00e1cter pol\u00edtico\u201d, sentenci\u00f3. A su vez, Sosa desconoci\u00f3 el car\u00e1cter general de la huelga al decir que lo que hay es un \u201c99% de participaci\u00f3n de gente que quiere trabajar\u201d. Explic\u00f3 que s\u00f3lo tres l\u00edneas, la 111, 242 y 59 no prestar\u00edan servicios. La CUT-A denuncio millonarias sumas de dinero como soborno para los gremios que no plegaran a la huelga. Sin embargo y pese a todos los intentos por desconocerla, la huelga fue un hecho y comenz\u00f3 a la medianoche del 21 de diciembre en la plaza de la Democracia con un festival de Artistas reconocidos. Por su parte en la universidad los estudiantes y docentes universitarios hicieron lo propio.<\/p>\n<p style=\"text-align: justify;\">Adem\u00e1s de las tres centrales convocantes (CNT, CUT &#8211; A y Cesitp), los adherentes que comunicaron la medida de fuerza son: Federaci\u00f3n Paraguaya de Trabajadores del Transporte (Fepatrat), Corriente Sindical Clasista (CSC), Federaci\u00f3n Nacional de Estudiantes Secundarios (FENAES), Federaci\u00f3n Nacional Campesina (FNC), cooperativistas, Federaci\u00f3n de Taxistas, Federaci\u00f3n de Transportistas de Carga, federaciones ambientalistas y la Coordinadora de Organizaciones Sociales y Comunitarias de los Ba\u00f1ados (Coba\u00f1ados).<\/p>\n<p style=\"text-align: justify;\">Nicol\u00e1s Honigesz visit\u00f3 la Radio Nacional de Paraguay y la Radio 1000 promoviendo el paro general con los compa\u00f1eros de las centrales hermanas de Paraguay Brasil , a la expectativa de una movilizaci\u00f3n hist\u00f3rica con la uni\u00f3n de trabajadores estudiantes y campesinos, en favor de la dignidad y la renuncia del presidente Cartes.<\/p>\n<p style=\"text-align: justify;\">Tambi\u00e9n acudi\u00f3 a dialogar con los campesinos y presos pol\u00edticos por los incidentes de Cuguguaty. Adhieri\u00e9ndose al pedido por su libertad, junt\u00f3 al delegado de la Central \u00danica de Trabajadores de Brasil (CUT), Leonardo Wexell Severo, hicieron o\u00edr la voz de los campesinos de Curuguaty de los presos pol\u00edticos bajo arresto domiciliario en la v\u00edspera de la huelga general. Expresaron su apoyo indeclinable a la manifestaci\u00f3n contra el \u00abdesgobierno\u00bb de Cartes y denunciaron que seg\u00fan el \u00faltimo censo, el 85,5 % de las tierras del pa\u00eds est\u00e1n en manos del 2 % de los propietarios.<a href=\"http:\/\/www.ctainternacionales.org\/wp-content\/uploads\/2015\/12\/IMG_5825.jpg\"><img loading=\"lazy\" decoding=\"async\" class=\"aligncenter size-thumbnail wp-image-3210\" src=\"http:\/\/www.ctainternacionales.org\/wp-content\/uploads\/2015\/12\/IMG_5825-307x204.jpg\" alt=\"IMG_5825\" width=\"307\" height=\"204\" \/><\/a><a href=\"http:\/\/www.ctainternacionales.org\/wp-content\/uploads\/2015\/12\/IMG_5848.jpg\"><img loading=\"lazy\" decoding=\"async\" class=\"aligncenter size-thumbnail wp-image-3211\" src=\"http:\/\/www.ctainternacionales.org\/wp-content\/uploads\/2015\/12\/IMG_5848-307x204.jpg\" alt=\"IMG_5848\" width=\"307\" height=\"204\" \/><\/a><\/p>\n<p style=\"text-align: justify;\">Otro punto cr\u00edtico de las problem\u00e1ticas sociales en Asunci\u00f3n lo constituyen los humedales. All\u00ed se hizo presente la representaci\u00f3n de la CTA &#8211; Aut\u00f3noma para registrar las im\u00e1genes de la crecida de los humedales que lleva ya 7,70 metros y es una las mas grandes de la historia de Paraguay. Su avance a diario actualmente afecta a mas de 40.000 familias con consecuencias de contaminaci\u00f3n y muertes de ni\u00f1os y ancianos. Familias enteras deben abandonar sus casas y son armadas casillas de madera terciada en cualquier lugar publico; Plazas, veredas calles y bulevares que convierten a la pintoresca ciudad en la \u201cAsuncion del terciado\u201d como consecuencia de un Estado \u00abausente\u00bb que ademas pretende administrar dichas tierras de los ba\u00f1ados con un sgenocidio premeditado para ser entregadas a sector empresarial.<\/p>\n<p style=\"text-align: justify;\">Una menci\u00f3n especial merece la vigilia firme en la huelga de la esposas de los choferes de la Linea 49, crucificados 136 d\u00edas para hacer o\u00edr la voz de sus reclamos por libertad sindical y derechos de los trabajadores que fueron deso\u00eddos hasta alcanzar condiciones inhumanas de salud. En esa l\u00ednea, la representaci\u00f3n de la CTA &#8211; Aut\u00f3noma se hizo presente frente al Ministerio de Trabajo del Paraguay para denunciar los cr\u00edmenes cometidos por el gobierno de Horacio Cartes contra la soberan\u00eda y la democracia, reivindicando el reclamo de los trabajadores del transporte crucificados para exigir que el gobierno reconozca su sindicato.<\/p>\n<p style=\"text-align: justify;\">La constante durante las 48 horas de huelga nacional fue de la polic\u00eda, que sin identificarse se hizo presente para \u00abcontrolar\u00bb las manifestaciones armada con balas de plomo, exhibiendose en forma forma intimidatoria, especialmente durante el acto frente al Ministerio de Trabajo. La estrategia de la derecha en el continente y sus viejas practicas que se repiten una y otra vez.<\/p>\n<p style=\"text-align: justify;\">La huelga general contra el ajuste fiscal, las privatizaciones, el atropello salarial y el desempleo paraliz\u00f3 Asunci\u00f3n y las principales ciudades paraguayas. La unidad de trabajadores, campesinos, estudiantes e ind\u00edgenas hizo o\u00edr su voz a pesar de la intensa represi\u00f3n y la coordinaci\u00f3n de los medios de comunicaci\u00f3n monop\u00f3licos comprados ( la familia de Cartes compro 7 medios en el ultimo a\u00f1o) y otros cooptados por el gobierno para ignorar los pedidos por un pa\u00eds libre y soberano que rugieron en las calles.<\/p>\n","protected":false},"excerpt":{"rendered":"Durante las jornadas del 21 y 22 de diciembre, en el marco de una nueva Cumbre de Presidentes del MERCOSUR y en contexto \n<a class=\"moretag\" href=\"https:\/\/ctainternacionales.org\/?p=3206\"> [...]<\/a>","protected":false},"author":1,"featured_media":0,"comment_status":"closed","ping_status":"closed","sticky":false,"template":"","format":"standard","meta":{"ngg_post_thumbnail":0,"footnotes":""},"categories":[],"tags":[],"class_list":["post-3206","post","type-post","status-publish","format-standard","hentry"],"_links":{"self":[{"href":"https:\/\/ctainternacionales.org\/index.php?rest_route=\/wp\/v2\/posts\/3206","targetHints":{"allow":["GET"]}}],"collection":[{"href":"https:\/\/ctainternacionales.org\/index.php?rest_route=\/wp\/v2\/posts"}],"about":[{"href":"https:\/\/ctainternacionales.org\/index.php?rest_route=\/wp\/v2\/types\/post"}],"author":[{"embeddable":true,"href":"https:\/\/ctainternacionales.org\/index.php?rest_route=\/wp\/v2\/users\/1"}],"replies":[{"embeddable":true,"href":"https:\/\/ctainternacionales.org\/index.php?rest_route=%2Fwp%2Fv2%2Fcomments&post=3206"}],"version-history":[{"count":2,"href":"https:\/\/ctainternacionales.org\/index.php?rest_route=\/wp\/v2\/posts\/3206\/revisions"}],"predecessor-version":[{"id":3213,"href":"https:\/\/ctainternacionales.org\/index.php?rest_route=\/wp\/v2\/posts\/3206\/revisions\/3213"}],"wp:attachment":[{"href":"https:\/\/ctainternacionales.org\/index.php?rest_route=%2Fwp%2Fv2%2Fmedia&parent=3206"}],"wp:term":[{"taxonomy":"category","embeddable":true,"href":"https:\/\/ctainternacionales.org\/index.php?rest_route=%2Fwp%2Fv2%2Fcategories&post=3206"},{"taxonomy":"post_tag","embeddable":true,"href":"https:\/\/ctainternacionales.org\/index.php?rest_route=%2Fwp%2Fv2%2Ftags&post=3206"}],"curies":[{"name":"wp","href":"https:\/\/api.w.org\/{rel}","templated":true}]}}