{"id":3200,"date":"2015-12-18T00:48:23","date_gmt":"2015-12-18T03:48:23","guid":{"rendered":"http:\/\/www.ctainternacionales.org\/?p=3200"},"modified":"2015-12-18T00:49:52","modified_gmt":"2015-12-18T03:49:52","slug":"arde-paris","status":"publish","type":"post","link":"https:\/\/ctainternacionales.org\/?p=3200","title":{"rendered":"Arde Par\u00eds -Joaquin Turco-, CTA-A"},"content":{"rendered":"<p style=\"text-align: justify;\">Joaquin Turco, asesor de la Secretar\u00eda de Relaciones Internacionales de la CTA-Aut\u00f3noma, particip\u00f3 de la COP 21 que se realiz\u00f3 en Par\u00eds y que culmino el pasado 12 de diciembre. Joaquin desde hace muchos a\u00f1os viene realizando un exhaustivo trabajo de seguimiento de las Conferencias que tienen como eje la Convenci\u00f3n contra el Cambio Clim\u00e1tico, y represent\u00f3 a la CTA- Aut\u00f3noma en diversos eventos que se realizaron de forma paralela a la COP 21 para presentar la posici\u00f3n de los trabajadores y trabajadoras con respecto a esta tem\u00e1tica. Aqu\u00ed su cr\u00f3nica de lo que Par\u00eds nos dej\u00f3.<!--more--><\/p>\n<p style=\"text-align: justify;\"><a href=\"http:\/\/www.ctainternacionales.org\/wp-content\/uploads\/2015\/12\/COP-21.jpg\"><img loading=\"lazy\" decoding=\"async\" class=\"aligncenter size-thumbnail wp-image-3201\" src=\"http:\/\/www.ctainternacionales.org\/wp-content\/uploads\/2015\/12\/COP-21-307x204.jpg\" alt=\"COP-21\" width=\"307\" height=\"204\" \/><\/a>A las 20:30 horas del 12 de diciembre del 2015, en la Sala Plenaria del Centro de Convenciones de Le Bourget, cerca de Par\u00eds, el Presidente de la COP 21 Laurent Fabius daba el martillazo que indicaba que se hab\u00eda logrado un consenso para adoptar el \u201cAcuerdo de Par\u00eds\u201d.<\/p>\n<p style=\"text-align: justify;\">Cinco horas despu\u00e9s, en la madrugada del 13 de diciembre, el mismo Canciller daba por finalizada la COP21\/CMP11. En la sala quedaba s\u00f3lo un pu\u00f1ado de delegaciones nacionales (los \u00faltimos que pidieron la palabra) y los representantes de las ONGs y los trabajadores, que debimos aguardar las interminables intervenciones de las Partes, antes de poder expresarle al presidente de la COP nuestra decepci\u00f3n por los resultados de este Acuerdo.<\/p>\n<p style=\"text-align: justify;\">Atr\u00e1s quedaban 4 a\u00f1os de negociaciones en el \u00e1mbito de la Plataforma de Durban para la acci\u00f3n mejorada (ADP) donde pudimos observar como paulatinamente los pa\u00edses desarrollados lograban transferirle al resto de los pa\u00edses y cambio de nada, muchas de las obligaciones que hab\u00edan asumido en la Convenci\u00f3n 23 a\u00f1os atr\u00e1s, como por ejemplo, el financiamiento (a modo de ejemplo la movilizaci\u00f3n de los 100 millones de d\u00f3lares por a\u00f1o comprometidos en Canc\u00fan en 2010 ya no aparecen en el Acuerdo de Par\u00eds y en el futuro se espera que los pa\u00edses en desarrollo aporten al fondo verde)<\/p>\n<p style=\"text-align: justify;\">A pesar de los aplausos y los autoelogios de los delegados de los distintos pa\u00edses, la presidencia de COP, la secretar\u00eda de la Convenci\u00f3n, el Secretario General de Naciones Unidas y m\u00e1s all\u00e1 del optimismo del Presidente Hollande y de los medios de comunicaci\u00f3n mundiales, la COP 21 no nos da un motivo para celebrar.<\/p>\n<p style=\"text-align: justify;\">El Acuerdo, sirve para asegurar que la problem\u00e1tica del Cambio Clim\u00e1tico seguir\u00e1 trat\u00e1ndose en el \u00e1mbito multilateral, pero hasta ahora y a pesar de las grandilocuentes frases que aparecen en sus 29 Art\u00edculos y el Pre\u00e1mbulo del \u201cAcuerdo de Par\u00eds\u201d, no puede evitarse que, a ra\u00edz de la baja ambici\u00f3n de las INDC (contribuciones previstas y determinadas a nivel nacional) la temperatura media de la tierra aumente m\u00e1s de 3,7\u00b0C.<\/p>\n<p style=\"text-align: justify;\">Estamos frente a un texto impreciso y contradictorio que si bien sigue haciendo referencia a las responsabilidades comunes pero diferenciadas, no brinda el marco necesario para hacer valer ese principio, ni lograr el objetivo b\u00e1sico de la Convenci\u00f3n Marco: \u201cla estabilizaci\u00f3n de las concentraciones de gases de efecto invernadero en la atm\u00f3sfera a un nivel que impida interferencias antrop\u00f3genas peligrosas en el sistema clim\u00e1tico\u2026\u201d. El Acuerdo muestra un evidente sesgo con relaci\u00f3n a las cuestiones sociales tales como los derechos humanos, la transici\u00f3n justa, los derechos de los pueblos originarios, de los migrantes los ni\u00f1os, la igualdad de g\u00e9nero, fueron relegados al pre\u00e1mbulo y en consecuencia, se tornaron s\u00f3lo en una expresi\u00f3n de deseo.<\/p>\n<p style=\"text-align: justify;\">Lo que s\u00ed logr\u00f3 Par\u00eds y para benepl\u00e1cito de las grandes empresas, fue la promoci\u00f3n de los mercados de carbono entre todas las naciones. Ahora los pobres podr\u00e1n negociar sus emisiones con otros pobres. Queda claro que, m\u00e1s all\u00e1 del entusiasmo de los diarios por el \u201cHist\u00f3rico Acuerdo\u201d, los principales pa\u00edses emisores, los miembros de la OPEP, la Agencia Internacional de la Energ\u00eda y los CEO de las multinacionales, se frotan las manos porque se abren nuevas oportunidades de negocios y no se atacan las verdaderas causas Cambio Clim\u00e1tico.<\/p>\n<p style=\"text-align: justify;\">Por otra parte, al postergar a la segunda mitad del siglo XXI la neutralidad de carbono, es decir, el equilibrio entre las emisiones antrop\u00f3genas de las fuentes y la absorci\u00f3n antrop\u00f3gena por los sumideros, el Acuerdo abre la puerta para seguir consumiendo m\u00e1s combustibles f\u00f3siles hasta el \u00faltimo minuto, con la esperanza de encontrar una bala de plata tecnol\u00f3gica que permita neutralizar los Gases Efecto Invernadero emitidos, sin modificar sustancialmente los actuales patrones de producci\u00f3n y consumo. M\u00e1s all\u00e1 que esas tecnolog\u00edas podr\u00edan llegar tarde, en el mientras tanto, se alentar\u00e1 la introducci\u00f3n de costosas soluciones parciales y experimentales de alto riesgo para los ecosistemas y la sociedad, que crear\u00e1n nuevas dependencias tecnol\u00f3gicas para los pa\u00edses en desarrollo.<\/p>\n<p style=\"text-align: justify;\">Durante la ma\u00f1ana del 12 de diciembre, miles de personas desafiamos la prohibici\u00f3n de reuniones y marchamos entre el Arco del Triunfo y la Torre Eiffel exigi\u00e9ndole a la COP 21 un Acuerdo justo, ambicioso, vinculante y Justicia Clim\u00e1tica, pero los diplom\u00e1ticos entregaron un instrumento totalmente insuficiente para hacerle frente a esta problem\u00e1tica, un acuerdo de m\u00ednima, que muestra la suma de los ego\u00edsmos de los pa\u00edses. S\u00f3lo basta identificar quienes est\u00e1n contentos por el acuerdo logrado, para comprender que la inmensa mayor\u00eda, seguiremos pagando los platos rotos \u2026<\/p>\n<p style=\"text-align: justify;\">El sistema clim\u00e1tico est\u00e1 cambiando mucho m\u00e1s r\u00e1pido que nuestra sociedad, los fen\u00f3menos clim\u00e1ticos extremos y el aumento de la variabilidad clim\u00e1tica ya est\u00e1n provocando la p\u00e9rdida de puestos de trabajo, cosechas, generan hambre, muerte, migrantes y refugiados ambientales, sin embargo, el rumbo que se ha planteado en Par\u00eds muestra claramente que los tiempos de los pol\u00edticos y las empresas son incompatible con los del Planeta. Los que habitamos el mundo real vamos acerc\u00e1ndonos a un escenario m\u00e1s injusto y caliente, donde los m\u00e1s vulnerables seguiremos siendo los m\u00e1s afectados.<\/p>\n<p style=\"text-align: justify;\">En este contexto, como sociedad, no podemos quedar adormecidos, es imprescindible organizarnos, discutir colectivamente como enfrentamos esta problem\u00e1tica y como presionamos a los gobiernos, empezando por el nuestro.<\/p>\n<p style=\"text-align: justify;\">El Dalai Lama dec\u00eda \u00abSi piensas que eres demasiado peque\u00f1o para hacer una diferencia, trata de dormir con un mosquito\u00bb\u2026 \u00bfQu\u00e9 pasar\u00eda si en vez de la lucha individual nos unimos todos?<\/p>\n","protected":false},"excerpt":{"rendered":"Joaquin Turco, asesor de la Secretar\u00eda de Relaciones Internacionales de la CTA-Aut\u00f3noma, particip\u00f3 de la COP 21 que se realiz\u00f3 en Par\u00eds y \n<a class=\"moretag\" href=\"https:\/\/ctainternacionales.org\/?p=3200\"> [...]<\/a>","protected":false},"author":1,"featured_media":0,"comment_status":"closed","ping_status":"closed","sticky":false,"template":"","format":"standard","meta":{"ngg_post_thumbnail":0,"footnotes":""},"categories":[],"tags":[],"class_list":["post-3200","post","type-post","status-publish","format-standard","hentry"],"_links":{"self":[{"href":"https:\/\/ctainternacionales.org\/index.php?rest_route=\/wp\/v2\/posts\/3200","targetHints":{"allow":["GET"]}}],"collection":[{"href":"https:\/\/ctainternacionales.org\/index.php?rest_route=\/wp\/v2\/posts"}],"about":[{"href":"https:\/\/ctainternacionales.org\/index.php?rest_route=\/wp\/v2\/types\/post"}],"author":[{"embeddable":true,"href":"https:\/\/ctainternacionales.org\/index.php?rest_route=\/wp\/v2\/users\/1"}],"replies":[{"embeddable":true,"href":"https:\/\/ctainternacionales.org\/index.php?rest_route=%2Fwp%2Fv2%2Fcomments&post=3200"}],"version-history":[{"count":3,"href":"https:\/\/ctainternacionales.org\/index.php?rest_route=\/wp\/v2\/posts\/3200\/revisions"}],"predecessor-version":[{"id":3204,"href":"https:\/\/ctainternacionales.org\/index.php?rest_route=\/wp\/v2\/posts\/3200\/revisions\/3204"}],"wp:attachment":[{"href":"https:\/\/ctainternacionales.org\/index.php?rest_route=%2Fwp%2Fv2%2Fmedia&parent=3200"}],"wp:term":[{"taxonomy":"category","embeddable":true,"href":"https:\/\/ctainternacionales.org\/index.php?rest_route=%2Fwp%2Fv2%2Fcategories&post=3200"},{"taxonomy":"post_tag","embeddable":true,"href":"https:\/\/ctainternacionales.org\/index.php?rest_route=%2Fwp%2Fv2%2Ftags&post=3200"}],"curies":[{"name":"wp","href":"https:\/\/api.w.org\/{rel}","templated":true}]}}