{"id":3195,"date":"2015-12-12T01:56:24","date_gmt":"2015-12-12T04:56:24","guid":{"rendered":"http:\/\/www.ctainternacionales.org\/?p=3195"},"modified":"2015-12-12T02:05:48","modified_gmt":"2015-12-12T05:05:48","slug":"argentina-que-supone-el-triunfo-de-macri-para-los-derechos-sindicales-y-sociales","status":"publish","type":"post","link":"https:\/\/ctainternacionales.org\/?p=3195","title":{"rendered":"ARGENTINA: \u00bfQu\u00e9 supone el triunfo de Macri para los derechos sindicales y sociales?"},"content":{"rendered":"<p style=\"text-align: justify;\">ARGENTINA: \u00bfQU\u00c9 SUPONE EL TRIUNFO DE MACRI PARA LOS DERECHOS SINDICALES Y SOCIALES?<br \/>\npor Marc Rogers diario \u00a0EQUAL TIMES<\/p>\n<p style=\"text-align: justify;\">El 10 de diciembre de 2015 Mauricio Macri se convirti\u00f3 en Presidente de Argentina, poniendo fin a 12 a\u00f1os de hegemon\u00eda pol\u00edtica por parte de la pareja integrada por N\u00e9stor Kirchner (2003-2007) y Cristina Fern\u00e1ndez de Kirchner (2007-2015).<\/p>\n<p style=\"text-align: justify;\">Macri, antiguo empresario y quien fuera Jefe de Gobierno de la Ciudad de Buenos Aires durante dos per\u00edodos con el partido de centro-derecha Propuesta Republicana (PRO), sorprendi\u00f3 a muchos con su ajustada victoria sobre el candidato kirchnerista Daniel Scioli en una segunda vuelta.<\/p>\n<p style=\"text-align: justify;\">&lt;p&gt;El nuevo presidente de Argentina, Mauricio Macri, sentado tercero de izquierda a derecha, posa con algunos miembros de su nuevo Gabinete en los jardines bot\u00e1nicos de Buenos Aires, Argentina, el 2 de diciembre de 2015. Los sindicatos se mantienen cautelosos en vista del historial de Macri y el nombramiento de varios empresarios para integrar su nuevo Gabinete.&lt;\/p&gt;<br \/>\nEl nuevo presidente de Argentina, Mauricio Macri, sentado tercero de izquierda a derecha, posa con algunos miembros de su nuevo Gabinete en los jardines bot\u00e1nicos de Buenos Aires, Argentina, el 2 de diciembre de 2015. Los sindicatos se mantienen cautelosos en vista del historial de Macri y el nombramiento de varios empresarios para integrar su nuevo Gabinete.<\/p>\n<p style=\"text-align: justify;\">(AP\/Ricardo Mazalan)<br \/>\nSu mensaje de cambio \u2013la coalici\u00f3n que lidera se denomina Cambiemos\u2013 lleg\u00f3 a los votantes que buscaban a alguien que pudiera insuflar nueva vida a una econom\u00eda estancada y ofrecer una alternativa al combativo estilo de liderazgo de Cristina Fern\u00e1ndez de Kirchner. Pero tras una campa\u00f1a electoral que aport\u00f3 muy pocas precisiones, permanecen las interrogantes sobre lo que supondr\u00e1 la llegada del \u2018Macrismo\u2019 para los derechos sindicales y sociales, dos \u00e1reas clave durante esta \u00faltima d\u00e9cada.<\/p>\n<p style=\"text-align: justify;\">Seg\u00fan Adolfo Aguirre, Secretario de Relaciones Internacionales de la Central de Trabajadores de la Argentina (CTA), el nuevo Gobierno encontrar\u00e1 una s\u00f3lida resistencia si pretende introducir pol\u00edticas que socaven los derechos de los trabajadores, recuperados durante el kirchnerismo.<\/p>\n<p style=\"text-align: justify;\">\u201c[Macri] tiene que entender que el movimiento obrero organizado es muy fuerte aqu\u00ed\u201d, afirma Aguirre en declaraciones a Equal Times, se\u00f1alando que Argentina es uno de los tres pa\u00edses con mayor tasa de sindicalizaci\u00f3n en Sudam\u00e9rica. \u201cSin duda habr\u00e1 conflictos si intenta revertir algunos derechos de los trabajadores, especialmente aquellos considerados como fundamentales por la Organizaci\u00f3n Internacional del Trabajo (OIT).<\/p>\n<p style=\"text-align: justify;\">Una de las principales preocupaciones sindicales es el hecho de que se hable de una inminente devaluaci\u00f3n y austeridad fiscal, lo que podr\u00eda tener un impacto significativo sobre el poder adquisitivo y la seguridad del empleo. Aguirre estima que cerca de 95.000 funcionarios del Estado tienen de momento contratos temporales de un a\u00f1o de duraci\u00f3n, habiendo pocas indicaciones de si ser\u00e1n renovados por el nuevo Gobierno.<\/p>\n<p style=\"text-align: justify;\">Y aunque la tasa de desocupaci\u00f3n se sit\u00faa en un nivel hist\u00f3ricamente bajo del 5,9%, seg\u00fan cifras oficiales contestadas, alrededor de una tercera parte de la mano de obra del pa\u00eds labora en la econom\u00eda informal.<br \/>\nEl nuevo Ministro de Trabajo, Jorge Triaca, ha intentado tranquilizar a los trabajadores. Indic\u00f3 que el Gobierno tiene previsto aumentar el m\u00ednimo no imponible de ganancias, as\u00ed como la aportaci\u00f3n de nuevos beneficios asistenciales y jubilaciones. Adem\u00e1s se comprometi\u00f3 a mantener las negociaciones colectivas respecto a los salarios, pero al mismo tiempo pidi\u00f3 a los gremios que den muestras de moderaci\u00f3n mientras el Gobierno se esforzar\u00e1 por reducir la inflaci\u00f3n y atraer inversiones.<\/p>\n<p style=\"text-align: justify;\">\u201cVamos a trabajar en pos de un acuerdo social, entendiendo que trabajadores, empresarios y el Estado encuentren \u00e1mbitos en los que todos podamos poner el hombro para ayudar a hacer crecer la econom\u00eda\u201d dijo Triaca en una entrevista concedida al diario Cronista.<\/p>\n<p style=\"text-align: justify;\">Aguirre afirma que la CTA intentar\u00e1 dialogar con el nuevo Gobierno, aunque se muestra cauteloso teniendo en cuenta el historial de Macri y la inclusi\u00f3n de varios empresarios en su nuevo Gabinete.<\/p>\n<p style=\"text-align: justify;\">\u201cEl Estado no puede funcionar como un negocio\u201d, se\u00f1ala, haci\u00e9ndose eco de la advertencia reciente de la anterior Presidenta Fern\u00e1ndez. \u201cUn enfoque empresarial implicar\u00eda reducir la talla del Estado para reducir costos, pero hacerlo costar\u00eda vidas, especialmente las de los ni\u00f1os\u201d.<\/p>\n<p style=\"text-align: justify;\">Una sociedad cambiada<\/p>\n<p style=\"text-align: justify;\">Otro legado del kirchnerismo es la ampliaci\u00f3n de derechos sociales relacionados con la identidad sexual y la diversidad.<\/p>\n<p style=\"text-align: justify;\">Bajo la presidencia de Cristina Fern\u00e1ndez, Argentina se convertir\u00eda en 2010 en el primer pa\u00eds de Am\u00e9rica Latina en reconocer el matrimonio entre personas del mismo sexo. Dos a\u00f1os m\u00e1s tarde se aprob\u00f3 la Ley de Identidad de G\u00e9nero, pionera en el mundo, que le otorga a toda persona el derecho a adecuar toda su documentaci\u00f3n al sexo, imagen y nombre de pila que desee, sin necesidad de recurrir a la justicia.<\/p>\n<p style=\"text-align: justify;\">Seg\u00fan la Federaci\u00f3n Argentina de Lesbianas, Gays, Bisexuales y Trans (FALGBT), se han beneficiado ya de estas leyes unas 12.000 parejas de personas del mismo sexo y 6.000 transexuales. Tambi\u00e9n desembocaron en otras medidas m\u00e1s recientes como la eliminaci\u00f3n de las restricciones para que los homosexuales puedan donar sangre y la mejora del acceso a servicios m\u00e9dicos para la comunidad transexual.<\/p>\n<p style=\"text-align: justify;\">Los legisladores del partido PRO de Macri en muchos casos no apoyaron estas leyes, pero el presidente electo tampoco ha bloqueado activamente las pol\u00edticas progresistas. El Presidente de la FALGBT, Esteban Paul\u00f3n, indic\u00f3 que se trata de un cambio fundamental en el pensamiento social, y que deber\u00edan salvaguardarse los recientes avances, incluso bajo un Gobierno conservador.<\/p>\n<p style=\"text-align: justify;\">\u201cTodas estas leyes fueron aprobadas con un amplio consenso y apoyo, y ahora han sido ya adoptadas por la sociedad\u201d, explica Paul\u00f3n a Equal Times. \u201cHoy en d\u00eda ser\u00eda impensable que cualquier Gobierno proponga que se proh\u00edba el matrimonio entre personas del mismo sexo o que se impida a las parejas homosexuales que adopten ni\u00f1os\u201d.<br \/>\nCita el ejemplo de la Vicepresidenta electa, Gabriela Michetti, que vot\u00f3 contra las leyes pero manifest\u00f3 arrepentirse de ello durante la reciente campa\u00f1a electoral, como prueba de que una sociedad cada vez m\u00e1s progresista establece los t\u00e9rminos para tratar las cuestiones de g\u00e9nero.<\/p>\n<p style=\"text-align: justify;\">\u201cNo creo que vaya a darse el escenario catastr\u00f3fico de una vuelta atr\u00e1s respecto a las leyes que ya se han aprobado\u201d, indica Paul\u00f3n. \u201cPienso que se mantendr\u00e1n, pero queda a\u00fan por verse lo que ocurrir\u00e1 con otras cuestiones que se est\u00e1n desarrollando ahora y aquellas que todav\u00eda tienen que incorporarse en la agenda p\u00fablica\u201d.<\/p>\n<p style=\"text-align: justify;\">Algunas de las demandas clave que la FALGBT y otras organizaciones de la sociedad civil tienen para la Administraci\u00f3n Macri incluyen nueva legislaci\u00f3n para combatir la discriminaci\u00f3n \u2013particularmente relevante tras el reciente asesinato de la activista transexual Diana Sacay\u00e1n\u2013 y la incorporaci\u00f3n de cuestiones relativas a la diversidad sexual en el programa nacional.<\/p>\n<p style=\"text-align: justify;\">\u201cConsideramos que hay todav\u00eda muchos asuntos pendientes y si no continuamos avanzando, representar\u00e1 un paso hacia atr\u00e1s\u201d, concluye Paul\u00f3n.<\/p>\n<p style=\"text-align: justify;\">\u00a0<a href=\"http:\/\/www.ctainternacionales.org\/wp-content\/uploads\/2015\/12\/Unknown-2.jpeg\"><img loading=\"lazy\" decoding=\"async\" class=\"aligncenter size-full wp-image-3196\" src=\"http:\/\/www.ctainternacionales.org\/wp-content\/uploads\/2015\/12\/Unknown-2.jpeg\" alt=\"Unknown-2\" width=\"259\" height=\"194\" \/><\/a><\/p>\n<p style=\"text-align: justify;\">Aborto: la pieza que falta<\/p>\n<p style=\"text-align: justify;\">Una cuesti\u00f3n donde hay pocas esperanzas de cambio es respecto al aborto, que contin\u00faa siendo ilegal en base al c\u00f3digo penal argentino, excepto en caso de violaci\u00f3n o atentado al pudor cometido sobre \u201cuna mujer idiota o demente\u201d o cuando el embarazo represente un peligro para la vida o la salud de la madre.<\/p>\n<p style=\"text-align: justify;\">A pesar de las crecientes presiones por parte de la opini\u00f3n p\u00fablica y de una serie de campa\u00f1as de Amnist\u00eda Internacional, el tema no ha sido debatido en el Congreso. Se enfrenta adem\u00e1s a una fuerte oposici\u00f3n entre los l\u00edderes de PRO: apenas unos d\u00edas antes de la elecci\u00f3n presidencial, Macri utiliz\u00f3 Twitter para distanciar a su partido de las declaraciones realizadas por uno de sus principales asesores de campa\u00f1a a favor de la legalizaci\u00f3n del aborto.<\/p>\n<p style=\"text-align: justify;\">Adem\u00e1s, el Ministro de Salud entrante, Jorge Lemus, quien ocupara el mismo cargo bajo el Gobierno regional de Macri en Buenos Aires durante cerca de cinco a\u00f1os, dimiti\u00f3 en 2012 tras haber sido duramente criticado por no acatar una sentencia de la Corte Suprema que acordaba a todas las v\u00edctimas de violaci\u00f3n el derecho a abortar sin quedar supeditadas a un complicado tr\u00e1mite judicial.<\/p>\n<p style=\"text-align: justify;\">La resoluci\u00f3n firmada por Lemus, imponiendo restricciones adicionales a las premisas de aborto no punible en la capital, ser\u00eda posteriormente rechazada por los tribunales locales. Se aprob\u00f3 una nueva ley en la legislatura de la ciudad de Buenos Aires en septiembre de 2012, siendo vetada por Macri poco despu\u00e9s.<\/p>\n<p>&nbsp;<\/p>\n","protected":false},"excerpt":{"rendered":"ARGENTINA: \u00bfQU\u00c9 SUPONE EL TRIUNFO DE MACRI PARA LOS DERECHOS SINDICALES Y SOCIALES? por Marc Rogers diario \u00a0EQUAL TIMES El 10 de diciembre \n<a class=\"moretag\" href=\"https:\/\/ctainternacionales.org\/?p=3195\"> [...]<\/a>","protected":false},"author":1,"featured_media":0,"comment_status":"closed","ping_status":"closed","sticky":false,"template":"","format":"standard","meta":{"ngg_post_thumbnail":0,"footnotes":""},"categories":[],"tags":[],"class_list":["post-3195","post","type-post","status-publish","format-standard","hentry"],"_links":{"self":[{"href":"https:\/\/ctainternacionales.org\/index.php?rest_route=\/wp\/v2\/posts\/3195","targetHints":{"allow":["GET"]}}],"collection":[{"href":"https:\/\/ctainternacionales.org\/index.php?rest_route=\/wp\/v2\/posts"}],"about":[{"href":"https:\/\/ctainternacionales.org\/index.php?rest_route=\/wp\/v2\/types\/post"}],"author":[{"embeddable":true,"href":"https:\/\/ctainternacionales.org\/index.php?rest_route=\/wp\/v2\/users\/1"}],"replies":[{"embeddable":true,"href":"https:\/\/ctainternacionales.org\/index.php?rest_route=%2Fwp%2Fv2%2Fcomments&post=3195"}],"version-history":[{"count":3,"href":"https:\/\/ctainternacionales.org\/index.php?rest_route=\/wp\/v2\/posts\/3195\/revisions"}],"predecessor-version":[{"id":3199,"href":"https:\/\/ctainternacionales.org\/index.php?rest_route=\/wp\/v2\/posts\/3195\/revisions\/3199"}],"wp:attachment":[{"href":"https:\/\/ctainternacionales.org\/index.php?rest_route=%2Fwp%2Fv2%2Fmedia&parent=3195"}],"wp:term":[{"taxonomy":"category","embeddable":true,"href":"https:\/\/ctainternacionales.org\/index.php?rest_route=%2Fwp%2Fv2%2Fcategories&post=3195"},{"taxonomy":"post_tag","embeddable":true,"href":"https:\/\/ctainternacionales.org\/index.php?rest_route=%2Fwp%2Fv2%2Ftags&post=3195"}],"curies":[{"name":"wp","href":"https:\/\/api.w.org\/{rel}","templated":true}]}}