{"id":3184,"date":"2015-12-01T16:35:21","date_gmt":"2015-12-01T19:35:21","guid":{"rendered":"http:\/\/www.ctainternacionales.org\/?p=3184"},"modified":"2015-12-01T16:40:38","modified_gmt":"2015-12-01T19:40:38","slug":"dirigentes-de-la-cta-autonoma-y-la-cut-a-de-paraguay-se-reunieron-en-posadas","status":"publish","type":"post","link":"https:\/\/ctainternacionales.org\/?p=3184","title":{"rendered":"Dirigentes de la CTA Aut\u00f3noma y la CUT A de Paraguay se reunieron en Posadas"},"content":{"rendered":"<p style=\"text-align: justify;\">La CTA y la CUT del Paraguay se reunieron este lunes en la capital provincial para fortalecer la integraci\u00f3n regional de las centrales sindicales, articular acciones y delinear un plan de trabajo en conjunto para el 2016.<!--more--><\/p>\n<p style=\"text-align: justify;\">\n<p style=\"text-align: justify;\">La CTA Aut\u00f3noma y la CUT A de Paraguay acordaron ayer una agenda de trabajo para fortalecer la unidad de los trabajadores de la regi\u00f3n. Fue en el marco del encuentro que ambas centrales realizaron en Posadas este lunes.<\/p>\n<p style=\"text-align: justify;\">Lanzaron la campa\u00f1a \u201cParemos la codicia corporativa, controlemos el poder de las empresas transnacionales\u00bb. Denunciaron las trabas que para la libre circulaci\u00f3n de personas que siguen dificultando la integraci\u00f3n de las comunidades. Repudiaron el muro de la verg\u00fcenza del Mercosur y anticiparon que llevar\u00e1n ese rechazo a la cumbre de presidentes que tendr\u00e1 lugar en diciembre en Encarnaci\u00f3n. Sostuvieron el No a las Mega Represas y Saludaron la presencia de la FENAES de Paraguay y remarcaron la necesidad de recomponer las relaciones intergeneracionales y avanzar en la articulaci\u00f3n intersectorial.<\/p>\n<p style=\"text-align: justify;\">El conmovedor reconocimiento de reclamos y luchas comunes, de lazos familiares y de vecindad caracteriz\u00f3 el encuentro de la CTA Aut\u00f3noma y la CUT Aut\u00e9ntica de Paraguay realizado ayer en Posadas. Lugar desde donde se lanz\u00f3 formalmente la campa\u00f1a \u201cParemos la codicia corporativa, controlemos el poder de las empresas transnacionales\u201d identificando claramente que \u201clas grandes empresas transnacionales quienes ejercen el poder real frente a los gobiernos incidiendo en pol\u00edticas que garantizan sus ganancias a costa de los derechos de los trabajadores, la organizaci\u00f3n y la solidaridad internacional de los trabajadores resulta fundamental\u201d.<\/p>\n<p style=\"text-align: justify;\">En el encuentro se describieron las problem\u00e1ticas que siguen afectando a los ciudadanos en las fronteras, las trabas para la libre circulaci\u00f3n de personas, sus implicancias para los trabajadores y la necesidad de construir ciudadan\u00eda con la perspectiva de la integraci\u00f3n en una regi\u00f3n de paz donde se pueda frenar el avance del narcotr\u00e1fico, el lavado de dinero y la militarizaci\u00f3n de las comunidades.<\/p>\n<p style=\"text-align: justify;\">\u201cLo que hemos realizado hoy es un hecho hist\u00f3rico, que va a quedar en la historia de la integraci\u00f3n por el nivel de cuadros tanto del sindicalismo paraguayo, los estudiantes de Paraguay como de la CTA nuestra. Ha sido una reuni\u00f3n de alto nivel, no ha sido de lamentos donde ha surgido un plan de trabajo y donde hay claridad de d\u00f3nde estamos y hacia donde tenemos que ir, ha salido compromisos muy interesantes que nos dan la esperanza de que nos convirtamos en ciudadanos de la integraci\u00f3n, que lo practiquemos y que denunciemos todas aquellas cosas que creemos que son la ant\u00edtesis de lo que ha sido el avance social que ha tenido el Mercosur\u201d destac\u00f3 Adolfo \u00abFito\u00bb Aguirre, secretario de Relaciones Internacionales de la CTA A.<a href=\"http:\/\/www.ctainternacionales.org\/wp-content\/uploads\/2015\/12\/12291768_10206661565475940_1090949845733337372_o.jpg\"><img loading=\"lazy\" decoding=\"async\" class=\"aligncenter size-thumbnail wp-image-3186\" src=\"http:\/\/www.ctainternacionales.org\/wp-content\/uploads\/2015\/12\/12291768_10206661565475940_1090949845733337372_o-307x204.jpg\" alt=\"12291768_10206661565475940_1090949845733337372_o\" width=\"307\" height=\"204\" \/><\/a><\/p>\n<p style=\"text-align: justify;\">En tanto, el hist\u00f3rico referente metal\u00fargico de Paraguay, Pedro Parra Gaona, ex integrante del Consejo de administraci\u00f3n de la OIT, evalu\u00f3 este encuentro como \u201cmuy importante porque la integraci\u00f3n fronteriza un trabajo que hist\u00f3ricamente venimos realizando. Nosotros esperamos que nuestras autoridades puedan ratificar los acuerdos del MERCOSUR que est\u00e1n muy atrasados en lo social, en lo cultural, esa parte tiene que mejorar eso es lo que reclamamos de los dos lados, que se respete a las personas, a la libre circulaci\u00f3n, nosotros no somos cosas, somos personas humanas, tenemos derechos\u201d.<\/p>\n<p style=\"text-align: justify;\">La presencia de las transnacionales en los pa\u00edses de la regi\u00f3n y sus implicancias en las condiciones laborales y salariales de los trabajadores, el proceso de precarizaci\u00f3n y tercerizaci\u00f3n, las constantes luchas por la libertad sindical fueron parte de los temas que atravesaron la jornada y que permitieron adem\u00e1s caracterizar una matriz productiva que sigue asent\u00e1ndose sobre la expropiaci\u00f3n de los recursos naturales de la regi\u00f3n, la explotaci\u00f3n de los trabajadores y la connivencia de los gobiernos locales.<\/p>\n<p style=\"text-align: justify;\">\u201cMuy contentos por concretar un encuentro en donde la clase trabajadora hemos podido fijar algunos objetivos para el 2016. Una clase trabajadora que viene soportando un modelo de desarrollo basado en la explotaci\u00f3n de los trabajadores, en condiciones de precariedad laboral, condiciones indignas. Empresas que no tienen fronteras, producto de la globalizaci\u00f3n se han extendido por toda Am\u00e9rica Latina con la misma receta, el extractivismo y condiciones infrahumanas de trabajo\u201d sostuvo Jorge \u00abKoki\u00bb Duarte, secretario General de la CTA A de Misiones.<\/p>\n<p style=\"text-align: justify;\">Se remarc\u00f3 la necesidad de fortalecer los lazos de solidaridad para acompa\u00f1ar las luchas que se vienen dando en cada uno de nuestros pa\u00edses.<\/p>\n<p style=\"text-align: justify;\">\u201cNos parece que fue una reuni\u00f3n muy provechosa, hace tiempo que venimos conversando para ver si podemos unir las fuerzas en la frontera, especialmente sobre la integraci\u00f3n. Nosotros tenemos como norma o como objetivo la integraci\u00f3n de los trabajadores. Nosotros tenemos empujar ese proceso hacia una verdadera integraci\u00f3n donde est\u00e9 incluido los pueblos\u201d apunt\u00f3 Bernardo Rojas presidente de la CUT A.<\/p>\n<p style=\"text-align: justify;\">Stiven Patr\u00f3n integrante de la Federaci\u00f3n Nacional de Estudiantes Secundarios de Paraguay tambi\u00e9n se mostr\u00f3 muy contento con este espacio de articulaci\u00f3n y b\u00fasqueda de unidad y apunt\u00f3 \u201cllegamos a puntos muy importes para articular un poco m\u00e1s lo que es la integraci\u00f3n de estos dos pa\u00edses de la regi\u00f3n, porque la idea es ir creciendo a nivel regional y hacer una unidad mucho m\u00e1s grande. Contentos ya tenemos una agenda armada hasta marzo y seguramente en el proceso van a ir sum\u00e1ndose reivindicaciones\u201d.<a href=\"http:\/\/www.ctainternacionales.org\/wp-content\/uploads\/2015\/12\/12314375_10206661570956077_1990550107255344339_o.jpg\"><img loading=\"lazy\" decoding=\"async\" class=\"aligncenter size-thumbnail wp-image-3190\" src=\"http:\/\/www.ctainternacionales.org\/wp-content\/uploads\/2015\/12\/12314375_10206661570956077_1990550107255344339_o-307x204.jpg\" alt=\"12314375_10206661570956077_1990550107255344339_o\" width=\"307\" height=\"204\" \/><\/a><\/p>\n<p style=\"text-align: justify;\">Por su parte Jorge Castro, Secretario Gremial de la CTA en la provincia de Buenos Aires y titular de UETTEL, coment\u00f3 que durante el plenario realizado la ma\u00f1ana del lunes, el eje de la convocatoria fue el fortalecimiento de la integraci\u00f3n regional, promoviendo los derechos humanos fundamentales: las migraciones en zonas de fronteras y la libre circulaci\u00f3n de personas.<\/p>\n<p style=\"text-align: justify;\">Derribar el muro de la verg\u00fcenza<br \/>\nDel encuentro participaron trabajadores de diversos sindicatos y sectores que componen las dos centrales sindicales: Sindicato de trabajadoras dom\u00e9sticas, de la Entidad Nacional Binacional Yacyret\u00e1 del lado paraguayo; el Sindicato Nacional de Telecomunicaciones (Sinatel) y su par en Argentina Uni\u00f3n de Empleados y T\u00e9cnicos de las Telecomunicaciones (UETTEL), los gremios de base de la CTA Misiones. Adem\u00e1s de varios integrantes de la FENAES.<\/p>\n<p style=\"text-align: justify;\">El cierre se traslad\u00f3 hasta el Muro construido en la zona de frontera de la ciudad de Posadas, el que fue repudiado por todos los presentes calific\u00e1ndolo como el muro de la verg\u00fcenza del Mercosur, como un retroceso para la integraci\u00f3n regional y un atentado contras las comunidades de ambas orillas.<\/p>\n<p style=\"text-align: justify;\">Se anticip\u00f3 que este repudio se har\u00e1 sentir en la Cumbre de Presidentes que tendr\u00e1 lugar en Encarnaci\u00f3n los d\u00edas 20 y 21 de diciembre. Se acord\u00f3 que la CTA Aut\u00f3noma acompa\u00f1ar\u00e1 los paros nacionales de las centrales sindicales del Paraguay convocadas para esas jornadas. La continuidad de este encuentro ser\u00e1 en marzo pr\u00f3ximo en la ciudad de Encarnaci\u00f3n.<\/p>\n<p style=\"text-align: justify;\">En ese muro se realiz\u00f3 la firma del Convenio de cooperaci\u00f3n y confraternidad entre la Central \u00danica de Trabajadores Aut\u00e9ntica de Paraguay y la Central de Trabajadores de la Argentina (CTA-Aut\u00f3noma) cuyos 6 puntos resumen el esp\u00edritu de este encuentro y el compromiso de profundizar la integraci\u00f3n, la organizaci\u00f3n de los trabajadores y los lazos de solidaridad de estos pueblos.<\/p>\n<p style=\"text-align: justify;\">* Equipo de Comunicaci\u00f3n de la CTA Misiones<\/p>\n","protected":false},"excerpt":{"rendered":"La CTA y la CUT del Paraguay se reunieron este lunes en la capital provincial para fortalecer la integraci\u00f3n regional de las centrales \n<a class=\"moretag\" href=\"https:\/\/ctainternacionales.org\/?p=3184\"> [...]<\/a>","protected":false},"author":1,"featured_media":0,"comment_status":"closed","ping_status":"closed","sticky":false,"template":"","format":"standard","meta":{"ngg_post_thumbnail":0,"footnotes":""},"categories":[],"tags":[],"class_list":["post-3184","post","type-post","status-publish","format-standard","hentry"],"_links":{"self":[{"href":"https:\/\/ctainternacionales.org\/index.php?rest_route=\/wp\/v2\/posts\/3184","targetHints":{"allow":["GET"]}}],"collection":[{"href":"https:\/\/ctainternacionales.org\/index.php?rest_route=\/wp\/v2\/posts"}],"about":[{"href":"https:\/\/ctainternacionales.org\/index.php?rest_route=\/wp\/v2\/types\/post"}],"author":[{"embeddable":true,"href":"https:\/\/ctainternacionales.org\/index.php?rest_route=\/wp\/v2\/users\/1"}],"replies":[{"embeddable":true,"href":"https:\/\/ctainternacionales.org\/index.php?rest_route=%2Fwp%2Fv2%2Fcomments&post=3184"}],"version-history":[{"count":2,"href":"https:\/\/ctainternacionales.org\/index.php?rest_route=\/wp\/v2\/posts\/3184\/revisions"}],"predecessor-version":[{"id":3193,"href":"https:\/\/ctainternacionales.org\/index.php?rest_route=\/wp\/v2\/posts\/3184\/revisions\/3193"}],"wp:attachment":[{"href":"https:\/\/ctainternacionales.org\/index.php?rest_route=%2Fwp%2Fv2%2Fmedia&parent=3184"}],"wp:term":[{"taxonomy":"category","embeddable":true,"href":"https:\/\/ctainternacionales.org\/index.php?rest_route=%2Fwp%2Fv2%2Fcategories&post=3184"},{"taxonomy":"post_tag","embeddable":true,"href":"https:\/\/ctainternacionales.org\/index.php?rest_route=%2Fwp%2Fv2%2Ftags&post=3184"}],"curies":[{"name":"wp","href":"https:\/\/api.w.org\/{rel}","templated":true}]}}