{"id":3179,"date":"2015-12-01T16:07:22","date_gmt":"2015-12-01T19:07:22","guid":{"rendered":"http:\/\/www.ctainternacionales.org\/?p=3179"},"modified":"2015-12-01T16:17:04","modified_gmt":"2015-12-01T19:17:04","slug":"participacion-de-la-cta-a-en-la-jornada-cambiemos-el-sistema-no-el-clima","status":"publish","type":"post","link":"https:\/\/ctainternacionales.org\/?p=3179","title":{"rendered":"Participaci\u00f3n de la CTA-A en la Jornada Cambiemos el sistema, no el clima"},"content":{"rendered":"<p><a href=\"http:\/\/www.ctainternacionales.org\/wp-content\/uploads\/2015\/12\/cambio-climatico02.jpg\"><img loading=\"lazy\" decoding=\"async\" class=\"aligncenter size-thumbnail wp-image-3180\" src=\"http:\/\/www.ctainternacionales.org\/wp-content\/uploads\/2015\/12\/cambio-climatico02-307x192.jpg\" alt=\"cambio-climatico02\" width=\"307\" height=\"192\" \/><\/a><br \/>\nEl domingo 29 de noviembre en el Planetario bajo el lema \u201cCambiemos el sistema, no el clima\u201d se llev\u00f3 a cabo una jornada contra el cambio clim\u00e1tico, como parte de las movilizaciones que se desarrollaron a lo largo del mundo con la Cumbre del clima que comenz\u00f3 en Par\u00eds como tel\u00f3n de fondo. La actividad fue organizada por la Multisectorial antiextractivista, de la cual la CTA-A forma parte. Desde la CTA-A participaron de la organizaci\u00f3n de la actividad la Direcci\u00f3n de Cultura y Bienes comunes, la Secretar\u00eda de Relaciones Internacionales y el Instituto de Estudios y Formaci\u00f3n (IEF- CTA). <!--more--><\/p>\n<p>La jornada comenz\u00f3 con la lectura del documento pol\u00edtico consensuado con las organizaciones sociales convocantes. En el documento se realiz\u00f3 una presentaci\u00f3n de lo que ser\u00e1 debatido en la COP 21, y se denunci\u00f3 el modelo de producci\u00f3n y consumo capitalista que saquea los bienes naturales y produce efectos irreversibles en el clima. A su vez se reivindicaron las luchas sociales a lo largo del pa\u00eds contra el modelo extractivista, y se pronunciaron las propuestas que tienen como eje el cambio de los patrones de consumo y producci\u00f3n; adem\u00e1s de la exigencia que los pa\u00edses desarrollados se comprometan a reducciones de emisiones dr\u00e1sticas en base a su responsabilidad hist\u00f3rica y capacidades respectivas, a transferencia de fondos para adaptaci\u00f3n y mitigaci\u00f3n del cambio clim\u00e1tico en el Sur global y a transferencia de tecnolog\u00edas. A su vez se insisti\u00f3 en la necesidad de la unidad de clase para que el nuevo modelo de sociedad garantice democracia participativa, trabajo decente, justicia social, justicia clim\u00e1tica y respeto por la diversidad cultural.<br \/>\n<a href=\"http:\/\/www.ctainternacionales.org\/wp-content\/uploads\/2015\/12\/cambio-climatico03.jpg\"><img loading=\"lazy\" decoding=\"async\" class=\"aligncenter size-thumbnail wp-image-3182\" src=\"http:\/\/www.ctainternacionales.org\/wp-content\/uploads\/2015\/12\/cambio-climatico03-307x170.jpg\" alt=\"cambio-climatico03\" width=\"307\" height=\"170\" \/><\/a><a href=\"http:\/\/www.ctainternacionales.org\/wp-content\/uploads\/2015\/12\/cambio-climatico01.jpg\"><img loading=\"lazy\" decoding=\"async\" class=\"aligncenter size-thumbnail wp-image-3181\" src=\"http:\/\/www.ctainternacionales.org\/wp-content\/uploads\/2015\/12\/cambio-climatico01-307x223.jpg\" alt=\"cambio-climatico01\" width=\"307\" height=\"223\" \/><\/a><br \/>\nA lo largo de la jornada tomaron el micr\u00f3fono distintos referentes que trabajan sobre el cambio clim\u00e1tico, para denunciar el actual modelo de desarrollo y la falta de soluciones por parte de los gobiernos en el marco de las Cumbres por el clima.<br \/>\nLuego se realiz\u00f3 una intervenci\u00f3n en el Planetario, con una marcha de paraguas alrededor del mismo que tuvo como eje la consigna convocante, \u201cCambiemos el sistema, no el clima\u201d.<br \/>\nLa actividad continu\u00f3 con una ceremonia de la comunidad Aynhi, quienes adem\u00e1s expusieron la visi\u00f3n de los pueblos originarios sobre el cambio clim\u00e1tico, como as\u00ed tambi\u00e9n su comsovisi\u00f3n respecto a la pacha mama y por \u00faltimo, la jornada culmin\u00f3 con un grupo de m\u00fasica con tambores y sikuris.<\/p>\n","protected":false},"excerpt":{"rendered":"El domingo 29 de noviembre en el Planetario bajo el lema \u201cCambiemos el sistema, no el clima\u201d se llev\u00f3 a cabo una jornada \n<a class=\"moretag\" href=\"https:\/\/ctainternacionales.org\/?p=3179\"> [...]<\/a>","protected":false},"author":1,"featured_media":0,"comment_status":"closed","ping_status":"closed","sticky":false,"template":"","format":"standard","meta":{"ngg_post_thumbnail":0,"footnotes":""},"categories":[],"tags":[],"class_list":["post-3179","post","type-post","status-publish","format-standard","hentry"],"_links":{"self":[{"href":"https:\/\/ctainternacionales.org\/index.php?rest_route=\/wp\/v2\/posts\/3179","targetHints":{"allow":["GET"]}}],"collection":[{"href":"https:\/\/ctainternacionales.org\/index.php?rest_route=\/wp\/v2\/posts"}],"about":[{"href":"https:\/\/ctainternacionales.org\/index.php?rest_route=\/wp\/v2\/types\/post"}],"author":[{"embeddable":true,"href":"https:\/\/ctainternacionales.org\/index.php?rest_route=\/wp\/v2\/users\/1"}],"replies":[{"embeddable":true,"href":"https:\/\/ctainternacionales.org\/index.php?rest_route=%2Fwp%2Fv2%2Fcomments&post=3179"}],"version-history":[{"count":1,"href":"https:\/\/ctainternacionales.org\/index.php?rest_route=\/wp\/v2\/posts\/3179\/revisions"}],"predecessor-version":[{"id":3183,"href":"https:\/\/ctainternacionales.org\/index.php?rest_route=\/wp\/v2\/posts\/3179\/revisions\/3183"}],"wp:attachment":[{"href":"https:\/\/ctainternacionales.org\/index.php?rest_route=%2Fwp%2Fv2%2Fmedia&parent=3179"}],"wp:term":[{"taxonomy":"category","embeddable":true,"href":"https:\/\/ctainternacionales.org\/index.php?rest_route=%2Fwp%2Fv2%2Fcategories&post=3179"},{"taxonomy":"post_tag","embeddable":true,"href":"https:\/\/ctainternacionales.org\/index.php?rest_route=%2Fwp%2Fv2%2Ftags&post=3179"}],"curies":[{"name":"wp","href":"https:\/\/api.w.org\/{rel}","templated":true}]}}