{"id":3177,"date":"2015-11-30T15:40:51","date_gmt":"2015-11-30T18:40:51","guid":{"rendered":"http:\/\/www.ctainternacionales.org\/?p=3177"},"modified":"2015-11-30T15:42:01","modified_gmt":"2015-11-30T18:42:01","slug":"la-cta-autonoma-y-la-cut-autentica-de-paraguay-se-reunen-este-lunes-en-posadas","status":"publish","type":"post","link":"https:\/\/ctainternacionales.org\/?p=3177","title":{"rendered":"La CTA Aut\u00f3noma y la CUT Aut\u00e9ntica de Paraguay se re\u00fanen este lunes en Posadas"},"content":{"rendered":"<p><span style=\"color: #336699;\">Es para fortalecer la integraci\u00f3n regional de las dos centrales sindicales, articular acciones y delinear un plan de trabajo en conjunto para el 2016. La actividad contar\u00e1 con la presencia de Adolfo Aguirre secretario de Relaciones internacionales de la CTA Aut\u00f3noma, Bernardo Rojas secretario General de la CUT Autentica, miembros de la Federaci\u00f3n Nacional de Estudiantes Secundarios de Paraguay y referentes de la CTA A de Misiones.<\/span><!--more--><\/p>\n<div class=\"crayon article-texte-17989 textoa\">\n<p><a href=\"http:\/\/www.ctainternacionales.org\/wp-content\/uploads\/2015\/09\/12006215_635423749894331_1552239020361296349_n.jpg\"><img loading=\"lazy\" decoding=\"async\" class=\"aligncenter size-thumbnail wp-image-3069\" src=\"http:\/\/www.ctainternacionales.org\/wp-content\/uploads\/2015\/09\/12006215_635423749894331_1552239020361296349_n-307x172.jpg\" alt=\"12006215_635423749894331_1552239020361296349_n\" width=\"307\" height=\"172\" \/><\/a>Este lunes 30 de noviembre desde las 10 en su sede de Avenida Corrientes 2150 de Posadas, la CTA Aut\u00f3noma recibir\u00e1 al secretario General de la CUT Aut\u00e9ntica de Paraguay.<\/p>\n<p>El eje de la convocatoria ser\u00e1 el fortalecimiento de la integraci\u00f3n regional, promoviendo los derechos humanos fundamentales: las migraciones en zonas de fronteras y la libre circulaci\u00f3n de personas.<\/p>\n<p>En el marco de esta actividad ambas centrales presentar\u00e1n la campa\u00f1a \u201cParemos la codicia corporativa, controlemos el poder de las empresas transnacionales\u201d y se acordar\u00e1 un plan de trabajo para el 2016.<\/p>\n<h3 class=\"spip\" style=\"font-weight: bold; color: #003366;\">Sobre la CUT A y el FENAES<\/h3>\n<p>La Central Unitaria de Trabajadores Aut\u00e9ntica fue creada en octubre del 2000, protagonista de las principales luchas sindicales en el vecino pa\u00eds, se manifest\u00f3 junto a otras centrales contra el Golpe Parlamentario que destituy\u00f3 a Fernando Lugo y denunci\u00f3 el despido de miles de trabajadores del Estado, perseguidos por pertenecer a partidos progresistas y oponerse a las arbitrariedades de la nueva administraci\u00f3n.<\/p>\n<p>Acompa\u00f1\u00f3 en los \u00faltimos meses la lucha de los ch\u00f3feres despedidos de la l\u00ednea 49, despedidos por intentar sindicalizarse y exigir mejores condiciones laborales. Tras meses de protesta, que incluy\u00f3 la crucifixi\u00f3n de choferes y familiares el pasado 20 de noviembre lograron el reconocimiento de parte del Ministerio de Trabajo del Sindicato que conformaron.<\/p>\n<p>&nbsp;<\/p>\n<p>Tambi\u00e9n la de los educadores y estudiantes secundarios, nucleados en la FENAES. La Federaci\u00f3n Nacional de Estudiantes Secundarios de Paraguay motoriz\u00f3 durante todo este a\u00f1o movilizaciones, paros, marchas en reclamo de gratuidad para la Educaci\u00f3n P\u00fablica, mayor presupuesto para el sector, jubilaci\u00f3n docente, programas de capacitaci\u00f3n.<\/p>\n<p><strong>Encuentro regional Paraguay- Argentina CTA-A\/CUT-A. 30 de noviembre de 2015. Sede de la CTA-A, Avenida Corrientes 2150, Posadas, Argentina<\/strong><\/p>\n<p><img loading=\"lazy\" decoding=\"async\" class=\"puce\" src=\"http:\/\/www.agenciacta.org\/squelettes-dist\/puce.gif\" alt=\"-\" width=\"8\" height=\"11\" \/>\u00a010 horas: Presentaci\u00f3n.<\/p>\n<p><img loading=\"lazy\" decoding=\"async\" class=\"puce\" src=\"http:\/\/www.agenciacta.org\/squelettes-dist\/puce.gif\" alt=\"-\" width=\"8\" height=\"11\" \/>\u00a011 horas: Plenaria de trabajo: Fortalecer la integraci\u00f3n regional, promoviendo los derechos humanos fundamentales.<\/p>\n<p><img loading=\"lazy\" decoding=\"async\" class=\"puce\" src=\"http:\/\/www.agenciacta.org\/squelettes-dist\/puce.gif\" alt=\"-\" width=\"8\" height=\"11\" \/>\u00a012 horas: Plenaria de trabajo: Migraciones en zona de fronteras-Libre circulaci\u00f3n de personas.<\/p>\n<p><img loading=\"lazy\" decoding=\"async\" class=\"puce\" src=\"http:\/\/www.agenciacta.org\/squelettes-dist\/puce.gif\" alt=\"-\" width=\"8\" height=\"11\" \/>\u00a013 horas: Presentaci\u00f3n de la campa\u00f1a \u201cParemos la codicia corporativa, controlemos el poder de las empresas transnacionales\u201d.<\/p>\n<p><img loading=\"lazy\" decoding=\"async\" class=\"puce\" src=\"http:\/\/www.agenciacta.org\/squelettes-dist\/puce.gif\" alt=\"-\" width=\"8\" height=\"11\" \/>\u00a014 horas: Plan de Trabajo 2016.<\/p>\n<p><img loading=\"lazy\" decoding=\"async\" class=\"puce\" src=\"http:\/\/www.agenciacta.org\/squelettes-dist\/puce.gif\" alt=\"-\" width=\"8\" height=\"11\" \/>\u00a014:30 horas: Almuerzo fraterno.<\/p>\n<p><strong>Contactos:<\/strong>\u00a0<i>Jorge \u00abKoki\u00bb Duarte, Secretario General de la CTA Misiones 03755 15505484; V\u00edctor Rosenfeld, Secretario Adjunto de la CTA Misiones 0376 154556029; M\u00f3nica Gurina, dirigente de la CTA Misiones 0376 154317700; Yolanda Urquiza, Secretaria de Formaci\u00f3n de la CTA Misiones 0376 154688460; Juan Pasaman, Secretario de Previsi\u00f3n Social 0376 154317677.<\/i><\/p>\n<\/div>\n<div style=\"font-style: italic;\">* Equipo de Comunicaci\u00f3n de la CTA Misiones<\/div>\n","protected":false},"excerpt":{"rendered":"Es para fortalecer la integraci\u00f3n regional de las dos centrales sindicales, articular acciones y delinear un plan de trabajo en conjunto para el \n<a class=\"moretag\" href=\"https:\/\/ctainternacionales.org\/?p=3177\"> [...]<\/a>","protected":false},"author":1,"featured_media":0,"comment_status":"closed","ping_status":"closed","sticky":false,"template":"","format":"standard","meta":{"ngg_post_thumbnail":0,"footnotes":""},"categories":[],"tags":[],"class_list":["post-3177","post","type-post","status-publish","format-standard","hentry"],"_links":{"self":[{"href":"https:\/\/ctainternacionales.org\/index.php?rest_route=\/wp\/v2\/posts\/3177","targetHints":{"allow":["GET"]}}],"collection":[{"href":"https:\/\/ctainternacionales.org\/index.php?rest_route=\/wp\/v2\/posts"}],"about":[{"href":"https:\/\/ctainternacionales.org\/index.php?rest_route=\/wp\/v2\/types\/post"}],"author":[{"embeddable":true,"href":"https:\/\/ctainternacionales.org\/index.php?rest_route=\/wp\/v2\/users\/1"}],"replies":[{"embeddable":true,"href":"https:\/\/ctainternacionales.org\/index.php?rest_route=%2Fwp%2Fv2%2Fcomments&post=3177"}],"version-history":[{"count":1,"href":"https:\/\/ctainternacionales.org\/index.php?rest_route=\/wp\/v2\/posts\/3177\/revisions"}],"predecessor-version":[{"id":3178,"href":"https:\/\/ctainternacionales.org\/index.php?rest_route=\/wp\/v2\/posts\/3177\/revisions\/3178"}],"wp:attachment":[{"href":"https:\/\/ctainternacionales.org\/index.php?rest_route=%2Fwp%2Fv2%2Fmedia&parent=3177"}],"wp:term":[{"taxonomy":"category","embeddable":true,"href":"https:\/\/ctainternacionales.org\/index.php?rest_route=%2Fwp%2Fv2%2Fcategories&post=3177"},{"taxonomy":"post_tag","embeddable":true,"href":"https:\/\/ctainternacionales.org\/index.php?rest_route=%2Fwp%2Fv2%2Ftags&post=3177"}],"curies":[{"name":"wp","href":"https:\/\/api.w.org\/{rel}","templated":true}]}}