{"id":3173,"date":"2015-11-30T15:33:43","date_gmt":"2015-11-30T18:33:43","guid":{"rendered":"http:\/\/www.ctainternacionales.org\/?p=3173"},"modified":"2015-11-30T15:34:38","modified_gmt":"2015-11-30T18:34:38","slug":"los-sindicatos-paraguayos-exigiran-la-destitucion-del-ministro-de-trabajo-guillermo-sosa-y-el-respeto-a-la-libertad-sindical-en-una-huelga-general-convocada-para-diciembre-que-coincidira-con-la-cum","status":"publish","type":"post","link":"https:\/\/ctainternacionales.org\/?p=3173","title":{"rendered":"Los sindicatos paraguayos exigir\u00e1n la destituci\u00f3n del ministro de Trabajo, Guillermo Sosa, y el respeto a la libertad sindical en una huelga general convocada para diciembre, que coincidir\u00e1 con la cumbre de jefes de Estado del Mercosur en Asunci\u00f3n."},"content":{"rendered":"<p style=\"text-align: justify;\">La huelga, que est\u00e1 prevista tenga una duraci\u00f3n de cuatro d\u00edas, entre el 18 y el 21 de diciembre, ser\u00e1 la segunda convocada por los sindicatos paraguayos durante el Gobierno que preside Horacio Cartes, que asumi\u00f3 en agosto de 2013.<!--more--><\/p>\n<p style=\"text-align: justify;\">\n<p style=\"text-align: justify;\">\u00abExigimos el respeto de los derechos y el cese de la criminalizaci\u00f3n de las organizaciones sindicales, as\u00ed como del despido por causas sindicales, y la reincorporaci\u00f3n a sus empresas de quienes fueron despedidos por esas razones\u00bb, dijo Julio L\u00f3pez, presidente de la central Confederaci\u00f3n de la Clase Trabajadora (CCT).<\/p>\n<p style=\"text-align: justify;\">Otra de las reivindicaciones es la aceptaci\u00f3n por parte del Ministerio de Trabajo de las peticiones de varias organizaciones para registrarse como sindicatos, que seg\u00fan L\u00f3pez ascienden a unas 300, las cuales se encuentran \u00abvaradas\u00bb y sin cursar tr\u00e1mite.<\/p>\n<p style=\"text-align: justify;\">Adem\u00e1s de esos puntos, la plenaria de sindicatos, que re\u00fane a siete centrales sindicales, exigir\u00e1 durante los cuatro d\u00edas de huelga un ajuste salarial del 25 % para los trabajadores del sector p\u00fablico y privado.<\/p>\n<p style=\"text-align: justify;\">\u00abTambi\u00e9n plantearemos el control del precio de la canasta familiar por parte del Estado, la reducci\u00f3n de la tarifa del transporte p\u00fablico, jubilaciones dignas y apoyo a sectores como el educativo, y su petici\u00f3n de mayor presupuesto\u00bb, explic\u00f3 L\u00f3pez.<\/p>\n<p style=\"text-align: justify;\">El sindicalista agreg\u00f3 que los convocantes de la huelga est\u00e1n abiertos a dialogar con el Gobierno, aunque precis\u00f3 que exigen la interlocuci\u00f3n directa de Cartes, debido a que conversaciones anteriores resultaron un fracaso.<\/p>\n<p style=\"text-align: justify;\">L\u00f3pez se refiri\u00f3 a la huelga de marzo de 2014, que los sindicatos consideraron \u00abhist\u00f3rica\u00bb debido a la gran participaci\u00f3n y a la que el Gobierno respondi\u00f3 llamando a sus dirigentes a unas mesas de di\u00e1logo que estuvieron presididas por el vicepresidente del pa\u00eds, Juan Afara.<\/p>\n<p style=\"text-align: justify;\">\u00abLa huelga fue un triunfo pol\u00edtico, pero en el plano de la negociaci\u00f3n constatamos que no hubo voluntad de di\u00e1logo del Gobierno. Fue una farsa\u00bb, indic\u00f3.<\/p>\n<p style=\"text-align: justify;\">L\u00f3pez a\u00f1adi\u00f3 que los sindicatos se reunir\u00e1n el 25 de noviembre para ultimar detalles de la huelga y confirmar el n\u00famero de d\u00edas de duraci\u00f3n.<\/p>\n<p style=\"text-align: justify;\">Las fechas coinciden con la reuni\u00f3n de jefes de Estado de Mercorsur, que se celebrar\u00e1 el 21 de diciembre en la capital de Paraguay, pa\u00eds que ese mes dejar\u00e1 de presidir el bloque tras una presidencia temporal de seis meses.<\/p>\n<p style=\"text-align: justify;\"><strong>Fuente:\u00a0<a class=\"spip_url spip_out\" href=\"http:\/\/www.clate.org\/\" rel=\"nofollow external\">www.clate.org<\/a><\/strong><\/p>\n","protected":false},"excerpt":{"rendered":"La huelga, que est\u00e1 prevista tenga una duraci\u00f3n de cuatro d\u00edas, entre el 18 y el 21 de diciembre, ser\u00e1 la segunda convocada \n<a class=\"moretag\" href=\"https:\/\/ctainternacionales.org\/?p=3173\"> [...]<\/a>","protected":false},"author":1,"featured_media":0,"comment_status":"closed","ping_status":"closed","sticky":false,"template":"","format":"standard","meta":{"ngg_post_thumbnail":0,"footnotes":""},"categories":[],"tags":[],"class_list":["post-3173","post","type-post","status-publish","format-standard","hentry"],"_links":{"self":[{"href":"https:\/\/ctainternacionales.org\/index.php?rest_route=\/wp\/v2\/posts\/3173","targetHints":{"allow":["GET"]}}],"collection":[{"href":"https:\/\/ctainternacionales.org\/index.php?rest_route=\/wp\/v2\/posts"}],"about":[{"href":"https:\/\/ctainternacionales.org\/index.php?rest_route=\/wp\/v2\/types\/post"}],"author":[{"embeddable":true,"href":"https:\/\/ctainternacionales.org\/index.php?rest_route=\/wp\/v2\/users\/1"}],"replies":[{"embeddable":true,"href":"https:\/\/ctainternacionales.org\/index.php?rest_route=%2Fwp%2Fv2%2Fcomments&post=3173"}],"version-history":[{"count":2,"href":"https:\/\/ctainternacionales.org\/index.php?rest_route=\/wp\/v2\/posts\/3173\/revisions"}],"predecessor-version":[{"id":3176,"href":"https:\/\/ctainternacionales.org\/index.php?rest_route=\/wp\/v2\/posts\/3173\/revisions\/3176"}],"wp:attachment":[{"href":"https:\/\/ctainternacionales.org\/index.php?rest_route=%2Fwp%2Fv2%2Fmedia&parent=3173"}],"wp:term":[{"taxonomy":"category","embeddable":true,"href":"https:\/\/ctainternacionales.org\/index.php?rest_route=%2Fwp%2Fv2%2Fcategories&post=3173"},{"taxonomy":"post_tag","embeddable":true,"href":"https:\/\/ctainternacionales.org\/index.php?rest_route=%2Fwp%2Fv2%2Ftags&post=3173"}],"curies":[{"name":"wp","href":"https:\/\/api.w.org\/{rel}","templated":true}]}}