{"id":3165,"date":"2015-11-30T15:26:29","date_gmt":"2015-11-30T18:26:29","guid":{"rendered":"http:\/\/www.ctainternacionales.org\/?p=3165"},"modified":"2015-11-30T15:27:33","modified_gmt":"2015-11-30T18:27:33","slug":"cambiemos-el-sistema-no-el-clima-la-cta-convoca-a-la-jornada-mundial-por-el-cambio-climatico","status":"publish","type":"post","link":"https:\/\/ctainternacionales.org\/?p=3165","title":{"rendered":"Cambiemos el SISTEMA, NO el CLIMA\u00bb La CTA convoca a la Jornada Mundial por el Cambio Clim\u00e1tico"},"content":{"rendered":"<p><span style=\"color: #336699;\">Con la Cumbre del clima (COP 21) en Par\u00eds como tel\u00f3n de fondo, este 29 de noviembre, la Multisectorial antiextractivista en defensa de los bienes comunes, de la que participa la CTA Aut\u00f3noma junto a movimientos sociales y expresiones de la sociedad civil, convoca a una jornada de movilizaci\u00f3n, expresi\u00f3n y participaci\u00f3n en contra del cambio clim\u00e1tico y en defensa de los bienes comunes bajo la consigna \u00abCambiemos el SISTEMA, NO el CLIMA\u00bb.<\/span><\/p>\n<p><a href=\"http:\/\/www.ctainternacionales.org\/wp-content\/uploads\/2015\/11\/flyer_29.jpg\"><img loading=\"lazy\" decoding=\"async\" class=\"aligncenter size-thumbnail wp-image-3166\" src=\"http:\/\/www.ctainternacionales.org\/wp-content\/uploads\/2015\/11\/flyer_29-307x220.jpg\" alt=\"flyer_29\" width=\"307\" height=\"220\" \/><\/a><!--more--><\/p>\n<p>La actividad se enmarca en la jornada mundial de movilizaciones para el pr\u00f3ximo 29 de noviembre de cara a la Cumbre del Clima en Par\u00eds.<\/p>\n<p>La COP 21 que comenzar\u00e1 el 30 de noviembre tiene como objetivo la elaboraci\u00f3n de un acuerdo vinculante que permita limitar las emisiones de carbono y estabilizar el aumento de temperatura en en menos de 2\u00ba. Sin embargo, las expectativas sobre este acuerdo son muy escasas y eso por varios motivos. Desde las organizaciones sociales venimos denunciando la din\u00e1mica de las pasadas cumbres donde se privilegian los intereses de la finanzas por encima de los intereses del pueblo. Denunciamos la mercantilizaci\u00f3n y la financiariazaci\u00f3n de la naturaleza, y la cooptaci\u00f3n por las grandes transnacionales del proceso de discusi\u00f3n de la Convenci\u00f3n. Denunciamos que no se aborden las principales causas del cambio clim\u00e1tico, y que se deje fuera de discusi\u00f3n el actual modelo capitalista de producci\u00f3n y consumo extractivista y depredador de los bienes naturales. Denunciamos que las soluciones que se ofrecen resultan ser s\u00f3lo mecanismos que otorgan al sector privado y a los pa\u00edses desarrollados mayores oportunidades para la realizaci\u00f3n de negocios, a costa de la vida y la salud de los pueblos.<\/p>\n<p>Por eso llamamos a profundizar las resistencias locales y regionales contra la implementaci\u00f3n de las falsas y peligrosas soluciones al cambio clim\u00e1tico, y convocamos a todos y todas, este 29 de noviembre, a las 13hs al lado del Planetario, en Palermo, donde realizaremos una jornada para informarnos, para discutir, para pensar estrategias de lucha y para exigirle a los gobiernos del mundo entero que se comprometan en abordar las verdaderas causas del cambio clim\u00e1tico y en ofrecer soluciones reales, porque nuestro futuro no se negocia.<\/p>\n<p>&nbsp;<\/p>\n","protected":false},"excerpt":{"rendered":"Con la Cumbre del clima (COP 21) en Par\u00eds como tel\u00f3n de fondo, este 29 de noviembre, la Multisectorial antiextractivista en defensa de \n<a class=\"moretag\" href=\"https:\/\/ctainternacionales.org\/?p=3165\"> [...]<\/a>","protected":false},"author":1,"featured_media":0,"comment_status":"closed","ping_status":"closed","sticky":false,"template":"","format":"standard","meta":{"ngg_post_thumbnail":0,"footnotes":""},"categories":[],"tags":[],"class_list":["post-3165","post","type-post","status-publish","format-standard","hentry"],"_links":{"self":[{"href":"https:\/\/ctainternacionales.org\/index.php?rest_route=\/wp\/v2\/posts\/3165","targetHints":{"allow":["GET"]}}],"collection":[{"href":"https:\/\/ctainternacionales.org\/index.php?rest_route=\/wp\/v2\/posts"}],"about":[{"href":"https:\/\/ctainternacionales.org\/index.php?rest_route=\/wp\/v2\/types\/post"}],"author":[{"embeddable":true,"href":"https:\/\/ctainternacionales.org\/index.php?rest_route=\/wp\/v2\/users\/1"}],"replies":[{"embeddable":true,"href":"https:\/\/ctainternacionales.org\/index.php?rest_route=%2Fwp%2Fv2%2Fcomments&post=3165"}],"version-history":[{"count":2,"href":"https:\/\/ctainternacionales.org\/index.php?rest_route=\/wp\/v2\/posts\/3165\/revisions"}],"predecessor-version":[{"id":3168,"href":"https:\/\/ctainternacionales.org\/index.php?rest_route=\/wp\/v2\/posts\/3165\/revisions\/3168"}],"wp:attachment":[{"href":"https:\/\/ctainternacionales.org\/index.php?rest_route=%2Fwp%2Fv2%2Fmedia&parent=3165"}],"wp:term":[{"taxonomy":"category","embeddable":true,"href":"https:\/\/ctainternacionales.org\/index.php?rest_route=%2Fwp%2Fv2%2Fcategories&post=3165"},{"taxonomy":"post_tag","embeddable":true,"href":"https:\/\/ctainternacionales.org\/index.php?rest_route=%2Fwp%2Fv2%2Ftags&post=3165"}],"curies":[{"name":"wp","href":"https:\/\/api.w.org\/{rel}","templated":true}]}}