{"id":3160,"date":"2015-11-03T18:42:20","date_gmt":"2015-11-03T21:42:20","guid":{"rendered":"http:\/\/www.ctainternacionales.org\/?p=3160"},"modified":"2015-11-03T18:42:20","modified_gmt":"2015-11-03T21:42:20","slug":"el-gobierno-de-cartes-de-paraguay-es-una-dictadura-de-nuevo-cuno","status":"publish","type":"post","link":"https:\/\/ctainternacionales.org\/?p=3160","title":{"rendered":"\u00abEl gobierno de Cartes de Paraguay es una dictadura de nuevo cu\u00f1o"},"content":{"rendered":"<p style=\"text-align: justify;\">Bernardo Rojas, Presidente de la Central Unitaria de Trabajadores Autentica (CUT-A) visit\u00f3 la CTA y se reuni\u00f3 con el secretario de Relaciones Internacionales, Adolfo Aguirre, para seguir avanzando en la consolidaci\u00f3n del movimiento sindical en la regi\u00f3n. En esa oportunidad ACTA dialog\u00f3 con el dirigente sobre diferentes problem\u00e1ticas que ata\u00f1en al pa\u00eds vecino<!--more--><\/p>\n<p style=\"text-align: justify;\"><a href=\"http:\/\/www.ctainternacionales.org\/wp-content\/uploads\/2015\/11\/CSWjHUIWwAAyFRe-1.jpg\"><img loading=\"lazy\" decoding=\"async\" class=\"aligncenter size-full wp-image-3161\" src=\"http:\/\/www.ctainternacionales.org\/wp-content\/uploads\/2015\/11\/CSWjHUIWwAAyFRe-1.jpg\" alt=\"CSWjHUIWwAAyFRe-1\" width=\"300\" height=\"300\" \/><\/a>-\u00bfCu\u00e1l es la situaci\u00f3n actual del movimiento sindical en Paraguay?<\/p>\n<p style=\"text-align: justify;\">&#8211; Estamos en un momento convulsionado porque el movimiento sindical est\u00e1 sufriendo una represi\u00f3n y persecuci\u00f3n por parte del gobierno violando sistem\u00e1ticamente la libertad sindical. El gobierno tiene como objetivo terminar con los sindicatos. Algunas de estas pr\u00e1cticas son por ejemplo: los registros de inscripci\u00f3n sindical que son retenidos, demorados y cajoneados por el Ministerio de Trabajo, los despidos continuos e injustificados de los trabajadores, o la falta de contratos colectivos. Esto deriv\u00f3 en una situaci\u00f3n muy delicada como la crucifixi\u00f3n de trabajadores choferes de micros. En una acci\u00f3n desesperada por no encontrar soluciones a sus reclamos, hay 15 compa\u00f1eros que llevan m\u00e1s 100 d\u00edas en esa situaci\u00f3n; es un momento muy delicado. El \u00fanico m\u00e9rito que tiene Horacio Cartes (Presidente de Paraguay) es habernos unidos a todos en su contra; y desde ya hace un a\u00f1o conformamos la Plenaria de Centrales sindicales donde participan las 7 centrales del Paraguay; y eso fue un salto cualitativo y de madurez. Pero tambi\u00e9n frente a esta embestida del gobierno nos dimos cuenta que solos \u00e9ramos presa f\u00e1cil pero juntos para ellos es m\u00e1s dif\u00edcil; y hoy la plenaria est\u00e1 m\u00e1s consolidada, se recuper\u00f3 la confianza y existe un fuerte compromiso en la defensa en forma conjunta de los trabajadores.<\/p>\n<p style=\"text-align: justify;\">Tambi\u00e9n nos dimos cuenta que no alcanza s\u00f3lo con el combate diario y en la calle permanentemente, sino que el movimiento sindical tiene que discutir y proponer pol\u00edticas de Estado y esto fortalece al movimiento. Nosotros tenemos como objetivo consolidar la plenaria sindical y la unidad de acci\u00f3n porque sabemos que los pr\u00f3ximos a\u00f1os ser\u00e1n mucho m\u00e1s duros.<\/p>\n<p style=\"text-align: justify;\">Actualmente el movimientos de estudiante FENAES se integr\u00f3 y forma parte de la CUT-A y de la plenaria; y estamos articulando con los estudiantes universitarios, el sector cooperativista, comisiones barriales y mantenemos conversaciones con el sector campesino que se encuentra en un momento de mucha fragilidad. Lo que pretendemos es construir es una gran alianza popular para enfrentar a un gobierno de ultraderecha reaccionaria; una dictadura de nuevo cu\u00f1o. La conflictividad social es cada vez m\u00e1s creciente y se percibe una ebullici\u00f3n que puede desencadenar en una crisis. La sociedad en su conjunto no soporta ni tolera m\u00e1s de lo que est\u00e1 sucediendo y muchos de esos colectivos son incontrolables. Ahora tambi\u00e9n hasta el sector empresarial esta descontento con el actual gobierno; y acusan una contracci\u00f3n del 50% en la producci\u00f3n porque la poblaci\u00f3n no consume y el gobierno mientras tanto anuncia datos estad\u00edsticos macro- econ\u00f3micos como favorables que s\u00f3lo benefician a la multinacionales que saquean los recursos y bienes del Paraguay. Hay una deuda hist\u00f3rica del Estado con la sociedad en Paraguay que con este gobierno va creciendo d\u00eda a d\u00eda; un ejemplo de la manipulaci\u00f3n de los datos y de verdades falsas, este a\u00f1o en el censo de estad\u00edsticas del Estado anunci\u00f3 una ca\u00edda del 1.5% de la pobreza pero no que creci\u00f3 el 2,5 % la extrema pobreza.<\/p>\n<p style=\"text-align: justify;\">-\u00bfCu\u00e1les fueron los efectos de la Ley de Alianza P\u00fablico-Privada?<\/p>\n<p style=\"text-align: justify;\">&#8211; La Ley de Alianza Publico-Privada da facultades al Poder Ejecutivo de firmar contratos con privados en forma unilateral sin que sean aprobados por las dos c\u00e1maras, con un claro signo de una pol\u00edtica de privatizaci\u00f3n. Cartes defini\u00f3 la ley: \u201ccomo la llave del desarrollo\u201d.<\/p>\n<p style=\"text-align: justify;\">Hasta la fecha el gobierno hizo varios intentos de privatizar bienes esenciales del Estado pero frente a la resistencia de los trabajadores no los pudo llevar acabo; el \u00fanico lugar donde pudo aplicar la ley fue en la construcci\u00f3n de rutas con empresas multinacionales, pero en el \u00e1mbito de servicios del Estado no pudieron avanzar por la resistencia; un ejemplo fue el intento de privatizar sectores del aeropuerto donde se hizo una huelga por tiempo indeterminado y esto hizo retroceder las intenciones del gobierno como las del sector inversor.<\/p>\n<p style=\"text-align: justify;\">-\u00bfEn el plano electoral, cu\u00e1l es la situaci\u00f3n actualmente?<\/p>\n<p style=\"text-align: justify;\">&#8211; Ahora tenemos las elecciones de las intendencias y en Asunci\u00f3n, que es la m\u00e1s importante, existe la posibilidad que Mario Ferreiro -ex-candidato a la presidencia por la concertaci\u00f3n Avanza Pa\u00eds en el 2013- pueda ganar y esto puede ser un golpe muy duro para el partido Colorado. Y si bien para las presidenciables estamos a m\u00e1s de dos a\u00f1os, las sociedades en su conjunto siguen alumbrando la figura de Lugo que tiene aceptaci\u00f3n y popularidad en la sociedad. Y m\u00e1s todav\u00eda cuando se da cuenta que durante su gesti\u00f3n las pol\u00edticas de salud, educaci\u00f3n, asistencia a la tercera edad, hab\u00edan elevado un piso de derechos que hoy con este gobierno no existen m\u00e1s. Pero en Paraguay no hay un liderazgo visible, ni de la derecha ni de la izquierda que tiene grandes dificultades por contradicciones propias que hacen eco en resto de las organizaciones populares y las atomizan.<\/p>\n<p style=\"text-align: justify;\">-\u00bfC\u00f3mo se presenta la resistencia del movimiento estudiantil secundario y universitario en Paraguay?<\/p>\n<p style=\"text-align: justify;\">&#8211; La resistencia de los estudiantes, tanto de los secundarios como universitarios, es una lucha c\u00edclica pero en esta oportunidad observamos que hay una profunda madurez en los planteos y en su forma organizativa y con decisi\u00f3n de confrontar; llegaron a tomar el Ministerio de Educaci\u00f3n cuando les fue negada la mesa de di\u00e1logo y forzaron a la ministra a que los atienda. Est\u00e1n liderando e imponiendo una agenda al gobierno. A esta lucha se sumaron los estudiantes universitarios que destaparon una olla de corrupci\u00f3n de los fondos de la educaci\u00f3n que terminaban en el bolsillo de funcionarios y que terminaron presos a partir de estas denuncias.<\/p>\n<p style=\"text-align: justify;\">En FENAES hay chicos de13, 14 a\u00f1os, los m\u00e1s grandes tienen 18, su preparaci\u00f3n y forma de organizarse son sorprendentes y sus demandas son muy importantes para la educaci\u00f3n: piden merienda para los estudiantes; un boleto estudiantil permanente, una mayor inversi\u00f3n del PBI en educaci\u00f3n, los Kit escolares, la educaci\u00f3n Publica gratuita y de calidad son demandas que tienen la aceptaci\u00f3n de toda la sociedad, por esa raz\u00f3n son acompa\u00f1ados no s\u00f3lo por sus padres sino por los propios docentes y la sociedad en su conjunto. Hay mucha esperanza en estos j\u00f3venes sanos con demandas claras que no est\u00e1n contaminadas por la corrupci\u00f3n o por intereses que no sean el bien com\u00fan.<\/p>\n<p style=\"text-align: justify;\">Una ejemplo claro de esto fue que cuando los estudiantes de la Universidad Nacional realizaron la Toma; la gente llevaba alimentos, v\u00edveres, agua, colchones carpas a tal punto que tuvieron que hacer una enorme despensa par almacenar todo lo que espont\u00e1neamente la poblaci\u00f3n tra\u00eda. Fue tanta la comida que una vez terminada la toma que duro 30 d\u00edas los alumnos volvieron a repartir en los barrios la ayuda. El gobierno sinti\u00f3 el golpe porque esta medida no solo afecto a la Universidad sino que tuvo alcance Nacional y cuando se hacia una movilizaci\u00f3n en Asunci\u00f3n se hacia simult\u00e1neamente en Encarnaci\u00f3n; Ciudad del Este, Concepci\u00f3n; en el Chaco en cada rinc\u00f3n del pa\u00eds los estudiantes se movilizaron; y esto es in\u00e9dito.<\/p>\n<p style=\"text-align: justify;\">-\u00bfC\u00f3mo gravita la solidaridad Internacional?<\/p>\n<p style=\"text-align: justify;\">&#8211; En este momento la solidaridad internacional es muy importante para el proceso que esta padeciendo el Paraguay cuando coordinamos acciones con la Coordinadora de centrales Sindicales del Cono Sur y con la CSA nosotros sentimos y vemos que en primer lugar al gobierno lo pone muy incomodo y a nosotros nos da fortaleza y respaldo de otro car\u00e1cter para enfrentar al gobierno. A ellos no les es gratuito el internacionalismo y la solidaridad del mundo del trabajo. Para nosotros fue fundamental en gran medida esta recuperaci\u00f3n del movimiento sindical de Paraguay gracias a la solidaridad y a la cooperaci\u00f3n internacional. Ademas el acompa\u00f1amiento que sentimos por parte del movimiento sindical de Argentina que no nos pierde pisada como tambi\u00e9n el de Brasil que est\u00e1 siempre presente en forma incondicional y desinteresada es lo que hace que podamos enfrentar juntos y m\u00e1s fortalecido estos avatares como los que atraviesa hoy el pueblo paraguayo.<\/p>\n","protected":false},"excerpt":{"rendered":"Bernardo Rojas, Presidente de la Central Unitaria de Trabajadores Autentica (CUT-A) visit\u00f3 la CTA y se reuni\u00f3 con el secretario de Relaciones Internacionales, \n<a class=\"moretag\" href=\"https:\/\/ctainternacionales.org\/?p=3160\"> [...]<\/a>","protected":false},"author":1,"featured_media":0,"comment_status":"closed","ping_status":"closed","sticky":false,"template":"","format":"standard","meta":{"ngg_post_thumbnail":0,"footnotes":""},"categories":[],"tags":[],"class_list":["post-3160","post","type-post","status-publish","format-standard","hentry"],"_links":{"self":[{"href":"https:\/\/ctainternacionales.org\/index.php?rest_route=\/wp\/v2\/posts\/3160","targetHints":{"allow":["GET"]}}],"collection":[{"href":"https:\/\/ctainternacionales.org\/index.php?rest_route=\/wp\/v2\/posts"}],"about":[{"href":"https:\/\/ctainternacionales.org\/index.php?rest_route=\/wp\/v2\/types\/post"}],"author":[{"embeddable":true,"href":"https:\/\/ctainternacionales.org\/index.php?rest_route=\/wp\/v2\/users\/1"}],"replies":[{"embeddable":true,"href":"https:\/\/ctainternacionales.org\/index.php?rest_route=%2Fwp%2Fv2%2Fcomments&post=3160"}],"version-history":[{"count":1,"href":"https:\/\/ctainternacionales.org\/index.php?rest_route=\/wp\/v2\/posts\/3160\/revisions"}],"predecessor-version":[{"id":3162,"href":"https:\/\/ctainternacionales.org\/index.php?rest_route=\/wp\/v2\/posts\/3160\/revisions\/3162"}],"wp:attachment":[{"href":"https:\/\/ctainternacionales.org\/index.php?rest_route=%2Fwp%2Fv2%2Fmedia&parent=3160"}],"wp:term":[{"taxonomy":"category","embeddable":true,"href":"https:\/\/ctainternacionales.org\/index.php?rest_route=%2Fwp%2Fv2%2Fcategories&post=3160"},{"taxonomy":"post_tag","embeddable":true,"href":"https:\/\/ctainternacionales.org\/index.php?rest_route=%2Fwp%2Fv2%2Ftags&post=3160"}],"curies":[{"name":"wp","href":"https:\/\/api.w.org\/{rel}","templated":true}]}}