{"id":3156,"date":"2015-11-03T18:34:17","date_gmt":"2015-11-03T21:34:17","guid":{"rendered":"http:\/\/www.ctainternacionales.org\/?p=3156"},"modified":"2015-11-03T19:00:29","modified_gmt":"2015-11-03T22:00:29","slug":"huelga-de-choferes-y-taxistas-contra-cartes","status":"publish","type":"post","link":"https:\/\/ctainternacionales.org\/?p=3156","title":{"rendered":"Huelga de choferes y taxistas contra Cartes"},"content":{"rendered":"<p style=\"text-align: justify;\">Una huelga de choferes, taxistas y camioneros \u00a0en solidaridad con los choferes despedidos de la L\u00ednea 49 y contra el pago de ida y vuelta del peaje.<!--more--><\/p>\n<p style=\"text-align: justify;\"><a href=\"http:\/\/www.ctainternacionales.org\/wp-content\/uploads\/2015\/11\/12191623_1125595934134964_4292668626459847370_n-300x225.jpg\"><img loading=\"lazy\" decoding=\"async\" class=\"aligncenter size-full wp-image-3157\" src=\"http:\/\/www.ctainternacionales.org\/wp-content\/uploads\/2015\/11\/12191623_1125595934134964_4292668626459847370_n-300x225.jpg\" alt=\"12191623_1125595934134964_4292668626459847370_n-300x225\" width=\"300\" height=\"225\" \/><\/a>La medida de fuerza es tambi\u00e9n porque el gobierno de Horacio Cartes busca liquidar las organizaciones sindicales, seg\u00fan los dirigentes.<\/p>\n<p style=\"text-align: justify;\">La huelga de choferes que se iniciar\u00e1 hoy y continuar\u00eda ma\u00f1ana fue impulsada por los trabajadores despedidos de La Limpe\u00f1a, L\u00ednea 49, propiedad del diputado liberal Celso Maldonado y la Federaci\u00f3n de Trabajadores del Transporte, cuyo l\u00edder es Juan Villalba.<\/p>\n<p style=\"text-align: justify;\">Un grupo de choferes de federaciones y gremios del sector decidieron la huelga en solidaridad con los choferes despedidos de la L\u00ednea 49. La asamblea se hizo el 7 de octubre y desde esa fecha los sindicalistas intentaron negociar con el diputado liberal y con el Gobierno a trav\u00e9s del ministro Guillermo Sosa.<\/p>\n<p style=\"text-align: justify;\">Bernardo Rojas, presidente de la Central Unitaria de Trabajadores, dijo ayer que plantearon al ministro Sosa suspender la huelga a cambio de que firme la resoluci\u00f3n de reconocimiento del sindicato de la L\u00ednea 49, que se form\u00f3 el 22 de junio.<\/p>\n<p style=\"text-align: justify;\">Los gremios plantearon que la negociaci\u00f3n sobre el despido de 37 choferes se realice luego de la formalizaci\u00f3n del gremio de la L\u00ednea 49. No hubo respuesta favorable por parte del ministro Sosa. Los sindicalistas dicen que as\u00ed se confirma que el gobierno de Cartes traba el trabajo de organizaciones sindicales. Unos 20 choferes siguen crucificados frente al Ministerio del Trabajo, Herrera y Paraguar\u00ed, porque dicen que fueron despedidos por formar el sindicato.<\/p>\n<p style=\"text-align: justify;\">Los taxistas de varias ciudades tambi\u00e9n se sumar\u00e1n a la huelga en protesta por la demora de la implementaci\u00f3n del programa de cr\u00e9ditos blandos para comprar veh\u00edculos nuevos. Los camioneros se adhieren porque no est\u00e1n de acuerdo con el proyecto del MOPC de cobrar peaje de ida y vuelta en las rutas del pa\u00eds (desde marzo de 2016).<\/p>\n<p style=\"text-align: justify;\">Los sindicalistas aseguran que choferes de unas 40 l\u00edneas no trabajar\u00e1n hoy, pero no entregaron la lista de adherentes porque los trabajadores temen represalias y presiones por parte de sus patrones<\/p>\n<p style=\"text-align: justify;\">Fuente CUT-A Paraguay.<\/p>\n<p style=\"text-align: justify;\">\n","protected":false},"excerpt":{"rendered":"Una huelga de choferes, taxistas y camioneros \u00a0en solidaridad con los choferes despedidos de la L\u00ednea 49 y contra el pago de ida \n<a class=\"moretag\" href=\"https:\/\/ctainternacionales.org\/?p=3156\"> [...]<\/a>","protected":false},"author":1,"featured_media":0,"comment_status":"closed","ping_status":"closed","sticky":false,"template":"","format":"standard","meta":{"ngg_post_thumbnail":0,"footnotes":""},"categories":[],"tags":[],"class_list":["post-3156","post","type-post","status-publish","format-standard","hentry"],"_links":{"self":[{"href":"https:\/\/ctainternacionales.org\/index.php?rest_route=\/wp\/v2\/posts\/3156","targetHints":{"allow":["GET"]}}],"collection":[{"href":"https:\/\/ctainternacionales.org\/index.php?rest_route=\/wp\/v2\/posts"}],"about":[{"href":"https:\/\/ctainternacionales.org\/index.php?rest_route=\/wp\/v2\/types\/post"}],"author":[{"embeddable":true,"href":"https:\/\/ctainternacionales.org\/index.php?rest_route=\/wp\/v2\/users\/1"}],"replies":[{"embeddable":true,"href":"https:\/\/ctainternacionales.org\/index.php?rest_route=%2Fwp%2Fv2%2Fcomments&post=3156"}],"version-history":[{"count":3,"href":"https:\/\/ctainternacionales.org\/index.php?rest_route=\/wp\/v2\/posts\/3156\/revisions"}],"predecessor-version":[{"id":3163,"href":"https:\/\/ctainternacionales.org\/index.php?rest_route=\/wp\/v2\/posts\/3156\/revisions\/3163"}],"wp:attachment":[{"href":"https:\/\/ctainternacionales.org\/index.php?rest_route=%2Fwp%2Fv2%2Fmedia&parent=3156"}],"wp:term":[{"taxonomy":"category","embeddable":true,"href":"https:\/\/ctainternacionales.org\/index.php?rest_route=%2Fwp%2Fv2%2Fcategories&post=3156"},{"taxonomy":"post_tag","embeddable":true,"href":"https:\/\/ctainternacionales.org\/index.php?rest_route=%2Fwp%2Fv2%2Ftags&post=3156"}],"curies":[{"name":"wp","href":"https:\/\/api.w.org\/{rel}","templated":true}]}}