{"id":3132,"date":"2015-10-16T02:13:24","date_gmt":"2015-10-16T05:13:24","guid":{"rendered":"http:\/\/www.ctainternacionales.org\/?p=3132"},"modified":"2015-10-16T02:18:05","modified_gmt":"2015-10-16T05:18:05","slug":"la-cta-participo-en-el-12o-congreso-internacional-de-la-cut","status":"publish","type":"post","link":"https:\/\/ctainternacionales.org\/?p=3132","title":{"rendered":"La CTA particip\u00f3 en el 12\u00ba Congreso Internacional de la CUT"},"content":{"rendered":"<p style=\"text-align: justify;\"><span style=\"color: #336699;\">La CTA Aut\u00f3noma se hizo presente en el 12\u00ba Congreso Internacional de la CUT Brasil a trav\u00e9s de la participaci\u00f3n del secretario General, Pablo Micheli y el secretario de Relaciones Internacionales, Adolfo \u00abFito\u00bb Aguirre. Ambos ponderaron el encuentro haciendo hincapi\u00e9 en la necesidad de unidad del movimiento de los trabajadores para concretar la justicia social y una verdadera democracia en Am\u00e9rica Latina.<\/span><!--more--><\/p>\n<div class=\"crayon article-texte-17499 textoa\" style=\"text-align: justify;\">\n<p><a href=\"http:\/\/www.ctainternacionales.org\/wp-content\/uploads\/2015\/10\/fito_y_pablo-ee32d.jpg\"><img loading=\"lazy\" decoding=\"async\" class=\"aligncenter size-thumbnail wp-image-3133\" src=\"http:\/\/www.ctainternacionales.org\/wp-content\/uploads\/2015\/10\/fito_y_pablo-ee32d-307x230.jpg\" alt=\"fito_y_pablo-ee32d\" width=\"307\" height=\"230\" \/><\/a>La nueva edici\u00f3n del Congreso Internacional de la CUT Brasil, bajo el lema \u00abEducaci\u00f3n-Trabajo-Democracia\u00bb fue precedida por un Seminario internacional con la presencia de 200 delegados de 60 pa\u00edses.<\/p>\n<p>El Seminario internacional del d\u00eda 13 de octubre tuvo como eje la Concentraci\u00f3n de la riqueza y el ataque a los derechos y a las democracias. La actividad hizo foco en la cr\u00edtica al modelo de la producci\u00f3n en cadena protagonizado por las transnacionales que precarizan y flexibilizan los derechos laborales favoreciendo una exagerada concentraci\u00f3n de la riqueza en un peque\u00f1o n\u00famero de manos, considerando necesaria la adopci\u00f3n urgente de medidas para contener la codicia de las corporaciones transnacionales, fortalecer las democracias y garantizar una distribuci\u00f3n efectiva de la riqueza global.<\/p>\n<p>Durante un plenario colmado de participantes de todas las latitudes que representan m\u00e1s de 100 centrales de todo el mundo, la actividad se abri\u00f3 con la emocionante participaci\u00f3n del representante de la central sindical tunecina UGTT, Kacem Afia, que recientemente recibi\u00f3 el Premio Nobel de la Paz por su lucha para la transici\u00f3n democr\u00e1tica luego de la denominada Primavera \u00c1rabe en 2011. \u00abLas barreras geogr\u00e1ficas y ling\u00fc\u00edsticas no pueden ser un obst\u00e1culo para una lucha global de los trabajadores. Aprovecho la oportunidad para saludar a la CUT que nunca dej\u00f3 de luchar y creer en sus principios \u00ab, dijo el l\u00edder sindical tunecino.<\/p>\n<p>Otras tem\u00e1ticas abordadas durante el Seminario fueron las muertes de palestinos tras los ataques criminales de Israel, el ataque terrorista en Turqu\u00eda que mat\u00f3 a 97 personas e hiri\u00f3 a 250, adem\u00e1s de los intentos golpistas de la derecha en Brasil, con representantes en la C\u00e1mara de Diputados. En este marco, se registraron las intervenciones del ex presidente Lula Da Silva, la actual mandataria Dilma Rousseff y la participaci\u00f3n del ex presidente uruguayo Jose Mujica durante un acto en defensa de la democracia y los derechos. A su vez, estuvieron presentes el Presidente de la Confederaci\u00f3n Sindical Internacional (CSI), Jo\u00e3o Fel\u00edcio, la Secretaria General de la CSI, Sharan Burrow y el Presidente de la Confederaci\u00f3n Sindical de las Am\u00e9ricas (CSA), V\u00edctor B\u00e1ez.<\/p>\n<p>El presidente de la CSA Victor Baez manifest\u00f3, \u00abEstoy aqu\u00ed para decir que, dando prioridad a la lucha sindical, la CUT tiene el respeto de todo el sindicalismo mundial. En este tiempo, Brasil se enfrenta a una situaci\u00f3n complicada, est\u00e1n tratando de derrocar a un gobierno que sac\u00f3 a 40 millones de personas de la pobreza. No los vamos a dejar, no habr\u00e1 un golpe\u00bb.<\/p>\n<p>En su intervenci\u00f3n en el panel, Lula Da Silva afirm\u00f3 que algunos est\u00e1n \u00abinc\u00f3modos con las ganancias que los trabajadores tienen en los \u00faltimos a\u00f1os, nuestros adversarios buscan revertir esta situaci\u00f3n. Hay muchas cosas en que los sindicatos y el movimiento social tuvieron \u00e9xito en este pa\u00eds, y la \u00e9lite no est\u00e1 satisfecha\u00bb.<\/p>\n<p>Para Lula, el papel asignado a las personas que siempre han sido tratados como \u00abparias\u00bb, gente pobre que se reduce a la mera \u00abestad\u00edstica\u00bb, es un factor clave para impulsar el prejuicio. \u00abAbrimos espacios para la participaci\u00f3n en la preparaci\u00f3n y adopci\u00f3n de las pol\u00edticas p\u00fablicas. Hubo 74 conferencias nacionales para discutir pol\u00edticas publicas. Los enfermos de lepra, negros e indios fueron los que ayudaron a discutir las pol\u00edticas que el gobierno puso en pr\u00e1ctica. Demostramos que es posible crecer distribuyendo los ingresos al mismo tiempo, y que es posible fortalecer el mercado interno y ampliar los salarios sin causar inflaci\u00f3n\u00bb, afirm\u00f3 Lula.<\/p>\n<h3 class=\"spip\" style=\"font-weight: bold; color: #003366;\">Lazos de solidaridad internacional<\/h3>\n<p>Tanto Pablo Micheli como \u00abFito\u00bb Aguirre, secretario General y de Relaciones Internacionales de la CTA Aut\u00f3noma, respectivamente, estuvieron tambi\u00e9n presentes durante la segunda jornada, donde tuvo lugar la apertura del Congreso de la central hermana, con varias mesas tem\u00e1ticas en torno a la coyuntura internacional y nacional, estrategias de defensa de la democracia, propuestas para hacer frente a la cr\u00edsis econ\u00f3mica y politica sectoriales, as\u00ed como propuestas relativas a la defensa del empleo, la inclusi\u00f3n social y la educaci\u00f3n en el marco de la democratizaci\u00f3n del Estado a partir de una mayor participaci\u00f3n popular en la construcci\u00f3n de pol\u00edticas p\u00fablicas.<\/p>\n<p>Desde la CTA Aut\u00f3noma se destac\u00f3 un evento de este car\u00e1cter que fortalece los lazos de solidaridad internacional del movimiento trabajador, as\u00ed como la importancia de reflexionar y discutir en torno a los desaf\u00edos que se ciernen en la actualidad sobre el objetivo de concretar la justicia social y una democracia verdadera.<\/p>\n<\/div>\n<div style=\"font-style: italic; text-align: justify;\">* Equipo de Comunicaci\u00f3n de la Secretar\u00eda de Relaciones Internacionales de la CTA<a href=\"http:\/\/www.ctainternacionales.org\/wp-content\/uploads\/2015\/10\/cut-c3aa2.jpg\"><img loading=\"lazy\" decoding=\"async\" class=\"aligncenter size-thumbnail wp-image-3134\" src=\"http:\/\/www.ctainternacionales.org\/wp-content\/uploads\/2015\/10\/cut-c3aa2-307x230.jpg\" alt=\"cut-c3aa2\" width=\"307\" height=\"230\" \/><\/a><\/div>\n","protected":false},"excerpt":{"rendered":"La CTA Aut\u00f3noma se hizo presente en el 12\u00ba Congreso Internacional de la CUT Brasil a trav\u00e9s de la participaci\u00f3n del secretario General, \n<a class=\"moretag\" href=\"https:\/\/ctainternacionales.org\/?p=3132\"> [...]<\/a>","protected":false},"author":1,"featured_media":0,"comment_status":"closed","ping_status":"closed","sticky":false,"template":"","format":"standard","meta":{"ngg_post_thumbnail":0,"footnotes":""},"categories":[],"tags":[],"class_list":["post-3132","post","type-post","status-publish","format-standard","hentry"],"_links":{"self":[{"href":"https:\/\/ctainternacionales.org\/index.php?rest_route=\/wp\/v2\/posts\/3132","targetHints":{"allow":["GET"]}}],"collection":[{"href":"https:\/\/ctainternacionales.org\/index.php?rest_route=\/wp\/v2\/posts"}],"about":[{"href":"https:\/\/ctainternacionales.org\/index.php?rest_route=\/wp\/v2\/types\/post"}],"author":[{"embeddable":true,"href":"https:\/\/ctainternacionales.org\/index.php?rest_route=\/wp\/v2\/users\/1"}],"replies":[{"embeddable":true,"href":"https:\/\/ctainternacionales.org\/index.php?rest_route=%2Fwp%2Fv2%2Fcomments&post=3132"}],"version-history":[{"count":2,"href":"https:\/\/ctainternacionales.org\/index.php?rest_route=\/wp\/v2\/posts\/3132\/revisions"}],"predecessor-version":[{"id":3137,"href":"https:\/\/ctainternacionales.org\/index.php?rest_route=\/wp\/v2\/posts\/3132\/revisions\/3137"}],"wp:attachment":[{"href":"https:\/\/ctainternacionales.org\/index.php?rest_route=%2Fwp%2Fv2%2Fmedia&parent=3132"}],"wp:term":[{"taxonomy":"category","embeddable":true,"href":"https:\/\/ctainternacionales.org\/index.php?rest_route=%2Fwp%2Fv2%2Fcategories&post=3132"},{"taxonomy":"post_tag","embeddable":true,"href":"https:\/\/ctainternacionales.org\/index.php?rest_route=%2Fwp%2Fv2%2Ftags&post=3132"}],"curies":[{"name":"wp","href":"https:\/\/api.w.org\/{rel}","templated":true}]}}