{"id":3129,"date":"2015-10-14T17:59:08","date_gmt":"2015-10-14T20:59:08","guid":{"rendered":"http:\/\/www.ctainternacionales.org\/?p=3129"},"modified":"2015-10-14T18:09:06","modified_gmt":"2015-10-14T21:09:06","slug":"participacion-de-la-secretaria-de-relaciones-internacionales-en-la-xv-reunion-del-consejo-general-de-la-csi","status":"publish","type":"post","link":"https:\/\/ctainternacionales.org\/?p=3129","title":{"rendered":"Participaci\u00f3n de la Secretar\u00eda de Relaciones Internacionales en la XV Reuni\u00f3n del Consejo General de la CSI"},"content":{"rendered":"<p style=\"text-align: justify;\">Del 10 al 12 de Octubre se llev\u00f3 a cabo la reuni\u00f3n del Consejo General de la CSI con la participaci\u00f3n de nuestro secretario de Relaciones Internacionales, Adolfo Fito Aguirre.<!--more--><\/p>\n<p style=\"text-align: justify;\"><a href=\"http:\/\/www.ctainternacionales.org\/wp-content\/uploads\/2015\/10\/fito-7.jpg\"><img loading=\"lazy\" decoding=\"async\" class=\"aligncenter size-thumbnail wp-image-3130\" src=\"http:\/\/www.ctainternacionales.org\/wp-content\/uploads\/2015\/10\/fito-7-307x172.jpg\" alt=\"fito-7\" width=\"307\" height=\"172\" \/><\/a><\/p>\n<p style=\"text-align: justify;\">El Consejo General fue precedido por la reuni\u00f3n anual del Comit\u00e9 de DDHH y Sindicales, que tuvo lugar el d\u00eda 9 de Octubre. La apertura del Comit\u00e9 de Derechos Humanos y Sindicales estuvo a cargo de Sharan Burrow, Secretaria General de CSI, quien expuso el panorama global en materia de respeto de los derechos humanos sindicales y de la misi\u00f3n del sindicalismo mundial en el contexto actual.<\/p>\n<p style=\"text-align: justify;\">En la reuni\u00f3n se inform\u00f3 sobre los diferentes avances y obst\u00e1culos de los pa\u00edses en riesgo donde trabaja el comit\u00e9, donde se decidi\u00f3 incorporar a tres nuevos pa\u00edses considerados en riesgo visto la situaci\u00f3n actual, estos son Egipto, M\u00e9xico y Hait\u00ed, donde la idea es trabajar fuertemente a partir del 2016 para que se respeten los Derechos Humanos y sindicales. Respecto de Hait\u00ed se definieron tres puntos principales, en base a la situaci\u00f3n que se est\u00e1 viviendo en ese pa\u00eds: aportar para la construcci\u00f3n de legislaci\u00f3n laboral, que se garantice un piso de protecci\u00f3n social y la organizaci\u00f3n sindical.<\/p>\n<p style=\"text-align: justify;\">Jeff Vogt, Director del Departamento Jur\u00eddico de CSI, present\u00f3 el Informe CSI sobre violaciones de los derechos sindicales, enfocando la lista de pa\u00edses con peores situaciones, donde menos respetan los derechos sindicales as\u00ed como los principales datos regionales.<\/p>\n<p style=\"text-align: justify;\">En relaci\u00f3n a la regi\u00f3n de las Am\u00e9ricas se resalt\u00f3 la grave situaci\u00f3n de violencia anti-sindical e impunidad en Colombia y Guatemala. Asimismo se discuti\u00f3 acerca de algunas regiones y pa\u00edses con influencia a nivel global (China, Europa), acerca del nuevo capitalismo y la ofensiva de car\u00e1cter general contra los derechos sociales y sindicales, en particular el derecho de huelga. Se discuti\u00f3 acerca de las conclusiones y seguimiento de la Comisi\u00f3n de Aplicaci\u00f3n de Normas (CAN) de la 104 Conferencia Internacional del Trabajo.<\/p>\n<p style=\"text-align: justify;\">Se resalt\u00f3 la importancia de dar seguimiento a las conclusiones de los casos individuales, a mejorar la capacidad de los sindicatos para preparar mejor su participaci\u00f3n en el sistema de control, a tener una estrategia articulada sobre la defensa del derecho de huelga, exigiendo pronunciamientos fuertes de los gobiernos.<\/p>\n<p style=\"text-align: justify;\">Por su parte, la reuni\u00f3n del Consejo General de la CSI se desarroll\u00f3 en base a una amplia agenda con diversos temas que ata\u00f1en al sindicalismo y se determinaron las prioridades de trabajo del sindicalismo internacional para el a\u00f1o 2016, entre las cuales se destacan la lucha contra el cambio clim\u00e1tico, el control del poder empresarial, y la erradicaci\u00f3n del trabajo esclavo.<\/p>\n<p style=\"text-align: justify;\">Tambi\u00e9n se debati\u00f3 acerca de las prioridades sindicales en relaci\u00f3n a los Objetivos de Desarrollo Sostenible, y a la agenda Post 2015, y se presentaron informes de diversas tem\u00e1ticas como g\u00e9nero. Por \u00faltimo se realizaron presentaciones detallando la situaci\u00f3n pol\u00edtica y sindical de cada una de las regiones.<\/p>\n<p style=\"text-align: justify;\">Desde el Consejo adem\u00e1s se expres\u00f3 el total repudio al atentado perpetrado en Turqu\u00eda, condenando el brutal ataque a la manifestaci\u00f3n pac\u00edfica de miles de personas llevada adelante en Ankara, Turqu\u00eda, el \u00faltimo s\u00e1bado 10 de Octubre y expresaron su total solidaridad y p\u00e9same a las familias de las 128 personas muertas en el ataque, como as\u00ed tambi\u00e9n su apoyo a todos los militantes que participaron de la manifestaci\u00f3n. A su vez Fito Aguirre tuvo un encuentro para saludar y felicitar personalmente a Houcine Abbasi de UGTT de Tunez, afiliado a la CSI, y flamante premio Nobel de la Paz.<\/p>\n<p style=\"text-align: justify;\">Adem\u00e1s, en la reuni\u00f3n del Consejo estuvo como invitado el ex presidente uruguayo Jos\u00e9 Mujica quien manifest\u00f3: \u00abNunca hemos visto tanta acumulaci\u00f3n de riqueza e injusticia, una globalizaci\u00f3n manipulada por intereses poderosos que necesitan ser enfrentados con la unidad de los trabajadores. Si el capital financiero no tiene patria, ni bandera, ni se sienta en la ONU, necesitamos personas con patria para defender la vida, defender el mundo de la libertad y la esperanza. La \u00fanica lucha que se pierde es la que se abandona. No podemos vivir sin esperanza \u00ab.<\/p>\n<p style=\"text-align: justify;\">La declaraci\u00f3n de Pepe Mujica, se llevo los aplausos de los 200 delegados al Consejo General de la Confederaci\u00f3n Sindical Internacional (CSI), que termin\u00f3 el lunes en San Pablo en representaci\u00f3n de los 180 millones de trabajadores en 161 pa\u00edses, la CSI celebr\u00f3 su primera reuni\u00f3n en Am\u00e9rica Latina.<\/p>\n<p style=\"text-align: justify;\">Mujica se\u00f1al\u00f3 que a menudo el capital habla de \u00abcompetitividad\u00bb, \u00absin tomar lo mucho que cuesta trabajar en un lugar u otro\u00bb, \u00absin abrir la contabilidad real, que sigue siendo un secreto de Estado\u00bb. Despu\u00e9s de todo, el objetivo es simplemente ampliar la explotaci\u00f3n del trabajo en tal o cual pa\u00eds. \u00abSin dejar de ser aqu\u00ed o all\u00ed, los trabajadores tienen que darse cuenta que pertenecen a una clase con la responsabilidad de cambiar eso\u00bb, agreg\u00f3.<\/p>\n<p style=\"text-align: justify;\">El ex mandatario uruguayo inst\u00f3 a los presentes a actuar como \u00abl\u00edderes sociales\u00bb, entre su gente, ya que esto no es s\u00f3lo una \u00ablucha en defensa de los trabajadores, sino de toda la humanidad. Tiene que ver con nuestro destino\u00bb. \u00abEstamos en un bote com\u00fan. No puede haber pobres en \u00c1frica, o en Am\u00e9rica, tenemos que pensar en un absoluto. Y no s\u00f3lo esto, sino en las generaciones futuras \u00ab, dijo.<\/p>\n<p style=\"text-align: justify;\">Agradeciendo las palabras del mandatario uruguayo, el presidente de la Confederaci\u00f3n Sindical Internacional (CSI), Joao Felicio, reiter\u00f3 que hacen eco en contra de \u00abuna distribuci\u00f3n de la renta pornogr\u00e1fica\u00bb. Recordando las contribuciones de Mujica a la soberan\u00eda del pueblo uruguayo y latinoamericano, Joao Felicio afirm\u00f3 que debe servir de referencia para aquellos que luchan por la construcci\u00f3n de la democracia. \u00abNo podemos entender la democracia sin el sindicalismo libre y representativo sin derecho a la negociaci\u00f3n colectiva, sin reconocimiento por la labor\u00bb, dijo.<\/p>\n<p style=\"text-align: justify;\">Para el secretario General de la Confederaci\u00f3n Sindical de las Am\u00e9ricas (CSA), V\u00edctor B\u00e1ez, Mujica ha dado y sigue dando una valiosa contribuci\u00f3n a toda nuestra gente por haber hecho frente a 12 a\u00f1os de prisi\u00f3n y salir a luchar para distribuir el capital que que los poderosos tratan de acumular basado en la explotaci\u00f3n y la injusticia.<\/p>\n<p style=\"text-align: justify;\">* Equipo de Comunicaci\u00f3n de la Secretar\u00eda de Relaciones Internacionales de la CTA<\/p>\n","protected":false},"excerpt":{"rendered":"Del 10 al 12 de Octubre se llev\u00f3 a cabo la reuni\u00f3n del Consejo General de la CSI con la participaci\u00f3n de nuestro \n<a class=\"moretag\" href=\"https:\/\/ctainternacionales.org\/?p=3129\"> [...]<\/a>","protected":false},"author":1,"featured_media":0,"comment_status":"closed","ping_status":"closed","sticky":false,"template":"","format":"standard","meta":{"ngg_post_thumbnail":0,"footnotes":""},"categories":[],"tags":[],"class_list":["post-3129","post","type-post","status-publish","format-standard","hentry"],"_links":{"self":[{"href":"https:\/\/ctainternacionales.org\/index.php?rest_route=\/wp\/v2\/posts\/3129","targetHints":{"allow":["GET"]}}],"collection":[{"href":"https:\/\/ctainternacionales.org\/index.php?rest_route=\/wp\/v2\/posts"}],"about":[{"href":"https:\/\/ctainternacionales.org\/index.php?rest_route=\/wp\/v2\/types\/post"}],"author":[{"embeddable":true,"href":"https:\/\/ctainternacionales.org\/index.php?rest_route=\/wp\/v2\/users\/1"}],"replies":[{"embeddable":true,"href":"https:\/\/ctainternacionales.org\/index.php?rest_route=%2Fwp%2Fv2%2Fcomments&post=3129"}],"version-history":[{"count":1,"href":"https:\/\/ctainternacionales.org\/index.php?rest_route=\/wp\/v2\/posts\/3129\/revisions"}],"predecessor-version":[{"id":3131,"href":"https:\/\/ctainternacionales.org\/index.php?rest_route=\/wp\/v2\/posts\/3129\/revisions\/3131"}],"wp:attachment":[{"href":"https:\/\/ctainternacionales.org\/index.php?rest_route=%2Fwp%2Fv2%2Fmedia&parent=3129"}],"wp:term":[{"taxonomy":"category","embeddable":true,"href":"https:\/\/ctainternacionales.org\/index.php?rest_route=%2Fwp%2Fv2%2Fcategories&post=3129"},{"taxonomy":"post_tag","embeddable":true,"href":"https:\/\/ctainternacionales.org\/index.php?rest_route=%2Fwp%2Fv2%2Ftags&post=3129"}],"curies":[{"name":"wp","href":"https:\/\/api.w.org\/{rel}","templated":true}]}}