{"id":3120,"date":"2015-10-07T12:10:24","date_gmt":"2015-10-07T15:10:24","guid":{"rendered":"http:\/\/www.ctainternacionales.org\/?p=3120"},"modified":"2015-10-07T12:10:30","modified_gmt":"2015-10-07T15:10:30","slug":"jornada-mundial-por-el-trabajo-decente-y-digno-hay-que-controlar-el-poder-de-las-empresas","status":"publish","type":"post","link":"https:\/\/ctainternacionales.org\/?p=3120","title":{"rendered":"Jornada mundial por el trabajo decente y digno Hay que controlar el poder de las empresas"},"content":{"rendered":"<p style=\"text-align: justify;\"><a href=\"http:\/\/www.ctainternacionales.org\/wp-content\/uploads\/2015\/10\/flyer-jornada-trab-dec-2015-nota.gif\"><img loading=\"lazy\" decoding=\"async\" class=\"aligncenter size-full wp-image-3121\" src=\"http:\/\/www.ctainternacionales.org\/wp-content\/uploads\/2015\/10\/flyer-jornada-trab-dec-2015-nota.gif\" alt=\"flyer-jornada-trab-dec-2015-nota\" width=\"297\" height=\"307\" \/><\/a>Desde la CTA Aut\u00f3noma nos sumamos este 7 de octubre a una nueva Jornada Mundial por el Trabajo Decente y Digno. Como representantes del movimiento sindical, la lucha por el trabajo decente para todos los trabajadores y trabajadoras no es algo de un d\u00eda, sino una lucha cotidiana, intr\u00ednseca al movimiento trabajador y a nuestra Central. Es la pelea que damos d\u00eda a d\u00eda en cada lugar de trabajo, en la calle, frente a los patrones y frente a los gobiernos.<!--more--><\/p>\n<p style=\"text-align: justify;\">No est\u00e1 de m\u00e1s sin embargo, recordar qu\u00e9 significa el trabajo decente y digno, y cu\u00e1les son hoy algunas de los principales amenazas para que podamos contar con el mismo. Decimos que el trabajo decente s\u00f3lo es posible si se cuenta con salarios dignos, con libertad sindical, con seguridad social, con condiciones dignas de trabajo. Sin embargo, el declive de estos derechos laborales fundamentales guardan una correlaci\u00f3n directa con el aumento del poder\u00edo empresarial.<\/p>\n<p style=\"text-align: justify;\">Hoy, ya no es novedad el peso que las grandes empresas transnacionales tienen en nuestras econom\u00edas. M\u00e1s del 60% del comercio global depende de contratos en cadenas de suministro, donde se conecta la producci\u00f3n, el transporte y la log\u00edstica, entre otros suministros. Las grandes empresas transnacionales no solamente aprovechan las cadenas de suministro para diluir sus responsabilidades y precarizar a sus trabajadores, someti\u00e9ndolos a contratos precarios, a la pobreza y a la informalidad, sino que tambi\u00e9n suelen ser actores relevantes a la hora de la toma de decisi\u00f3n pol\u00edtica.<\/p>\n<p style=\"text-align: justify;\">En Argentina, vemos adem\u00e1s como varias de estas empresas a la vez que explotan y saquean nuestros bienes naturales, son premiadas y beneficiadas por decisiones pol\u00edticas que refuerzan su poder\u00edo e impunidad. \u201cEs necesario y urgente que impidamos que las empresas le sigan dictando la pol\u00edtica a los gobiernos. La amenaza que enfrentamos es global, es por ella que la respuesta del movimiento sindical tambi\u00e9n debe serlo\u201d declar\u00f3 Fito Aguirre, Secretario de Relaciones Internacionales de la CTA-A.<\/p>\n<p style=\"text-align: justify;\">La Confederaci\u00f3n Sindical de las Am\u00e9ricas, de la cual la CTAA forma parte, ha elaborado una herramienta pol\u00edtica que es la Plataforma de Desarrollo de las Am\u00e9ricas (PLADA) donde se busca poner en el centro del desarrollo a los pueblos y a sus trabajadores, donde se entienda al desarrollo en sus cuatro dimensiones: pol\u00edtica, econ\u00f3mica, social y ambiental. Donde fundamentalmente, se garantice que sean los pueblos y no las corporaciones y firmas transnacionales quienes fijen el rumbo social y pol\u00edtico en el continente.<\/p>\n<p style=\"text-align: justify;\">Bajo esta idea, desde la CTA A vamos a estar lanzando la campa\u00f1a \u201cAlto a la Codicia corporativa\u201d impulsada por la Confederaci\u00f3n Sindical Internacional (CSI) y realizando una actividad para debatir y delinear los pasos a seguir para generar una estrategia que logre controlar el poder de las empresas en la Argentina.<\/p>\n","protected":false},"excerpt":{"rendered":"Desde la CTA Aut\u00f3noma nos sumamos este 7 de octubre a una nueva Jornada Mundial por el Trabajo Decente y Digno. Como representantes \n<a class=\"moretag\" href=\"https:\/\/ctainternacionales.org\/?p=3120\"> [...]<\/a>","protected":false},"author":1,"featured_media":0,"comment_status":"closed","ping_status":"closed","sticky":false,"template":"","format":"standard","meta":{"ngg_post_thumbnail":0,"footnotes":""},"categories":[],"tags":[],"class_list":["post-3120","post","type-post","status-publish","format-standard","hentry"],"_links":{"self":[{"href":"https:\/\/ctainternacionales.org\/index.php?rest_route=\/wp\/v2\/posts\/3120","targetHints":{"allow":["GET"]}}],"collection":[{"href":"https:\/\/ctainternacionales.org\/index.php?rest_route=\/wp\/v2\/posts"}],"about":[{"href":"https:\/\/ctainternacionales.org\/index.php?rest_route=\/wp\/v2\/types\/post"}],"author":[{"embeddable":true,"href":"https:\/\/ctainternacionales.org\/index.php?rest_route=\/wp\/v2\/users\/1"}],"replies":[{"embeddable":true,"href":"https:\/\/ctainternacionales.org\/index.php?rest_route=%2Fwp%2Fv2%2Fcomments&post=3120"}],"version-history":[{"count":1,"href":"https:\/\/ctainternacionales.org\/index.php?rest_route=\/wp\/v2\/posts\/3120\/revisions"}],"predecessor-version":[{"id":3122,"href":"https:\/\/ctainternacionales.org\/index.php?rest_route=\/wp\/v2\/posts\/3120\/revisions\/3122"}],"wp:attachment":[{"href":"https:\/\/ctainternacionales.org\/index.php?rest_route=%2Fwp%2Fv2%2Fmedia&parent=3120"}],"wp:term":[{"taxonomy":"category","embeddable":true,"href":"https:\/\/ctainternacionales.org\/index.php?rest_route=%2Fwp%2Fv2%2Fcategories&post=3120"},{"taxonomy":"post_tag","embeddable":true,"href":"https:\/\/ctainternacionales.org\/index.php?rest_route=%2Fwp%2Fv2%2Ftags&post=3120"}],"curies":[{"name":"wp","href":"https:\/\/api.w.org\/{rel}","templated":true}]}}