{"id":3117,"date":"2015-10-07T11:50:47","date_gmt":"2015-10-07T14:50:47","guid":{"rendered":"http:\/\/www.ctainternacionales.org\/?p=3117"},"modified":"2015-10-07T12:56:01","modified_gmt":"2015-10-07T15:56:01","slug":"presion-internacional-al-gobierno-de-paraguay-por-las-violaciones-a-derechos-humanos-y-a-la-libertad-sindical","status":"publish","type":"post","link":"https:\/\/ctainternacionales.org\/?p=3117","title":{"rendered":"Presi\u00f3n internacional al Gobierno de Paraguay por las violaciones a derechos humanos y a la libertad sindical"},"content":{"rendered":"<p style=\"text-align: justify;\"><a href=\"http:\/\/www.ctainternacionales.org\/wp-content\/uploads\/2015\/10\/fito-6-1.jpg\"><img loading=\"lazy\" decoding=\"async\" class=\"aligncenter size-thumbnail wp-image-3118\" src=\"http:\/\/www.ctainternacionales.org\/wp-content\/uploads\/2015\/10\/fito-6-1-307x230.jpg\" alt=\"fito-6-1\" width=\"307\" height=\"230\" \/><\/a>Como continuaci\u00f3n de las acciones que se vienen realizando desde la Coordinadora de Centrales Sindicales del Cono Sur (CCSCS) en relaci\u00f3n a la violaci\u00f3n de derechos humanos fundamentales en el Paraguay, el pasado lunes, fue entregada por parte del sindicalismo argentino, una nota al Ministerio de Trabajo, Empleo y Seguridad Social de la Rep\u00fablica Argentina para repudiar el comportamiento anti-sindical de su par paraguayo.<\/p>\n<p style=\"text-align: justify;\"><!--more--><\/p>\n<p style=\"text-align: justify;\">El movimiento sindical argentino, a trav\u00e9s de las tres centrales sindicales (CTA Aut\u00f3noma, CTA de los Trabajadores y CGT nucleadas en la CCSCS) expresaron su oposici\u00f3n y repudio ante la pol\u00edtica represiva y persecutoria del gobierno paraguayo respecto a la clase trabajadora. La presentaci\u00f3n de la nota a la cartera laboral fue realizada luego de la reuni\u00f3n de la secci\u00f3n nacional de Organismos Sociolaborales del MERCOSUR, de la cu\u00e1l participaron por parte de la CTA Aut\u00f3noma el Secretario Gremial, Daniel Jorajuria y Gonzalo Manzullo, asesor de la Secretar\u00eda de Relaciones Internacionales.<\/p>\n<p style=\"text-align: justify;\">Tal como se expres\u00f3 desde la Coordinadora de Centrales Sindicales del Cono Sur y anteriormente en el marco de la convocatoria internacional de acci\u00f3n en solidaridad con los trabajadores de la L\u00ednea 49 en Paraguay por parte de la CSI y CSA de la que particip\u00f3 la CTA Aut\u00f3noma, la situaci\u00f3n que se vive en Paraguay se revela contraria a la vigencia de los derechos reafirmados en el MERCOSUR como son la libertad sindical, el trabajo decente y el salario justo.<\/p>\n<p style=\"text-align: justify;\">En ese contexto, es paradigm\u00e1tica del estado de situaci\u00f3n la protesta de los trabajadores de la L\u00ednea 49 de transporte que, despedidos por formar un sindicato, llevan 90 d\u00edas crucificados en la puerta del Ministerio de Trabajo Paraguayo para exigir su reincorporaci\u00f3n ante la desidia gubernamental y empresarial. El socavamiento de los derechos humanos fundamentales se ve complementado a su vez por la violenta represi\u00f3n a las huelgas de los aeron\u00e1uticos durante el pasado junio del corriente a\u00f1o.<\/p>\n<p style=\"text-align: justify;\">En relaci\u00f3n a esto Adolfo \u201cFito\u201d Aguirre, Secretario de Relaciones Internacionales de la CTA- A, declar\u00f3 desde el Paraguay, \u201cEs necesario poner fin a esta feroz avanzada contra los trabajadores. La presi\u00f3n y la difusi\u00f3n internacional son claves para dejar en evidencia la pol\u00edtica antisindical del gobierno de Cartes\u201d.<\/p>\n<p style=\"text-align: justify;\">La nota presentada y firmada por los Secretarios de Relaciones Internacionales de la CTA Aut\u00f3noma, la CTA de los Trabajadores y la CGT, as\u00ed como por el Secretario General de la Coordinadora de Centrales Sindicales del Cono Sur, solicita la convocatoria urgente a una Reuni\u00f3n de Ministros de Trabajo para dar soluci\u00f3n espec\u00edfica y pronta a esta situaci\u00f3n que pone en riesgo la vida de los trabajadores y que constituye un hecho violatorio de la recientemente sancionada Declaraci\u00f3n Sociolaboral en sus art\u00edculos 2 (trabajo decente), 16 (libertad Sindical), 17 (Negociaci\u00f3n Colectiva), 18 (huelga), 19 (Promoci\u00f3n y desarrollo de procedimientos preventivos y de autocomposici\u00f3n de conflictos) y 20 Di\u00e1logo Social.<\/p>\n<p style=\"text-align: justify;\">La nota que ser\u00e1 presentada tambi\u00e9n al Ministerio de Trabajo del Paraguay, exige adem\u00e1s al titular paraguayo de dicha cartera gubernamental, que de respuesta inmediata al conflicto que viven los trabajadores de la Empresa La Limpe\u00f1a, que en su lucha est\u00e1n colocando en riesgo su vida y que se establezca un programa de di\u00e1logo social efectivo que promueva: el respeto y promoci\u00f3n de la libertad sindical, la negociaci\u00f3n colectiva y el ejercicio de derecho de huelga, una pol\u00edtica social y salarial justa, educaci\u00f3n y salud gratuitas y de calidad, empleos decentes y contra la tercerizaci\u00f3n y los contratos precarios, as\u00ed como tambi\u00e9n el aumento de la cobertura de la seguridad social y su reconocimiento como derecho humano.<\/p>\n<p style=\"text-align: justify;\">Asimismo, en el marco de las denuncias de persecuci\u00f3n al movimiento sindical y estudiantil, Adolfo \u201cFito\u201d Aguirre, Secretario de Relaciones Internacionales de la CTA Aut\u00f3noma y Coordinador del Foro por los Derechos de la Ni\u00f1ez, acompa\u00f1\u00f3 a los estudiantes del Paraguay, en la movilizaci\u00f3n que realizaron el martes 6 de octubre frente al Juzgado donde a partir de la presi\u00f3n y la solidaridad internacional se logr\u00f3 posponer por parte del Fiscal Emilio Fuster la audiencia para determinar la situaci\u00f3n procesal del compa\u00f1ero Stiben Patr\u00f3n, imputado por participar de una manifestaci\u00f3n docente el a\u00f1o pasado, en apoyo a la educaci\u00f3n p\u00fablica. All\u00ed se exigi\u00f3 al gobierno de Cartes el fin de la pol\u00edtica persecutoria, que se garantice la verdadera libertad de expresi\u00f3n y que se termine con estas pol\u00edticas y acciones que est\u00e1n estigmatizando la participaci\u00f3n popular.<\/p>\n<p style=\"text-align: justify;\">La representaci\u00f3n de la CTA Aut\u00f3noma fue recibida por la Comisi\u00f3n de DDHH de la C\u00e1mara de Senadores paraguaya y dialog\u00f3 en el Palacio de Justicia con el Senador Nacional paraguayo Luis Albergo Wagner. A su vez, Adolfo Aguirre junto con Bernardo Rojas, Secretario General de la CUT-A, remitieron la nota presentada a la cartera laboral argentina tambi\u00e9n al Ministerio de Trabajo, Empleo y Seguridad Social paraguayo.<\/p>\n","protected":false},"excerpt":{"rendered":"Como continuaci\u00f3n de las acciones que se vienen realizando desde la Coordinadora de Centrales Sindicales del Cono Sur (CCSCS) en relaci\u00f3n a la \n<a class=\"moretag\" href=\"https:\/\/ctainternacionales.org\/?p=3117\"> [...]<\/a>","protected":false},"author":1,"featured_media":0,"comment_status":"closed","ping_status":"closed","sticky":false,"template":"","format":"standard","meta":{"ngg_post_thumbnail":0,"footnotes":""},"categories":[],"tags":[],"class_list":["post-3117","post","type-post","status-publish","format-standard","hentry"],"_links":{"self":[{"href":"https:\/\/ctainternacionales.org\/index.php?rest_route=\/wp\/v2\/posts\/3117","targetHints":{"allow":["GET"]}}],"collection":[{"href":"https:\/\/ctainternacionales.org\/index.php?rest_route=\/wp\/v2\/posts"}],"about":[{"href":"https:\/\/ctainternacionales.org\/index.php?rest_route=\/wp\/v2\/types\/post"}],"author":[{"embeddable":true,"href":"https:\/\/ctainternacionales.org\/index.php?rest_route=\/wp\/v2\/users\/1"}],"replies":[{"embeddable":true,"href":"https:\/\/ctainternacionales.org\/index.php?rest_route=%2Fwp%2Fv2%2Fcomments&post=3117"}],"version-history":[{"count":1,"href":"https:\/\/ctainternacionales.org\/index.php?rest_route=\/wp\/v2\/posts\/3117\/revisions"}],"predecessor-version":[{"id":3119,"href":"https:\/\/ctainternacionales.org\/index.php?rest_route=\/wp\/v2\/posts\/3117\/revisions\/3119"}],"wp:attachment":[{"href":"https:\/\/ctainternacionales.org\/index.php?rest_route=%2Fwp%2Fv2%2Fmedia&parent=3117"}],"wp:term":[{"taxonomy":"category","embeddable":true,"href":"https:\/\/ctainternacionales.org\/index.php?rest_route=%2Fwp%2Fv2%2Fcategories&post=3117"},{"taxonomy":"post_tag","embeddable":true,"href":"https:\/\/ctainternacionales.org\/index.php?rest_route=%2Fwp%2Fv2%2Ftags&post=3117"}],"curies":[{"name":"wp","href":"https:\/\/api.w.org\/{rel}","templated":true}]}}