{"id":3104,"date":"2015-09-30T03:21:29","date_gmt":"2015-09-30T06:21:29","guid":{"rendered":"http:\/\/www.ctainternacionales.org\/?p=3104"},"modified":"2015-09-30T03:55:35","modified_gmt":"2015-09-30T06:55:35","slug":"3104","status":"publish","type":"post","link":"https:\/\/ctainternacionales.org\/?p=3104","title":{"rendered":"Paraguay FENAES Entrevista a Stiben Patr\u00f3n, Persecuci\u00f3n y judicializaci\u00f3n al movimiento estudiantil.\u00a0"},"content":{"rendered":"<p style=\"text-align: justify;\">Hoy Paraguay es el reflejo de \u201cLas tierras mal Habidas\u201d que se conoce como la noche mas larga del Stronismo donde generales, pol\u00edticos y empresarios saquearon 8 millones de hect\u00e1reas de tierras durante la dictadura. Paraguay es el espejo de la desigualdad, es un pa\u00eds donde la mitad de la poblaci\u00f3n es campesina y el 2,6 % de los propietarios concentra el 85,5% de las tierras mientras que el 91,4% de los campesinos disponen del 6% de la superficie agr\u00edcola, con un modelo que ha convertido a Paraguay en la nueva Meca sojera de la regi\u00f3n. A 10 d\u00edas de asumir Cartes la presidencia promulgo la modificaci\u00f3n de la ley 1337 que permite la intervenci\u00f3n de fuerzas militares en la seguridad interna por disposici\u00f3n del ejecutivo y que da lugar a la matanza y represi\u00f3n de campesinos sin tierra que son condenados a desplazarse hacia los conglomerados urbanos.<!--more--><\/p>\n<p style=\"text-align: justify;\">Adem\u00e1s se aprob\u00f3 la alianza-p\u00fablica privada (APP) que permite al ejecutivo concesionar al sector privado de manera unilateral todos los bienes y recursos p\u00fablicos por plazos de 40 a\u00f1os. Otra l\u00ednea maestra en las pol\u00edticas de este periodo son los tarifazos, con un aumento en el precio de los peajes que llega hasta un 300%, como la suba del pasaje del transporte urbano y el inminente aumento del gas y la electricidad. Por su parte los planes de ajustes con recortes en salud y educaci\u00f3n en el marco de la \u201cley de responsabilidad fiscal\u201d tambi\u00e9n dan cuenta de la realidad actual Paraguaya. Frente a una alta conflictividad social de todos los sectores, el gobierno puso en marcha la ley de perturbaci\u00f3n de la paz p\u00fablica como herramienta de disciplinamiento que permite la persecuci\u00f3n de dirigentes sindicales campesinos y estudiantes.<\/p>\n<p style=\"text-align: justify;\">\u00a0<a href=\"http:\/\/www.ctainternacionales.org\/wp-content\/uploads\/2015\/09\/12079432_10206105308766143_3733587267524587880_n.jpg\"><img loading=\"lazy\" decoding=\"async\" class=\"aligncenter size-thumbnail wp-image-3105\" src=\"http:\/\/www.ctainternacionales.org\/wp-content\/uploads\/2015\/09\/12079432_10206105308766143_3733587267524587880_n-307x230.jpg\" alt=\"12079432_10206105308766143_3733587267524587880_n\" width=\"307\" height=\"230\" \/><\/a><\/p>\n<p style=\"text-align: justify;\">Como los ping\u00fcinos en Chile y ante la necesidad de obtener un derecho b\u00e1sico y elemental como es la educaci\u00f3n, surge FENAES que es un Movimiento Social que est\u00e1 formado por estudiantes secundarios de varios departamentos. Este Movimiento lucha por una Educaci\u00f3n P\u00fablica, Gratuita, Laica y de Calidad para todos los j\u00f3venes del pa\u00eds. Tuvimos la posibilidad de conversar con uno de sus dirigentes, <strong>Stiben Patr\u00f3n<\/strong>, quien se encuentra imputado por supuesta perturbaci\u00f3n de la paz p\u00fablica, por el solo hecho de haber participado , el 26 de agosto del 2014, de una manifestaci\u00f3n en apoyo a m\u00e1s de 10,000 docentes que se movilizaban reclamando por los derechos b\u00e1sicos del sistema educativo. Al respecto nos dec\u00eda:<\/p>\n<p style=\"text-align: justify;\">&#8211; Nosotros empezamos hace 3 a\u00f1os a organizarnos con distintos estudiantes secundarios para reclamar mejores condiciones en la educaci\u00f3n y creamos una herramienta que se llama FENAES que tiene alcance nacional. ya sufrimos esta persecuci\u00f3n con un estudiante Chileno que se movilizo con nosotros y fue detenido durante mas de un mes y medio.<\/p>\n<p style=\"text-align: justify;\">El 26 de agosto del a\u00f1o pasado participamos con ocho estudiantes de una movilizaci\u00f3n de mas de 10 mil docentes, all\u00ed fuimos interceptados por un cord\u00f3n policial en la calle y comenz\u00f3 la represi\u00f3n donde le dispararon a los manifestantes y un compa\u00f1ero secundario y un profesor terminaron en emerg\u00edas de un centro de salud. Fue una represi\u00f3n salvaje y por sobre todo desmedida ya que solo se trataba de una movilizaci\u00f3n pacifica, y a partir de esa movilizaci\u00f3n se abre una segunda carpeta fiscal donde me imputan a por perturbaci\u00f3n de la paz publica y yo me entero de esta imputaci\u00f3n reci\u00e9n en el mes enero de este a\u00f1o ya que ni siquiera hab\u00eda sido detenido en esa ocasi\u00f3n, me imputan el 30 de agosto del 2014 y reci\u00e9n el 6 de enero del 2015 me comunican que yo debo compadecer al juzgado, no respetando ning\u00fan paso procesal. Adem\u00e1s la notificaci\u00f3n fue de forma telef\u00f3nica 48 horas antes de mi citaci\u00f3n y en verdad yo deber\u00eda ir a declarar para que juez determine si estoy imputado o no pero a partir de mi declaraci\u00f3n y sin embrago estoy imputado en forma directa sin haber declarado. Cuando yo consulto con mis abogados presentan una suspensi\u00f3n de la causa por improcedente etc\u2026, y se logra esta suspensi\u00f3n, pero me llega otra notificaci\u00f3n para presentarme el d\u00eda 6 de octubre par una audiencia preliminar donde el fiscal pide 5 a\u00f1os de prisi\u00f3n por perturbaci\u00f3n a la paz publica y resistencia a la autoridad y esto lo debe determinar un juez, pero la \u00fanica \u201cprueba\u201d que ellos tienen es la declaraci\u00f3n de una ex compa\u00f1era que se fue de nuestra organizaci\u00f3n por tener lineas a favor del gobierno y nosotros estamos en contra de este gobierno de sus negociados fraudulento y sus pol\u00edticas privatistas. Esta ex compa\u00f1era declara que nosotros en esa manifestaci\u00f3n ten\u00edamos una bomba que quer\u00edamos plantar en el palacio de gobierno, un absurdo, as\u00ed como que nosotros los estudiantes hab\u00edamos golpeado y roto la cabeza a uno de los polic\u00edas que est\u00e1n equipados con chalecos cascos y armazones de defensa. Sus acusaciones est\u00e1n basadas en un testigo falso y con mentiras, despu\u00e9s nos enteramos de la madre de la testigo cumple funciones en el Ministerio del Interior. Ademas de que el cargo \u201cperturbaci\u00f3n de la paz p\u00fablica\u201d cabe cuando se realizan destrozos o da\u00f1os y no hubo ning\u00fan destrozo ni da\u00f1o alguno.<\/p>\n<p style=\"text-align: justify;\">\u00bfQu\u00e9 acciones tienen previstas?<\/p>\n<p style=\"text-align: justify;\">&#8211; Desde nuestra organizaci\u00f3n el 18 de septiembre realizamos una movilizaci\u00f3n de colegios p\u00fablicos y privados y despu\u00e9s de mas de 25 a\u00f1os los estudiantes salimos a las calles con mas de 15 mil estudiantes, llenamos el centro de Asunci\u00f3n. Recibimos apoyo de mas de 5 mil docentes que se sumaron a la movilizaci\u00f3n y tambi\u00e9n fuimos acompa\u00f1ados por estudiantes universitarios. Esto llevo a que los estudiantes est\u00e9n resistiendo la toma del campo de la ciudad Universitaria y lograran la renuncia del rector del vice-rector y de varios decanos. Recibimos el apoyo ademas de la sociedad en su conjunto.<\/p>\n<p style=\"text-align: justify;\">Nosotros venimos de una reuni\u00f3n con el Ministerio de Educaci\u00f3n. Ellos en su discurso alegan que quieren construir el dialogo pero en el mientras tanto nos imputan e inventan causas a los estudiantes; ya que en mi situaci\u00f3n hay dos estudiantes mas. Para el 5 de Octubre un d\u00eda antes de mi audiencia,estamos preparando una gran movilizaci\u00f3n de estudiantes en la cual vamos a pedir el cese de la represi\u00f3n que fue lo que le pedimos hoy a la ministra y que firme un compromiso para parar estas causas.<\/p>\n<p style=\"text-align: justify;\"><img loading=\"lazy\" decoding=\"async\" class=\"aligncenter size-thumbnail wp-image-3036\" src=\"http:\/\/www.ctainternacionales.org\/wp-content\/uploads\/2015\/09\/estudiantes-colmaron-las-plazas-del-congreso-_858_573_1281306-307x205.jpg\" alt=\"estudiantes-colmaron-las-plazas-del-congreso-_858_573_1281306\" width=\"307\" height=\"205\" \/>Los otros dos compa\u00f1eros que est\u00e1n imputados tienen prohibido de participar en manifestaciones p\u00fablicas. El ministerio recorre todos los colegios que est\u00e1n agremiados a la federaci\u00f3n de estudiantes donde el responsable pedag\u00f3gico regional nos acusa ante las autoridades de los colegios de pertenecer a la guerrilla EPP de Paraguay. Es mas algunos compa\u00f1eros fuimos imputados por proyectar la pel\u00edcula \u201cLa noche de los l\u00e1pices\u201d porque consideran que es altamente subversiva; est\u00e1n son practicas dictatoriales y son nuestros padres lo que nos cuentan de que est\u00e1n mismas practicas se realizaban en pleno gobierno dictatorial aqu\u00ed en Paraguay. Despu\u00e9s de la marcha de colegios p\u00fablicos y privados el Ministerio pidio informes a todos los colegios de los nombres apellidos y numero de c\u00e9dula para saber quienes hab\u00edamos participado de la movilizaci\u00f3n, y no a uno o dos colegios sino a mas de 150 establecimientos educativos. Esto es un claro mensaje para los estudiantes que dice: \u201cNo te organices no te movilices porque te vamos a llevar preso\u201d.<\/p>\n<p style=\"text-align: justify;\">\u00bfPorque surge el Movimiento FENAES?<\/p>\n<p style=\"text-align: justify;\">&#8211; Nosotros comenzamos esta organizaci\u00f3n a partir de una necesidad, pedimos una educaci\u00f3n publica gratuita laica y de calidad y el 7 % del producto bruto interno para invertir en educaci\u00f3n ya que Paraguay invierte solo el 3,9% del PBI. Tambi\u00e9n almuerzo escolar para los estudiantes t\u00e9cnicos y los estudiantes del turno noche, comida para los estudiantes ya que consideramos que para poder aprender un estudiante debe estar en primer termino bien alimentado y que se vuelva a respetar el boleto estudiantil que lo hab\u00edamos ganado el a\u00f1o 1999, como as\u00ed tambi\u00e9n pedimos que lleguen los kits para los estudiantes ya que encontramos dep\u00f3sitos enteros con estos elementos cuando hay necesidades b\u00e1sicas insatisfechas en nuestra sociedad. Pedimos tambi\u00e9n libertad para podernos organizar y acabar con esta persecuci\u00f3n. Este a\u00f1o hubo 0% de presupuesto para capacitaci\u00f3n. Por esto que es tan elemental como la educaci\u00f3n estamos siendo perseguidos y reprimidos de todas las formas posibles por parte de este gobierno.<\/p>\n<p style=\"text-align: justify;\">\u00bfCual es la articulaci\u00f3n del FENAES con la clase trabajadora?<\/p>\n<p style=\"text-align: justify;\">&#8211; Nosotros tenemos en cuenta que la unidad obrero &#8211; estudiantil es fundamental por que ademas somos hijos de trabajadores y la lucha no puede ir por separado. Formamos parte de la plenaria de centrales sindicales aqu\u00ed en Paraguay y tambi\u00e9n somos parte y agremiados de la CUT A y creemos en la unidad porque alg\u00fan d\u00eda vamos a formar parte del mundo del trabajo y asi tambi\u00e9n hicimos contactos y estamos constantemente en contacto con la CTA de la mano de Fito Aguirre como as\u00ed tambi\u00e9n nosotros formamos parte de ultima huelga general con las otras centrales obreras, porque sin unidad no hay posibilidad de un cambio hacia otro sistema que sea inclusivo y defienda los derechos y salde la deuda hist\u00f3rica que tiene el Paraguay con la sociedad.<\/p>\n<p style=\"text-align: justify;\">Nicol\u00e1s Honigesz Secretaria de Relaciones Internacionales CTA-A<\/p>\n","protected":false},"excerpt":{"rendered":"Hoy Paraguay es el reflejo de \u201cLas tierras mal Habidas\u201d que se conoce como la noche mas larga del Stronismo donde generales, pol\u00edticos \n<a class=\"moretag\" href=\"https:\/\/ctainternacionales.org\/?p=3104\"> [...]<\/a>","protected":false},"author":1,"featured_media":0,"comment_status":"closed","ping_status":"closed","sticky":false,"template":"","format":"standard","meta":{"ngg_post_thumbnail":0,"footnotes":""},"categories":[],"tags":[],"class_list":["post-3104","post","type-post","status-publish","format-standard","hentry"],"_links":{"self":[{"href":"https:\/\/ctainternacionales.org\/index.php?rest_route=\/wp\/v2\/posts\/3104","targetHints":{"allow":["GET"]}}],"collection":[{"href":"https:\/\/ctainternacionales.org\/index.php?rest_route=\/wp\/v2\/posts"}],"about":[{"href":"https:\/\/ctainternacionales.org\/index.php?rest_route=\/wp\/v2\/types\/post"}],"author":[{"embeddable":true,"href":"https:\/\/ctainternacionales.org\/index.php?rest_route=\/wp\/v2\/users\/1"}],"replies":[{"embeddable":true,"href":"https:\/\/ctainternacionales.org\/index.php?rest_route=%2Fwp%2Fv2%2Fcomments&post=3104"}],"version-history":[{"count":10,"href":"https:\/\/ctainternacionales.org\/index.php?rest_route=\/wp\/v2\/posts\/3104\/revisions"}],"predecessor-version":[{"id":3115,"href":"https:\/\/ctainternacionales.org\/index.php?rest_route=\/wp\/v2\/posts\/3104\/revisions\/3115"}],"wp:attachment":[{"href":"https:\/\/ctainternacionales.org\/index.php?rest_route=%2Fwp%2Fv2%2Fmedia&parent=3104"}],"wp:term":[{"taxonomy":"category","embeddable":true,"href":"https:\/\/ctainternacionales.org\/index.php?rest_route=%2Fwp%2Fv2%2Fcategories&post=3104"},{"taxonomy":"post_tag","embeddable":true,"href":"https:\/\/ctainternacionales.org\/index.php?rest_route=%2Fwp%2Fv2%2Ftags&post=3104"}],"curies":[{"name":"wp","href":"https:\/\/api.w.org\/{rel}","templated":true}]}}