{"id":3084,"date":"2015-09-29T02:38:08","date_gmt":"2015-09-29T05:38:08","guid":{"rendered":"http:\/\/www.ctainternacionales.org\/?p=3084"},"modified":"2015-09-29T02:40:32","modified_gmt":"2015-09-29T05:40:32","slug":"declaraciones-aprobadas-en-la-ultima-plenaria-de-la-coordinadora-de-centrales-sindicales-del-cono-sur","status":"publish","type":"post","link":"https:\/\/ctainternacionales.org\/?p=3084","title":{"rendered":"Declaraciones aprobadas en la \u00faltima plenaria de la Coordinadora de Centrales Sindicales del Cono Sur"},"content":{"rendered":"<p>&nbsp;<\/p>\n<p class=\"p1\" style=\"text-align: justify;\"><span class=\"s1\">Luego de la reuni\u00f3n regional del Foro Consultivo Econ\u00f3mico-Social del Mercosur, a la que asisti\u00f3 Carlos Custer, asesor de la Secretar\u00eda de Relaciones Internacionales, se realiz\u00f3 en Paraguay,\u00a0<\/span><\/p>\n<p class=\"p1\" style=\"text-align: justify;\"><span class=\"s1\">los d\u00edas 23 y 24 de septiembre,\u00a0 la plenaria de la Coordinadora de Centrales Sindicales del Cono Sur (CCSCS), a la que asisti\u00f3 el Secretario de Relaciones Internacionales de la CTA-Aut\u00f3noma, Adolfo \u201cFito\u201d Aguirre. Producto de dicha plenaria, y ante la actual coyuntura pol\u00edtica, fueron aprobadas cuatro declaraciones que ponen de manifiesto el posicionamiento de la CCSCS, y que pueden descargarse aqu\u00ed.\u00a0\u00a0<\/span><\/p>\n<p class=\"p1\" style=\"text-align: justify;\"><span class=\"s1\">\u00a0<\/span><\/p>\n<p class=\"p1\" style=\"text-align: justify;\"><span class=\"s1\">Por iniciativa de la CTA- A fueron aprobadas por unanimidad dos de estas declaraciones. Por un lado, se aprob\u00f3 una declaraci\u00f3n para exigir el retiro de tropas de la MINUSTAH de Haiti y el fin de la ocupaci\u00f3n, en el marco del 11\u00ba aniversario de la ocupaci\u00f3n militar de las tropas de la ONU y del completo fracaso de dicha intervenci\u00f3n militar. <i>\u201cAnte la apertura del debate el pasado 16 de septiembre que culminar\u00e1 con la inminente reuni\u00f3n del Consejo de Seguridad de la ONU el 15 de octubre para votar por un nuevo despliegue o la finalizaci\u00f3n de la misi\u00f3n, las organizaciones nucleadas en la Coordinadora de Centrales Sindicales del Cono Sur resolvemos reclamar el retiro inmediato de las tropas de la MINUSTAH y el fin a toda ocupaci\u00f3n de Hait\u00ed\u201d, <\/i>se exigi\u00f3 desde la Coordinadora.\u00a0\u00a0<\/span><\/p>\n<p class=\"p1\" style=\"text-align: justify;\"><span class=\"s1\">\u00a0<\/span><\/p>\n<p class=\"p1\" style=\"text-align: justify;\"><span class=\"s1\">La segunda declaraci\u00f3n aprobada por iniciativa de la CTA- A, se da en el marco de las venideras negociaciones internacionales sobre cambio clim\u00e1tico, por lo que fue aprobada una declaraci\u00f3n de apoyo a los compromisos sindicales para luchar contra el cambio clim\u00e1tico que fueron asumidos por los dirigentes de las centrales sindicales argentinas en la actividad Sindicatos por el clima, realizada el pasado 20 de agosto en el hotel Bauen, de la cual la CTA-A particip\u00f3 activamente. \u201c<i>Conscientes de la necesidad de que se tomen medidas concretas, integrales y ambiciosas en la lucha contra el cambio clim\u00e1tico, en especial en momentos en que los gobiernos del mundo entero deben pronunciarse en este sentido, y convencidos del importante rol que el movimiento sindical puede y debe jugar en esta lucha, es que decidimos acompa\u00f1ar dichos compromisos sindicales y pronunciarnos a favor de la transformaci\u00f3n de la forma de producir y de consumir, donde se garantice la reducci\u00f3n de emisiones de carbono, una mayor resiliencia al clima como as\u00ed tambi\u00e9n trabajo decente y de calidad para todos los trabajadores y trabajadoras<\/i>\u201d, expresa el comunicado.\u00a0<\/span><\/p>\n<p class=\"p1\" style=\"text-align: justify;\"><span class=\"s1\">\u00a0<\/span><\/p>\n<p class=\"p1\" style=\"text-align: justify;\"><span class=\"s1\">Por \u00faltimo, fueron aprobadas dos declaraciones en donde se efect\u00faa un rechazo regional al TISA (Acuerdo sobre el comercio de servicios), y donde se repudia la pol\u00edtica represiva del gobierno paraguayo contra estudiantes y trabajadores y trabajadoras.\u00a0<\/span><\/p>\n<p>&nbsp;<\/p>\n","protected":false},"excerpt":{"rendered":"&nbsp; Luego de la reuni\u00f3n regional del Foro Consultivo Econ\u00f3mico-Social del Mercosur, a la que asisti\u00f3 Carlos Custer, asesor de la Secretar\u00eda de \n<a class=\"moretag\" href=\"https:\/\/ctainternacionales.org\/?p=3084\"> [...]<\/a>","protected":false},"author":1,"featured_media":0,"comment_status":"closed","ping_status":"closed","sticky":false,"template":"","format":"standard","meta":{"ngg_post_thumbnail":0,"footnotes":""},"categories":[],"tags":[],"class_list":["post-3084","post","type-post","status-publish","format-standard","hentry"],"_links":{"self":[{"href":"https:\/\/ctainternacionales.org\/index.php?rest_route=\/wp\/v2\/posts\/3084","targetHints":{"allow":["GET"]}}],"collection":[{"href":"https:\/\/ctainternacionales.org\/index.php?rest_route=\/wp\/v2\/posts"}],"about":[{"href":"https:\/\/ctainternacionales.org\/index.php?rest_route=\/wp\/v2\/types\/post"}],"author":[{"embeddable":true,"href":"https:\/\/ctainternacionales.org\/index.php?rest_route=\/wp\/v2\/users\/1"}],"replies":[{"embeddable":true,"href":"https:\/\/ctainternacionales.org\/index.php?rest_route=%2Fwp%2Fv2%2Fcomments&post=3084"}],"version-history":[{"count":1,"href":"https:\/\/ctainternacionales.org\/index.php?rest_route=\/wp\/v2\/posts\/3084\/revisions"}],"predecessor-version":[{"id":3085,"href":"https:\/\/ctainternacionales.org\/index.php?rest_route=\/wp\/v2\/posts\/3084\/revisions\/3085"}],"wp:attachment":[{"href":"https:\/\/ctainternacionales.org\/index.php?rest_route=%2Fwp%2Fv2%2Fmedia&parent=3084"}],"wp:term":[{"taxonomy":"category","embeddable":true,"href":"https:\/\/ctainternacionales.org\/index.php?rest_route=%2Fwp%2Fv2%2Fcategories&post=3084"},{"taxonomy":"post_tag","embeddable":true,"href":"https:\/\/ctainternacionales.org\/index.php?rest_route=%2Fwp%2Fv2%2Ftags&post=3084"}],"curies":[{"name":"wp","href":"https:\/\/api.w.org\/{rel}","templated":true}]}}