{"id":3059,"date":"2015-09-24T15:48:05","date_gmt":"2015-09-24T18:48:05","guid":{"rendered":"http:\/\/www.ctainternacionales.org\/?p=3059"},"modified":"2015-09-24T15:48:05","modified_gmt":"2015-09-24T18:48:05","slug":"la-coordinadora-de-centrales-sindicales-del-cono-sur-presentes-en-el-conflicto-la-limpena-paraguay","status":"publish","type":"post","link":"https:\/\/ctainternacionales.org\/?p=3059","title":{"rendered":"La coordinadora de Centrales Sindicales del Cono Sur Presentes en el conflicto La Limpe\u00f1a -PARAGUAY"},"content":{"rendered":"<p style=\"text-align: justify;\">El Secretario de Relaciones Internacionales de la CTA-A, Adolfo \u201cFito\u201d Aguirre, como parte de la comitiva de la Coordinadora de Centrales sindicales del Cono Sur, visit\u00f3 a los trabajadores de la l\u00ednea 49 del Paraguay quienes se encuentran realizando una medida de fuerza frente a los despidos arbitrarios que sufrieron de parte de la empesa \u201cLa Limpe\u00f1a\u201d. Adem\u00e1s, frente al conflicto no resuelto y la preocupaci\u00f3n y la solidaridad con los trabajadores del Paraguay, el 24 de septiembre la Coordinadora de Centrales Sindicales del Cono Sur, fue recibida por el Viceministro de Trabajo, C\u00e9sar Segovia.<!--more--><\/p>\n<p style=\"text-align: justify;\">\u00a0<a href=\"http:\/\/www.ctainternacionales.org\/wp-content\/uploads\/2015\/09\/10330362_635424533227586_3511616140868769621_n.jpg\"><img loading=\"lazy\" decoding=\"async\" class=\"aligncenter size-thumbnail wp-image-3060\" src=\"http:\/\/www.ctainternacionales.org\/wp-content\/uploads\/2015\/09\/10330362_635424533227586_3511616140868769621_n-307x172.jpg\" alt=\"10330362_635424533227586_3511616140868769621_n\" width=\"307\" height=\"172\" \/><\/a><\/p>\n<p style=\"text-align: justify;\">En el mes de julio, en Paraguay, 51 trabajadores de la l\u00ednea 49, cuya parada se encuentra situada en la Colonia Juan de Salazar de la ciudad de Limpio , fueron despedidos al intentar conformar un sindicato a fin de reclamar por mejores condiciones laborales. En total, 10 conductores de la empresa de transporte p\u00fablico decidieron realizar la extrema medida de crucificarse en reclamo contra los despidos injustificados.<\/p>\n<p style=\"text-align: justify;\">En la reuni\u00f3n con el Viceministro de Trabajo, la Coordinadora manifest\u00f3 su preocupaci\u00f3n por los trabajadores de la l\u00ednea 49 \u00abLa Limpe\u00f1a\u00bb, adem\u00e1s de pedir una soluci\u00f3n inmediata con la patronal, ya que los choferes est\u00e1n poniendo en riesgo su vida. La Coordinadora viene haciendo varias acciones en este sentido, entre las cuales la realizada el d\u00eda 15 de septiembre donde se realizaron manifestaciones frente a las embajadas paraguayas de los diferentes pa\u00edses de la regi\u00f3n. La coordinadora opta por el di\u00e1logo social como la mejor manera de resolver los conflictos, no as\u00ed, despidiendo injustificadamente a trabajadores por formar un sindicato como es el caso de la Linea 49.<\/p>\n<p style=\"text-align: justify;\">\n<p style=\"text-align: justify;\">El pasado 26 de agosto los trabajadores realizaron un reclamo frente al Ministerio de Trabajo para pedir su reincorporaci\u00f3n y que se respeten los derechos de libertad sindical; la respuesta por parte del gobierno fue una salvaje represi\u00f3n por parte de la fuerzas de seguridad. La investigaci\u00f3n fiscal fue abierta al d\u00eda siguiente del suceso. Varios sindicalistas incluso se reunieron con el fiscal general, Javier D\u00edaz Ver\u00f3n, a quienes presentaron una denuncia por la represi\u00f3n y solicitaron se remueva la responsable de su puesto. Numerosas personas resultaron heridas, principalmente por balines de goma, que les dieron en diversas partes del cuerpo incluso en la cara. Muchos de los heridos presentaban m\u00faltiples impactos de balines.<\/p>\n<p style=\"text-align: justify;\">Tambi\u00e9n en la C\u00e1mara de Diputados tuvo eco lo acontecido. La diputado Olga Ferreira de L\u00f3pez, presidenta de la Comisi\u00f3n de Derechos Humanos, solicit\u00f3 a la mesa directiva que eval\u00fae la posibilidad de convocar a los Ministros del Trabajo y del Interior Guillermo Sosa y Francisco De Vargas respectivamente, para que informen sobre lo sucedido.<a href=\"http:\/\/www.ctainternacionales.org\/wp-content\/uploads\/2015\/09\/11953240_635424483227591_6017424161880545142_n.jpg\"><img loading=\"lazy\" decoding=\"async\" class=\"aligncenter size-thumbnail wp-image-3063\" src=\"http:\/\/www.ctainternacionales.org\/wp-content\/uploads\/2015\/09\/11953240_635424483227591_6017424161880545142_n-307x172.jpg\" alt=\"11953240_635424483227591_6017424161880545142_n\" width=\"307\" height=\"172\" \/><\/a><\/p>\n<p style=\"text-align: justify;\">\n<p style=\"text-align: justify;\">El 1 de septiembre los trabajadores crucificados comienzaron una huelga de hambre para presionar al titular de la cartera de Estado sobre los despidos. Cabe recordar que el expediente para el reconocimiento del gremio de la l\u00ednea lleva m\u00e1s de un mes en el Ministerio. El art\u00edculo 300 del C\u00f3digo Laboral da un plazo de 30 d\u00edas a trabajadores de una firma para cuestionar la formaci\u00f3n de un sindicato. Nadie impugn\u00f3 la comisi\u00f3n directiva del sindicato de la L\u00ednea 49, salvo la patronal, pero Sosa, Ministro de Trabajo, no firm\u00f3 a\u00fan la resoluci\u00f3n respectiva.<\/p>\n<p style=\"text-align: justify;\">Cabe destacar, que la Coordinadora junto a otras centrales obreras tanto de Canad\u00e1, como de Europa, en el mes de noviembre ya se hab\u00edan hecho presentes en el Ministerio de Trabajo a fin de plantear la probl\u00e9matica de las demoras en el otorgamiento del reconocimiento gremial, lo que conlleva a que los trabajadores queden desprotegidos y expuestos a la violaci\u00f3n de la libertad sindical.<\/p>\n<p style=\"text-align: justify;\"><a href=\"http:\/\/www.ctainternacionales.org\/wp-content\/uploads\/2015\/09\/12049111_635423773227662_1016339083425469510_n.jpg\"><img loading=\"lazy\" decoding=\"async\" class=\"aligncenter size-thumbnail wp-image-3079\" src=\"http:\/\/www.ctainternacionales.org\/wp-content\/uploads\/2015\/09\/12049111_635423773227662_1016339083425469510_n-307x172.jpg\" alt=\"12049111_635423773227662_1016339083425469510_n\" width=\"307\" height=\"172\" \/><\/a><\/p>\n<p style=\"text-align: justify;\">El 15 de septiembre se realiz\u00f3 una jornada internacional de solidaridad frente a las distintas embajadas de Paraguay en la regi\u00f3n para exigir al gobierno paraguayo que cumpla con su obligaci\u00f3n de garantizar el ejercicio pleno de los derechos sindicales y atienda de forma inmediata las denuncias de los trabajadores despedidos de la empresa de transporte La Limpe\u00f1a, L\u00ednea 49. En Argentina dicho reclamo se realiz\u00f3 en las puertas de la Embajada. Adolfo \u201cFito\u201d Aguirre dijo al respecto: \u201cYo quiero reivindicar este nivel de solidaridad internacional del sindicalismo argentino, de parte de la CTA de los trabajadores, de la CGT y de nuestra Central. Creo que la solidaridad hoy es tan importante, que ma\u00f1ana en Paraguay las centrales sindicales se van a volver a movilizar para repudiar no solamente la represi\u00f3n sino las pol\u00edticas de Cartes, la criminalizaci\u00f3n de la protesta y van a seguir reclamando aumento salarial y libertad y democracia sindical como lo hacemos en todos los pa\u00edses\u201d.<\/p>\n<p>&nbsp;<\/p>\n<p>&nbsp;<\/p>\n","protected":false},"excerpt":{"rendered":"El Secretario de Relaciones Internacionales de la CTA-A, Adolfo \u201cFito\u201d Aguirre, como parte de la comitiva de la Coordinadora de Centrales sindicales del \n<a class=\"moretag\" href=\"https:\/\/ctainternacionales.org\/?p=3059\"> [...]<\/a>","protected":false},"author":1,"featured_media":0,"comment_status":"closed","ping_status":"closed","sticky":false,"template":"","format":"standard","meta":{"ngg_post_thumbnail":0,"footnotes":""},"categories":[],"tags":[],"class_list":["post-3059","post","type-post","status-publish","format-standard","hentry"],"_links":{"self":[{"href":"https:\/\/ctainternacionales.org\/index.php?rest_route=\/wp\/v2\/posts\/3059","targetHints":{"allow":["GET"]}}],"collection":[{"href":"https:\/\/ctainternacionales.org\/index.php?rest_route=\/wp\/v2\/posts"}],"about":[{"href":"https:\/\/ctainternacionales.org\/index.php?rest_route=\/wp\/v2\/types\/post"}],"author":[{"embeddable":true,"href":"https:\/\/ctainternacionales.org\/index.php?rest_route=\/wp\/v2\/users\/1"}],"replies":[{"embeddable":true,"href":"https:\/\/ctainternacionales.org\/index.php?rest_route=%2Fwp%2Fv2%2Fcomments&post=3059"}],"version-history":[{"count":1,"href":"https:\/\/ctainternacionales.org\/index.php?rest_route=\/wp\/v2\/posts\/3059\/revisions"}],"predecessor-version":[{"id":3080,"href":"https:\/\/ctainternacionales.org\/index.php?rest_route=\/wp\/v2\/posts\/3059\/revisions\/3080"}],"wp:attachment":[{"href":"https:\/\/ctainternacionales.org\/index.php?rest_route=%2Fwp%2Fv2%2Fmedia&parent=3059"}],"wp:term":[{"taxonomy":"category","embeddable":true,"href":"https:\/\/ctainternacionales.org\/index.php?rest_route=%2Fwp%2Fv2%2Fcategories&post=3059"},{"taxonomy":"post_tag","embeddable":true,"href":"https:\/\/ctainternacionales.org\/index.php?rest_route=%2Fwp%2Fv2%2Ftags&post=3059"}],"curies":[{"name":"wp","href":"https:\/\/api.w.org\/{rel}","templated":true}]}}