{"id":3056,"date":"2015-09-24T15:42:53","date_gmt":"2015-09-24T18:42:53","guid":{"rendered":"http:\/\/www.ctainternacionales.org\/?p=3056"},"modified":"2015-09-24T20:32:36","modified_gmt":"2015-09-24T23:32:36","slug":"participacion-de-la-cta-autonoma-de-la-plenaria-de-la-ccscs","status":"publish","type":"post","link":"https:\/\/ctainternacionales.org\/?p=3056","title":{"rendered":"Participaci\u00f3n de la CTA-Aut\u00f3noma de la plenaria de la CCSCS"},"content":{"rendered":"<p>En los d\u00edas 23 y 24 de septiembre , la CTA- Aut\u00f3noma particip\u00f3 a trav\u00e9s de su Secretario de Relaciones Internacionales, Adolfo \u201cFito\u201d Aguirre, de la plenaria de la Coordinadora de Centrales Sindicales del Cono Sur (CCSCS) que tuvo lugar en Asunci\u00f3n, Paraguay, luego de realizarse la reuni\u00f3n del Foro Consultivo Econ\u00f3mico Social del Mercosur que se realiz\u00f3 en la misma ciudad los d\u00edas 21 y 22 de septiembre, de la que particip\u00f3 Carlos Custer, asesor de la Secretar\u00eda de Relaciones Internacionales de la CTA-A, y donde se trataron diversos temas en relaci\u00f3n a la integraci\u00f3n regional.<a href=\"http:\/\/www.ctainternacionales.org\/wp-content\/uploads\/2015\/09\/IMG-20150924-WA0000-e1443120144277.jpg\"><img loading=\"lazy\" decoding=\"async\" class=\"aligncenter size-thumbnail wp-image-3057\" src=\"http:\/\/www.ctainternacionales.org\/wp-content\/uploads\/2015\/09\/IMG-20150924-WA0000-e1443120144277-307x172.jpg\" alt=\"IMG-20150924-WA0000\" width=\"307\" height=\"172\" \/><\/a><\/p>\n<p>La plenaria de la Coordinadora comenz\u00f3 con un \u201cTaller Sub-regional sobre Migraciones con Derechos\u201d, en l\u00ednea con la decisi\u00f3n adoptada por la CCSCS de incidir en la progresiva libertad de circulaci\u00f3n de personas en el Mercosur para alcanzar la ciudadan\u00eda regional . All\u00ed se discuti\u00f3 en base al Plan para Facilitar la Circulaci\u00f3n de Trabajadores en el MERCOSUR, y se intercambiaron opiniones en miras a establecer una estrategia sindical para abordar esta tem\u00e1tica.<\/p>\n<p>En funci\u00f3n de la agenda de la plenaria, se trataron diversos temas que afectan directamente a los trabajadores de la regi\u00f3n como ser la reciente Declaraci\u00f3n Socio Laboral del Mercosur; la participaci\u00f3n de la sociedad civil en el marco de la UNASUR; y la situaci\u00f3n de la regi\u00f3n con respecto a los tratados de libre comercio, en particular al TISA. En relaci\u00f3n a esto desde la Coordinadora se emiti\u00f3 una declaraci\u00f3n de rechazo regional a este tratado que pretende liberar los servicios p\u00fablicos. \u201cComo movimiento sindical debemos enfrentarnos firmemente a este tipo de tratados que buscan privatizar los servicios p\u00fablicos m\u00e1s elementales y convertirlos en mercanc\u00edas. Como hicimos con el ALCA hace 10 a\u00f1os, hoy tenemos que volver a decir no a los nuevos intentos de hacer negocios a costa de los trabajadores\u201d, expres\u00f3 Fito Aguirre.<\/p>\n<p>Asimismo, se realiz\u00f3 un balance del estado de avance de las acciones llevadas a cabo por las distintas comisiones de la Coordinadora en funci\u00f3n del plan de acci\u00f3n que fue recientemente adoptado, y en el que se incluyen tem\u00e1ticas tales como infancia, mujeres, educaci\u00f3n, Mercosur, entre otras.<\/p>\n","protected":false},"excerpt":{"rendered":"En los d\u00edas 23 y 24 de septiembre , la CTA- Aut\u00f3noma particip\u00f3 a trav\u00e9s de su Secretario de Relaciones Internacionales, Adolfo \u201cFito\u201d \n<a class=\"moretag\" href=\"https:\/\/ctainternacionales.org\/?p=3056\"> [...]<\/a>","protected":false},"author":1,"featured_media":0,"comment_status":"closed","ping_status":"closed","sticky":false,"template":"","format":"standard","meta":{"ngg_post_thumbnail":0,"footnotes":""},"categories":[],"tags":[],"class_list":["post-3056","post","type-post","status-publish","format-standard","hentry"],"_links":{"self":[{"href":"https:\/\/ctainternacionales.org\/index.php?rest_route=\/wp\/v2\/posts\/3056","targetHints":{"allow":["GET"]}}],"collection":[{"href":"https:\/\/ctainternacionales.org\/index.php?rest_route=\/wp\/v2\/posts"}],"about":[{"href":"https:\/\/ctainternacionales.org\/index.php?rest_route=\/wp\/v2\/types\/post"}],"author":[{"embeddable":true,"href":"https:\/\/ctainternacionales.org\/index.php?rest_route=\/wp\/v2\/users\/1"}],"replies":[{"embeddable":true,"href":"https:\/\/ctainternacionales.org\/index.php?rest_route=%2Fwp%2Fv2%2Fcomments&post=3056"}],"version-history":[{"count":4,"href":"https:\/\/ctainternacionales.org\/index.php?rest_route=\/wp\/v2\/posts\/3056\/revisions"}],"predecessor-version":[{"id":3083,"href":"https:\/\/ctainternacionales.org\/index.php?rest_route=\/wp\/v2\/posts\/3056\/revisions\/3083"}],"wp:attachment":[{"href":"https:\/\/ctainternacionales.org\/index.php?rest_route=%2Fwp%2Fv2%2Fmedia&parent=3056"}],"wp:term":[{"taxonomy":"category","embeddable":true,"href":"https:\/\/ctainternacionales.org\/index.php?rest_route=%2Fwp%2Fv2%2Fcategories&post=3056"},{"taxonomy":"post_tag","embeddable":true,"href":"https:\/\/ctainternacionales.org\/index.php?rest_route=%2Fwp%2Fv2%2Ftags&post=3056"}],"curies":[{"name":"wp","href":"https:\/\/api.w.org\/{rel}","templated":true}]}}