{"id":3050,"date":"2015-09-21T18:44:13","date_gmt":"2015-09-21T21:44:13","guid":{"rendered":"http:\/\/www.ctainternacionales.org\/?p=3050"},"modified":"2015-09-21T18:45:34","modified_gmt":"2015-09-21T21:45:34","slug":"lecciones-brasilenas","status":"publish","type":"post","link":"https:\/\/ctainternacionales.org\/?p=3050","title":{"rendered":"Lecciones brasile\u00f1as"},"content":{"rendered":"<p class=\"margen0\" style=\"color: #000000; text-align: justify;\"><a href=\"http:\/\/www.ctainternacionales.org\/wp-content\/uploads\/2015\/09\/images.jpg\"><img loading=\"lazy\" decoding=\"async\" class=\"aligncenter size-full wp-image-3051\" src=\"http:\/\/www.ctainternacionales.org\/wp-content\/uploads\/2015\/09\/images.jpg\" alt=\"images\" width=\"306\" height=\"165\" \/><\/a>Leer todo lo que se escribi\u00f3 sobre Brasil esta semana a prop\u00f3sito de la visita de Lula da Silva al pa\u00eds denota un cierto autismo anal\u00edtico, una continuidad voluntarista a prueba de hechos. Para cierto progresismo, Lula sigue siendo Gardel por las glorias del pasado. Haber sacado a millones de brasile\u00f1os de la pobreza es un logro que seguramente amerita el pedestal, pero resulta imposible desconocer que su pupila, Dilma Rousseff, est\u00e1 aplicando, con resultados desastrosos, un nuevo ajuste ortodoxo de consecuencias impredecibles para la continuidad de su gobierno. Un ajuste que Lula defiende con fruici\u00f3n y que, para empezar, ya llev\u00f3 a la econom\u00eda a la recesi\u00f3n, aument\u00f3 el desempleo y deterior\u00f3 todos los indicadores sociales. A pesar del esfuerzo fiscal, la confianza de los mercados que frenar\u00eda la fuga de capitales no apareci\u00f3 y el real se devalu\u00f3 fuertemente.<!--more--> El \u00fanico resultado cierto fue situar a la econom\u00eda un piso m\u00e1s abajo. No es un dato nuevo, es un proceso m\u00e1s conocido que la ruda, dir\u00edan en el campo. Los ajustes expansivos son casos excepcionales y muy particulares, como cuando se cre\u00f3 la eurozona. Claro que all\u00ed existi\u00f3 un factor que no suele estar presente en las econom\u00edas perif\u00e9ricas. Se estaba creando una nueva moneda de reserva mundial teniendo como respaldo a un grupo de los pa\u00edses m\u00e1s desarrollados del planeta, lo que gener\u00f3 una afluencia masiva de capitales. No parecen condiciones muy f\u00e1ciles de reproducir, ni para Brasil, ni para Argentina. Luego est\u00e1 la derecha vern\u00e1cula, cada vez con menos capacidad de reacci\u00f3n. La visi\u00f3n de nuestros liberales \u201ccentristas\u201d frente al caso brasile\u00f1o fue decir: \u201cVieron, ten\u00edamos raz\u00f3n\u201d. El lector se preguntar\u00e1, seguramente, en qu\u00e9 ten\u00edan raz\u00f3n. Bajo esta singular perspectiva Brasil \u201ctuvo que hacer un ajuste\u201d por sus excesos del pasado. Esta ser\u00eda la visi\u00f3n sanitarista del ajuste, algo as\u00ed como el ayuno despu\u00e9s de la comilona. El detalle de que como consecuencia del ajuste hasta se perdi\u00f3 el ponderado Grado de Inversi\u00f3n parece un dato accesorio. La idea es que al final del camino de las mejoras sociales est\u00e1 siempre el ajuste inevitable. Si no funciona en absoluto para alcanzar los objetivos declarados no importa, porque el objetivo real de los ajustes es siempre el disciplinamiento de la mano de obra, la mejora de la competitividad v\u00eda menores salarios, lo que se consigue bajando el nivel de actividad y el empleo. No es que los ortodoxos sean brutos.<\/p>\n<p style=\"color: #000000; text-align: justify;\">A pesar de los hechos, Lula se pase\u00f3 esta semana por Argentina, encima junto a Daniel Scioli y hasta la Presidenta, hablando de las bondades del ajuste fiscal. Su discurso lleg\u00f3 a un primitivismo pre keynesiano. Sostuvo que \u00e9l fue un trabajador durante 27 a\u00f1os y nunca gast\u00f3 por encima de su salario, uno de los silogismos contables m\u00e1s elementales de la ortodoxia.<\/p>\n<p style=\"color: #000000; text-align: justify;\">Pero m\u00e1s all\u00e1 de las lecturas \u201cargentinoc\u00e9ntricas\u201d, \u00bfcu\u00e1les podr\u00edan ser las lecciones de Brasil para el presente local? \u00bfO las de Argentina para Brasil? Una idea muy b\u00e1sica: as\u00ed como el ajuste fiscal produce una contracci\u00f3n del producto, la inversa tambi\u00e9n vale: si el producto se expande, el d\u00e9ficit se reduce. Si se quiere reducir el d\u00e9ficit, entonces hay que crecer. \u00bfLa \u00fanica manera de crecer es aumentando el gasto? En principio s\u00ed, pero tambi\u00e9n es posible hacerlo impulsando otros componentes de la demanda, como el consumo privado. Al respecto, existe para Brasil una propuesta de pol\u00edtica econ\u00f3mica de uno de los principales asesores de Daniel Scioli, Miguel Bein. Seguramente es un riesgo proponer pol\u00edticas para terceros pa\u00edses, pero es probable que Bein est\u00e9 habl\u00e1ndole al auditorio local, una manera de decir que \u00e9l no es ese liberal ortodoxo imaginado por el trotskismo de cabotaje. Bein parte de reconocer que vivi\u00f3 \u201cen carne propia\u201d, all\u00e1 por el 2000, el error de creer en la doctrina \u201cdel perro que se muerde la cola\u201d, del ajuste para buscar la esquiva confianza de los mercados. Cuenta que se lo dijo personalmente a Lula. Lo que propone el asesor sciolista, en un informe que se difundir\u00e1 en los pr\u00f3ximos d\u00edas, son lineamientos muy distintos a los que aplica Dilma. Empiezan por lo financiero y siguen por la demanda. Bein parte de que Brasil tiene un d\u00e9ficit fiscal primario, antes del pago de deuda, muy peque\u00f1o, pero dadas las alt\u00edsimas tasas que paga por su deuda en moneda propia, como consecuencia de su pol\u00edtica de metas de inflaci\u00f3n, el d\u00e9ficit financiero es importante. Los intereses de la deuda son de 7 puntos de PIB, una proporci\u00f3n que se encuentra entre las m\u00e1s altas del mundo y de la que casi 6 puntos son por su deuda en reales. Vale recordar que la deuda interna brasile\u00f1a ronda el 40 por ciento del PIB. En los gobiernos de Dilma la tasa S\u00e9lic pr\u00e1cticamente se duplic\u00f3, pas\u00f3 de unos 7,25 puntos a 14,25. Como a pesar de esa tasa el real igual se devalu\u00f3, la propuesta ahora es bajar agresivamente la S\u00e9lic, lo que efectivamente desplomar\u00eda el d\u00e9ficit financiero y, seg\u00fan el especialista, tendr\u00eda un efecto reactivante. A la vez no habr\u00eda fuga de capitales porque ya se fugaron. En este punto ser\u00eda una situaci\u00f3n similar a la de Argentina 2002, cuando la devaluaci\u00f3n ya se hab\u00eda producido. Con el actual nivel de tipo de cambio y la nueva se\u00f1al de reducci\u00f3n del d\u00e9ficit financiero, los capitales hasta podr\u00edan volver. Y ya que se habla de 2002 Bein va m\u00e1s all\u00e1, propone mejorar no s\u00f3lo el resultado financiero, sino el fiscal primario en 1,5 puntos v\u00eda retenciones \u201cno muy altas\u201d a las exportaciones primarias. Fuerte, pero tambi\u00e9n inevitable en un momento posdevaluatorio. Luego, como la reactivaci\u00f3n no llega s\u00f3lo por el lado de la oferta, la propuesta tambi\u00e9n incluye abaratar muy fuertemente el cr\u00e9dito al consumo, que hoy para los planes de 12 cuotas est\u00e1 en un impresionante 80 por ciento anual en un pa\u00eds que tiene 9,5 por ciento de inflaci\u00f3n, una suerte de Ahora 12 brasile\u00f1o. En pocas palabras, la propuesta es un programa expansivo. \u00bfLe gustar\u00e1 al banquero Joaquim Levy?.<\/p>\n","protected":false},"excerpt":{"rendered":"Leer todo lo que se escribi\u00f3 sobre Brasil esta semana a prop\u00f3sito de la visita de Lula da Silva al pa\u00eds denota un \n<a class=\"moretag\" href=\"https:\/\/ctainternacionales.org\/?p=3050\"> [...]<\/a>","protected":false},"author":1,"featured_media":0,"comment_status":"closed","ping_status":"closed","sticky":false,"template":"","format":"standard","meta":{"ngg_post_thumbnail":0,"footnotes":""},"categories":[],"tags":[],"class_list":["post-3050","post","type-post","status-publish","format-standard","hentry"],"_links":{"self":[{"href":"https:\/\/ctainternacionales.org\/index.php?rest_route=\/wp\/v2\/posts\/3050","targetHints":{"allow":["GET"]}}],"collection":[{"href":"https:\/\/ctainternacionales.org\/index.php?rest_route=\/wp\/v2\/posts"}],"about":[{"href":"https:\/\/ctainternacionales.org\/index.php?rest_route=\/wp\/v2\/types\/post"}],"author":[{"embeddable":true,"href":"https:\/\/ctainternacionales.org\/index.php?rest_route=\/wp\/v2\/users\/1"}],"replies":[{"embeddable":true,"href":"https:\/\/ctainternacionales.org\/index.php?rest_route=%2Fwp%2Fv2%2Fcomments&post=3050"}],"version-history":[{"count":2,"href":"https:\/\/ctainternacionales.org\/index.php?rest_route=\/wp\/v2\/posts\/3050\/revisions"}],"predecessor-version":[{"id":3054,"href":"https:\/\/ctainternacionales.org\/index.php?rest_route=\/wp\/v2\/posts\/3050\/revisions\/3054"}],"wp:attachment":[{"href":"https:\/\/ctainternacionales.org\/index.php?rest_route=%2Fwp%2Fv2%2Fmedia&parent=3050"}],"wp:term":[{"taxonomy":"category","embeddable":true,"href":"https:\/\/ctainternacionales.org\/index.php?rest_route=%2Fwp%2Fv2%2Fcategories&post=3050"},{"taxonomy":"post_tag","embeddable":true,"href":"https:\/\/ctainternacionales.org\/index.php?rest_route=%2Fwp%2Fv2%2Ftags&post=3050"}],"curies":[{"name":"wp","href":"https:\/\/api.w.org\/{rel}","templated":true}]}}