{"id":3035,"date":"2015-09-18T19:02:56","date_gmt":"2015-09-18T22:02:56","guid":{"rendered":"http:\/\/www.ctainternacionales.org\/?p=3035"},"modified":"2015-09-18T19:06:11","modified_gmt":"2015-09-18T22:06:11","slug":"paraguay-marcha-de-estudiantes-blindados-de-intereses-partidarios","status":"publish","type":"post","link":"https:\/\/ctainternacionales.org\/?p=3035","title":{"rendered":"PARAGUAY Marcha de estudiantes Blindados de intereses partidarios"},"content":{"rendered":"<p style=\"text-align: justify;\">La marcha estudiantil realizada hoy por alumnos de colegios p\u00fablicos y privados estuvo \u201cblindada de intereses de tintes religiosos, comerciales y pol\u00edtico-partidarios\u201d, resalt\u00f3 H\u00e9ctor Vera, de la Federaci\u00f3n Nacional de Estudiantes Secundarios (Fenaes).<!--more--><\/p>\n<p style=\"text-align: justify;\"><a href=\"http:\/\/www.ctainternacionales.org\/wp-content\/uploads\/2015\/09\/estudiantes-colmaron-las-plazas-del-congreso-_858_573_1281306.jpg\"><img loading=\"lazy\" decoding=\"async\" class=\"aligncenter size-thumbnail wp-image-3036\" src=\"http:\/\/www.ctainternacionales.org\/wp-content\/uploads\/2015\/09\/estudiantes-colmaron-las-plazas-del-congreso-_858_573_1281306-307x205.jpg\" alt=\"estudiantes-colmaron-las-plazas-del-congreso-_858_573_1281306\" width=\"307\" height=\"205\" \/><\/a><\/p>\n<p style=\"text-align: justify;\">El estudiante manifest\u00f3 que fue toda una fiesta la jornada de manifestaci\u00f3n en la que miles de j\u00f3venes marcharon por una mejor educaci\u00f3n en el pa\u00eds. \u201cFue una fiesta que quedar\u00e1 en las p\u00e1ginas de la historia\u201d, puntualiz\u00f3 Vera en conversaci\u00f3n con ABC Color.<\/p>\n<p style=\"text-align: justify;\">Destac\u00f3 adem\u00e1s que no hubo sectores pol\u00edticos que participaron de la actividad, en busca de alg\u00fan benecifio partidario. \u201cNosotros, desde un principio, quedamos en blindar la marcha de toda organizaci\u00f3n que tenga alg\u00fan inter\u00e9s religioso, comercial y pol\u00edtico-partidario\u201d, expres\u00f3.<\/p>\n<p style=\"text-align: justify;\">Consultado acerca de cu\u00e1l ser\u00e1 el siguiente paso tras la manifestaci\u00f3n, respondi\u00f3 que esperar una respuesta del Gobierno, que les d\u00e9 la garant\u00eda de que sus reclamos ser\u00e1n atendidos. \u201cUna muestra para garantizar que responder\u00e1n a nuestros reclamos es que metan presos a todos los que roban en el Gobierno y que ese dinero sea devuelto e invertido en la educaci\u00f3n\u201d, expres\u00f3 el integrante de la Fenaes.<\/p>\n<p style=\"text-align: justify;\">Los principales reclamos de los estudiantes son: el aumento del 7% del PIB de inversi\u00f3n en educaci\u00f3n; capacitaci\u00f3n docente; entrega de kits escolares en forma; almuerzo escolar para alumnos con doble turno; mayor infraestructura; jubilaci\u00f3n de docentes privados y boleto estudiantil universal para el sector p\u00fablico y privado.<\/p>\n","protected":false},"excerpt":{"rendered":"La marcha estudiantil realizada hoy por alumnos de colegios p\u00fablicos y privados estuvo \u201cblindada de intereses de tintes religiosos, comerciales y pol\u00edtico-partidarios\u201d, resalt\u00f3 \n<a class=\"moretag\" href=\"https:\/\/ctainternacionales.org\/?p=3035\"> [...]<\/a>","protected":false},"author":1,"featured_media":0,"comment_status":"closed","ping_status":"closed","sticky":false,"template":"","format":"standard","meta":{"ngg_post_thumbnail":0,"footnotes":""},"categories":[],"tags":[],"class_list":["post-3035","post","type-post","status-publish","format-standard","hentry"],"_links":{"self":[{"href":"https:\/\/ctainternacionales.org\/index.php?rest_route=\/wp\/v2\/posts\/3035","targetHints":{"allow":["GET"]}}],"collection":[{"href":"https:\/\/ctainternacionales.org\/index.php?rest_route=\/wp\/v2\/posts"}],"about":[{"href":"https:\/\/ctainternacionales.org\/index.php?rest_route=\/wp\/v2\/types\/post"}],"author":[{"embeddable":true,"href":"https:\/\/ctainternacionales.org\/index.php?rest_route=\/wp\/v2\/users\/1"}],"replies":[{"embeddable":true,"href":"https:\/\/ctainternacionales.org\/index.php?rest_route=%2Fwp%2Fv2%2Fcomments&post=3035"}],"version-history":[{"count":1,"href":"https:\/\/ctainternacionales.org\/index.php?rest_route=\/wp\/v2\/posts\/3035\/revisions"}],"predecessor-version":[{"id":3037,"href":"https:\/\/ctainternacionales.org\/index.php?rest_route=\/wp\/v2\/posts\/3035\/revisions\/3037"}],"wp:attachment":[{"href":"https:\/\/ctainternacionales.org\/index.php?rest_route=%2Fwp%2Fv2%2Fmedia&parent=3035"}],"wp:term":[{"taxonomy":"category","embeddable":true,"href":"https:\/\/ctainternacionales.org\/index.php?rest_route=%2Fwp%2Fv2%2Fcategories&post=3035"},{"taxonomy":"post_tag","embeddable":true,"href":"https:\/\/ctainternacionales.org\/index.php?rest_route=%2Fwp%2Fv2%2Ftags&post=3035"}],"curies":[{"name":"wp","href":"https:\/\/api.w.org\/{rel}","templated":true}]}}