{"id":3027,"date":"2015-09-16T21:38:32","date_gmt":"2015-09-17T00:38:32","guid":{"rendered":"http:\/\/www.ctainternacionales.org\/?p=3027"},"modified":"2015-09-16T21:44:31","modified_gmt":"2015-09-17T00:44:31","slug":"la-cta-autonoma-solidaria-con-los-trabajadores-de-paraguay","status":"publish","type":"post","link":"https:\/\/ctainternacionales.org\/?p=3027","title":{"rendered":"La CTA Aut\u00f3noma solidaria con los trabajadores de Paraguay"},"content":{"rendered":"<p style=\"text-align: justify;\">En el marco de la convocatoria internacional de acci\u00f3n en solidaridad con los trabajadores de la L\u00ednea 49 en Paraguay por parte de la CSI y CSA, la CTA Aut\u00f3noma moviliz\u00f3 ayer a las puertas de la embajada paraguaya en Buenos Aires. \u201cDesde el sindicalismo continental donde no vamos a dar ning\u00fan paso atr\u00e1s si alguien intenta hacernos perder derechos\u201d, afim\u00f3 Adolfo Aguirre, secretario de Relaciones Internacionales de la Central, durante la actividad en Buenos Aires.<!--more--><\/p>\n<p style=\"text-align: justify;\">Frente a la situaci\u00f3n de extrema gravedad de los trabajadores despedidos en un claro acto de persecuci\u00f3n sindical por la empresa de Transporte La Limpe\u00f1a SRL, L\u00ednea 49 de Paraguay, la CTA Aut\u00f3noma exigi\u00f3 al gobierno paraguayo que cumpla con su obligaci\u00f3n de garantizar el ejercicio pleno de los derechos sindicales y atienda de forma inmediata las denuncias de los trabajadores despedidos de la empresa de transporte La Limpe\u00f1a, L\u00ednea 49.<\/p>\n<p style=\"text-align: justify;\">Adolfo \u201cFito\u201d Aguirre dijo al respecto: \u201cYo quiero reivindicar este nivel de solidaridad internacional del sindicalismo argentino, de parte de la CTA de los trabajadores, de la CGT y de nuestra Central. Creo que la solidaridad hoy es tan importante, que ma\u00f1ana en Paraguay las centrales sindicales se van a volver a movilizar para repudiar no solamente la represi\u00f3n sino las pol\u00edticas de Cartes, la criminalizaci\u00f3n de la protesta y van a seguir reclamando aumento salarial y libertad y democracia sindical como lo hacemos en todos los pa\u00edses\u201d.<\/p>\n<p style=\"text-align: justify;\">Asimismo agreg\u00f3 que: \u201cEs por eso creo que el sindicalismo argentino, como lo indica su historia, siempre fue solidario con todos los trabajadores del mundo y hoy es una demostraci\u00f3n; tener el honor de que nos acompa\u00f1e nuestro Secretario General de la Confederaci\u00f3n Sindical de las Am\u00e9ricas, que muestra un camino del sindicalismo continental donde no vamos a dar ning\u00fan paso atr\u00e1s si alguien intenta hacernos perder derechos\u201d.<\/p>\n<p style=\"text-align: justify;\">\u201cAcciones como \u00e9sta vamos a hacer en cualquiera de las embajadas donde se pretenda hacer retroceder los derechos de los trabajadores en cualquier lugar del mundo, porque seguramente nosotros vamos a estar siempre acompa\u00f1ando la lucha de los trabajadores. Muchas gracias, mucha fuerza y el agradecimiento a quienes nos acompa\u00f1an de las dem\u00e1s organizaciones continentales\u201d, finaliz\u00f3 Aguirre. Luego, una comitiva que integraba Ricardo Peidro, secretario Adjunto de la CTA, ingres\u00f3 a la embajada a dejar una solicitada.<\/p>\n<p style=\"text-align: justify;\"><a href=\"http:\/\/www.ctainternacionales.org\/wp-content\/uploads\/2015\/09\/DSC0405.jpg\"><br \/>\n<\/a> <a href=\"http:\/\/www.ctainternacionales.org\/wp-content\/uploads\/2015\/09\/DSC0436.jpg\"><img loading=\"lazy\" decoding=\"async\" class=\"aligncenter size-thumbnail wp-image-3029\" src=\"http:\/\/www.ctainternacionales.org\/wp-content\/uploads\/2015\/09\/DSC0436-307x204.jpg\" alt=\"_DSC0436\" width=\"307\" height=\"204\" \/><\/a>Adem\u00e1s de Ricardo Peidro y Adolfo \u201cFito\u201d Aguirre, participaron de la acci\u00f3n Mario Barrios, Secretario de Acci\u00f3n Social; compa\u00f1eros y compa\u00f1eras de CTA Capital y CTA Buenos Aires, entre ellos Jos\u00e9 \u201cPepe\u201d Peralta y Alberto Gonz\u00e1lez; trabajadoras y trabajadores de los hospitales Moyano y Rivadavia; V\u00edctor B\u00e1ez, Secretario General de la Confederaci\u00f3n Sindical de las Am\u00e9ricas (CSA), Joselio Drummond, Secretario Regional de la PSI, representantes de la CLATE, dirigentes de la central uruguaya PIC CNT, etc\u00e9tera.<\/p>\n<p style=\"text-align: justify;\">El conflicto<br \/>\nRecordamos que a fin de hacer frente a una situaci\u00f3n laboral sumamente precaria (explotaci\u00f3n laboral, abusos de poder y tratos inhumanos, jornadas de trabajo excesivas, salarios por ronda, incumplimiento de la seguridad social y sueldo mensual), los choferes de la Empresa de Transporte la Limpe\u00f1a SRL. L\u00ednea 49 decidieron formar un sindicato para luchar por el resguardo y cumplimiento de sus derechos laborales y por la mejora de las condiciones de trabajo de todos los empleados de la empresa.<\/p>\n<p style=\"text-align: justify;\">El Sindicato fue creado el 22 de junio de 2015. El d\u00eda siguiente de informar a la empresa de la creaci\u00f3n del mismo, la patronal despidi\u00f3 masivamente y sin causa a 51 conductores integrantes del sindicato recientemente constituido; adem\u00e1s, solicit\u00f3 al Ministerio del Trabajo y Seguridad Social la revocaci\u00f3n del registro del Sindicato.<\/p>\n<p style=\"text-align: justify;\">Frente a este atropello a sus derechos al trabajo y a la libertad sindical, los trabajadores despedidos tomaron la decisi\u00f3n de realizar una medida de fuerza como es una huelga de hambre desde julio del presente a\u00f1o frente a los talleres de la empresa de transporte La Limpe\u00f1a.<a href=\"http:\/\/www.ctainternacionales.org\/wp-content\/uploads\/2015\/09\/DSC0405.jpg\"><img loading=\"lazy\" decoding=\"async\" class=\"aligncenter size-thumbnail wp-image-3028\" src=\"http:\/\/www.ctainternacionales.org\/wp-content\/uploads\/2015\/09\/DSC0405-307x204.jpg\" alt=\"_DSC0405\" width=\"307\" height=\"204\" \/><\/a><\/p>\n<p style=\"text-align: justify;\">El gobierno paraguayo no s\u00f3lo se ha mostrado insensible y con total falta de voluntad pol\u00edtica para atender las denuncias de las\/os trabajadoras\/es despedidos que ejercen esta medida de fuerza, sino que adem\u00e1s reprime de forma violenta las manifestaciones de las\/os trabajadoras\/es paraguayas\/os contra la constante negaci\u00f3n del ejercicio de los derechos sindicales.<\/p>\n<p style=\"text-align: justify;\">El d\u00eda 26 de agosto se produjo una violenta represi\u00f3n desatada por el gobierno paraguayo a manos de la polic\u00eda contra la pac\u00edfica manifestaci\u00f3n realizado frente al Ministerio del Trabajo, hiriendo con balines de goma y otras armas a hombres y mujeres que demandaban al gobierno reivindicaciones laborales e incluso golpeando violentamente a los trabajadores<\/p>\n","protected":false},"excerpt":{"rendered":"En el marco de la convocatoria internacional de acci\u00f3n en solidaridad con los trabajadores de la L\u00ednea 49 en Paraguay por parte de \n<a class=\"moretag\" href=\"https:\/\/ctainternacionales.org\/?p=3027\"> [...]<\/a>","protected":false},"author":1,"featured_media":0,"comment_status":"closed","ping_status":"closed","sticky":false,"template":"","format":"standard","meta":{"ngg_post_thumbnail":0,"footnotes":""},"categories":[],"tags":[],"class_list":["post-3027","post","type-post","status-publish","format-standard","hentry"],"_links":{"self":[{"href":"https:\/\/ctainternacionales.org\/index.php?rest_route=\/wp\/v2\/posts\/3027","targetHints":{"allow":["GET"]}}],"collection":[{"href":"https:\/\/ctainternacionales.org\/index.php?rest_route=\/wp\/v2\/posts"}],"about":[{"href":"https:\/\/ctainternacionales.org\/index.php?rest_route=\/wp\/v2\/types\/post"}],"author":[{"embeddable":true,"href":"https:\/\/ctainternacionales.org\/index.php?rest_route=\/wp\/v2\/users\/1"}],"replies":[{"embeddable":true,"href":"https:\/\/ctainternacionales.org\/index.php?rest_route=%2Fwp%2Fv2%2Fcomments&post=3027"}],"version-history":[{"count":1,"href":"https:\/\/ctainternacionales.org\/index.php?rest_route=\/wp\/v2\/posts\/3027\/revisions"}],"predecessor-version":[{"id":3030,"href":"https:\/\/ctainternacionales.org\/index.php?rest_route=\/wp\/v2\/posts\/3027\/revisions\/3030"}],"wp:attachment":[{"href":"https:\/\/ctainternacionales.org\/index.php?rest_route=%2Fwp%2Fv2%2Fmedia&parent=3027"}],"wp:term":[{"taxonomy":"category","embeddable":true,"href":"https:\/\/ctainternacionales.org\/index.php?rest_route=%2Fwp%2Fv2%2Fcategories&post=3027"},{"taxonomy":"post_tag","embeddable":true,"href":"https:\/\/ctainternacionales.org\/index.php?rest_route=%2Fwp%2Fv2%2Ftags&post=3027"}],"curies":[{"name":"wp","href":"https:\/\/api.w.org\/{rel}","templated":true}]}}